{"id":633338,"date":"2023-09-15T15:49:20","date_gmt":"2023-09-15T11:49:20","guid":{"rendered":"https:\/\/arantv.az\/?p=633338"},"modified":"2023-09-15T15:49:20","modified_gmt":"2023-09-15T11:49:20","slug":"prezident-ilham-%c9%99liyev-isgal-zamani-%c9%99razil%c9%99rimiz-beyn%c9%99lxalq-terrorcularin-hazirlanmasi-ucun-istifad%c9%99-edilib","status":"publish","type":"post","link":"https:\/\/arantv.az\/?p=633338","title":{"rendered":"Prezident \u0130lham \u018fliyev: \u201c\u0130\u015f\u011fal zaman\u0131 \u0259razil\u0259rimiz beyn\u0259lxalq terror\u00e7ular\u0131n haz\u0131rlanmas\u0131 \u00fc\u00e7\u00fcn istifad\u0259 edilib\u201d"},"content":{"rendered":"<p>Erm\u0259nistan Respublikas\u0131 30 il\u0259 yax\u0131n \u00f6lk\u0259mizin 20 faiz torpaqlar\u0131n\u0131 i\u015f\u011fal alt\u0131nda saxlam\u0131\u015fd\u0131r. F\u00fcrs\u0259td\u0259n istifad\u0259 ed\u0259r\u0259k, i\u015f\u011fal zaman\u0131 v\u0259 sonrak\u0131 m\u0259rh\u0259l\u0259d\u0259 Az\u0259rbaycan\u0131n \u0259dal\u0259tli m\u00f6vqeyini d\u0259st\u0259kl\u0259m\u0259kd\u0259 g\u00f6st\u0259rdikl\u0259ri prinsipial m\u00f6vqey\u0259 g\u00f6r\u0259 \u0130qtisadi \u018fm\u0259kda\u015fl\u0131q T\u0259\u015fkilat\u0131na (\u0130\u018fT) \u00fczv \u00f6lk\u0259l\u0259r\u0259 minn\u0259tdarl\u0131\u011f\u0131m\u0131 bildirm\u0259k ist\u0259yir\u0259m. Bu d\u00f6vr \u0259rzind\u0259 orada insanl\u0131q \u0259leyhin\u0259 v\u0259 h\u0259rbi cinay\u0259tl\u0259r t\u00f6r\u0259dilmi\u015f, etnik t\u0259mizl\u0259m\u0259 apar\u0131lm\u0131\u015f, h\u0259min \u0259razil\u0259rimiz narkotik vasit\u0259l\u0259rin yeti\u015fdirilm\u0259si v\u0259 da\u015f\u0131nmas\u0131, habel\u0259 beyn\u0259lxalq terror\u00e7ular\u0131n haz\u0131rlanmas\u0131 \u00fc\u00e7\u00fcn istifad\u0259 edilmi\u015fdir.<\/p>\n<p><a href=\"https:\/\/azertag.az\/xeber\/prezident_ilham_eliyev_isgal_zamani_erazilerimiz_beynelxalq_terrorchularin_hazirlanmasi_uchun_istifade_edilib-2749975\" target=\"_blank\" rel=\"noopener\">AZ\u018fRTAC<\/a>\u00a0x\u0259b\u0259r verir ki, bu fikirl\u0259r Az\u0259rbaycan Prezidenti\u00a0<strong>\u0130lham \u018fliyevin<\/strong>\u00a0\u0130\u018fT-\u0259 \u00fczv d\u00f6vl\u0259tl\u0259rin ba\u015f prokurorlar\u0131n\u0131n 4-c\u00fc iclas\u0131n\u0131n i\u015ftirak\u00e7\u0131lar\u0131na \u00fcnvanland\u0131\u011f\u0131 m\u0259ktubda yer al\u0131b.<\/p>\n<p>D\u00f6vl\u0259timizin ba\u015f\u00e7\u0131s\u0131 qeyd edib ki, 2020-ci ild\u0259 \u0259razil\u0259rimiz i\u015f\u011faldan azad edildikd\u0259n sonra Az\u0259rbaycan dig\u0259r \u00e7a\u011f\u0131r\u0131\u015flarla qar\u015f\u0131la\u015f\u0131b. \u00d6lk\u0259mizin \u015f\u0259h\u0259r v\u0259 k\u0259ndl\u0259ri Erm\u0259nistan t\u0259r\u0259find\u0259n q\u0259sd\u0259n da\u011f\u0131d\u0131l\u0131b, talan olunub, b\u00fct\u00fcn m\u0259d\u0259ni v\u0259 dini abid\u0259l\u0259r da\u011f\u0131d\u0131l\u0131b, m\u0259scidl\u0259r t\u0259hqir olunub, qar\u0259t edilib. Birinci Qaraba\u011f m\u00fcharib\u0259si v\u0259 sonrak\u0131 d\u00f6vrl\u0259rd\u0259 4 min\u0259 yax\u0131n insan itkin d\u00fc\u015f\u00fcb ki, onlar\u0131n taleyi il\u0259 ba\u011fl\u0131 qar\u015f\u0131 t\u0259r\u0259f h\u0259l\u0259 d\u0259 he\u00e7 bir m\u0259lumat vermir. Erm\u0259nistan i\u015f\u011fal etdiyi \u0259razil\u0259rimizd\u0259 bir milyona yax\u0131n mina basd\u0131r\u0131b, urbisid, kultursid v\u0259 ekosid cinay\u0259tl\u0259ri t\u00f6r\u0259dib. \u0130\u015f\u011fala son qoyulan kimi d\u00f6vl\u0259timiz b\u00fct\u00fcn g\u00fcc\u00fcn\u00fc s\u0259f\u0259rb\u0259r ed\u0259r\u0259k bu \u0259razil\u0259rd\u0259 geni\u015f quruculuq v\u0259 b\u0259rpa i\u015fl\u0259rin\u0259, erm\u0259ni vandalizminin n\u0259tic\u0259l\u0259rini aradan qald\u0131rma\u011fa ba\u015flay\u0131b.<\/p>\n<div id=\"22889818619\">\n<div id=\"google_ads_iframe_\/22785635315\/22890818619_0__container__\"><\/div>\n<\/div>\n<p>M\u00fcst\u0259qilliyini b\u0259rpa etdikd\u0259n sonra Az\u0259rbaycan\u0131n \u00fczv\u00fc oldu\u011fu ilk t\u0259\u015fkilatlardan birinin d\u0259 \u0130qtisadi \u018fm\u0259kda\u015fl\u0131q T\u0259\u015fkilat\u0131 oldu\u011funu qeyd ed\u0259n Prezident \u0130lham \u018fliyev \u0130\u018fT-in f\u0259al \u00fczv\u00fc kimi t\u0259\u015fkilata \u00fczv d\u00f6vl\u0259tl\u0259rl\u0259 dostluq v\u0259 qar\u015f\u0131l\u0131ql\u0131 h\u00f6rm\u0259t\u0259 \u0259saslanan \u0259m\u0259kda\u015fl\u0131\u011f\u0131m\u0131z\u0131n beyn\u0259lxalq platformalar \u00e7\u0259r\u00e7iv\u0259sind\u0259 d\u0259 u\u011furla inki\u015faf etm\u0259sini sevindirici hal adland\u0131r\u0131b.<\/p>\n","protected":false},"excerpt":{"rendered":"<p>Erm\u0259nistan Respublikas\u0131 30 il\u0259 yax\u0131n \u00f6lk\u0259mizin 20 faiz torpaqlar\u0131n\u0131 i\u015f\u011fal alt\u0131nda saxlam\u0131\u015fd\u0131r. F\u00fcrs\u0259td\u0259n istifad\u0259 ed\u0259r\u0259k, i\u015f\u011fal zaman\u0131 v\u0259 sonrak\u0131 m\u0259rh\u0259l\u0259d\u0259 Az\u0259rbaycan\u0131n \u0259dal\u0259tli m\u00f6vqeyini d\u0259st\u0259kl\u0259m\u0259kd\u0259 g\u00f6st\u0259rdikl\u0259ri prinsipial m\u00f6vqey\u0259 g\u00f6r\u0259 \u0130qtisadi \u018fm\u0259kda\u015fl\u0131q T\u0259\u015fkilat\u0131na (\u0130\u018fT) \u00fczv \u00f6lk\u0259l\u0259r\u0259 minn\u0259tdarl\u0131\u011f\u0131m\u0131 bildirm\u0259k ist\u0259yir\u0259m. Bu d\u00f6vr \u0259rzind\u0259 orada insanl\u0131q \u0259leyhin\u0259 v\u0259 h\u0259rbi cinay\u0259tl\u0259r t\u00f6r\u0259dilmi\u015f, etnik t\u0259mizl\u0259m\u0259 apar\u0131lm\u0131\u015f, h\u0259min \u0259razil\u0259rimiz narkotik vasit\u0259l\u0259rin yeti\u015fdirilm\u0259si v\u0259 da\u015f\u0131nmas\u0131, habel\u0259 beyn\u0259lxalq terror\u00e7ular\u0131n haz\u0131rlanmas\u0131 \u00fc\u00e7\u00fcn istifad\u0259 edilmi\u015fdir. AZ\u018fRTAC\u00a0x\u0259b\u0259r verir ki, bu fikirl\u0259r Az\u0259rbaycan Prezidenti\u00a0\u0130lham \u018fliyevin\u00a0\u0130\u018fT-\u0259 \u00fczv d\u00f6vl\u0259tl\u0259rin ba\u015f prokurorlar\u0131n\u0131n 4-c\u00fc iclas\u0131n\u0131n i\u015ftirak\u00e7\u0131lar\u0131na \u00fcnvanland\u0131\u011f\u0131 m\u0259ktubda yer al\u0131b. D\u00f6vl\u0259timizin ba\u015f\u00e7\u0131s\u0131 qeyd edib ki, 2020-ci ild\u0259&hellip;<\/p>\n","protected":false},"author":2,"featured_media":633342,"comment_status":"closed","ping_status":"closed","sticky":false,"template":"","format":"standard","meta":{"om_disable_all_campaigns":false,"_monsterinsights_skip_tracking":false,"_monsterinsights_sitenote_active":false,"_monsterinsights_sitenote_note":"","_monsterinsights_sitenote_category":0},"categories":[4],"tags":[],"aioseo_notices":[],"gutentor_comment":0,"rttpg_featured_image_url":{"full":["https:\/\/arantv.az\/wp-content\/uploads\/2023\/09\/iLHAM-E_LA\u00b0YEV-3.jpg",620,413,false],"landscape":["https:\/\/arantv.az\/wp-content\/uploads\/2023\/09\/iLHAM-E_LA\u00b0YEV-3.jpg",620,413,false],"portraits":["https:\/\/arantv.az\/wp-content\/uploads\/2023\/09\/iLHAM-E_LA\u00b0YEV-3.jpg",620,413,false],"thumbnail":["https:\/\/arantv.az\/wp-content\/uploads\/2023\/09\/iLHAM-E_LA\u00b0YEV-3-500x280.jpg",500,280,true],"medium":["https:\/\/arantv.az\/wp-content\/uploads\/2023\/09\/iLHAM-E_LA\u00b0YEV-3-548x365.jpg",548,365,true],"large":["https:\/\/arantv.az\/wp-content\/uploads\/2023\/09\/iLHAM-E_LA\u00b0YEV-3.jpg",620,413,false],"1536x1536":["https:\/\/arantv.az\/wp-content\/uploads\/2023\/09\/iLHAM-E_LA\u00b0YEV-3.jpg",620,413,false],"2048x2048":["https:\/\/arantv.az\/wp-content\/uploads\/2023\/09\/iLHAM-E_LA\u00b0YEV-3.jpg",620,413,false],"post-thumbnail":["https:\/\/arantv.az\/wp-content\/uploads\/2023\/09\/iLHAM-E_LA\u00b0YEV-3-240x172.jpg",240,172,true],"advps-thumb-one":["https:\/\/arantv.az\/wp-content\/uploads\/2023\/09\/iLHAM-E_LA\u00b0YEV-3.jpg",620,413,false]},"rttpg_author":{"display_name":"V\u00fcsal Rafiqo\u011flu","author_link":"https:\/\/arantv.az\/?author=2"},"rttpg_comment":0,"rttpg_category":"<a href=\"https:\/\/arantv.az\/?cat=4\" rel=\"category\">Siyas\u0259t<\/a>","rttpg_excerpt":"Erm\u0259nistan Respublikas\u0131 30 il\u0259 yax\u0131n \u00f6lk\u0259mizin 20 faiz torpaqlar\u0131n\u0131 i\u015f\u011fal alt\u0131nda saxlam\u0131\u015fd\u0131r. F\u00fcrs\u0259td\u0259n istifad\u0259 ed\u0259r\u0259k, i\u015f\u011fal zaman\u0131 v\u0259 sonrak\u0131 m\u0259rh\u0259l\u0259d\u0259 Az\u0259rbaycan\u0131n \u0259dal\u0259tli m\u00f6vqeyini d\u0259st\u0259kl\u0259m\u0259kd\u0259 g\u00f6st\u0259rdikl\u0259ri prinsipial m\u00f6vqey\u0259 g\u00f6r\u0259 \u0130qtisadi \u018fm\u0259kda\u015fl\u0131q T\u0259\u015fkilat\u0131na (\u0130\u018fT) \u00fczv \u00f6lk\u0259l\u0259r\u0259 minn\u0259tdarl\u0131\u011f\u0131m\u0131 bildirm\u0259k ist\u0259yir\u0259m. Bu d\u00f6vr \u0259rzind\u0259 orada insanl\u0131q \u0259leyhin\u0259 v\u0259 h\u0259rbi cinay\u0259tl\u0259r t\u00f6r\u0259dilmi\u015f, etnik t\u0259mizl\u0259m\u0259 apar\u0131lm\u0131\u015f, h\u0259min \u0259razil\u0259rimiz narkotik vasit\u0259l\u0259rin yeti\u015fdirilm\u0259si&hellip;","_links":{"self":[{"href":"https:\/\/arantv.az\/index.php?rest_route=\/wp\/v2\/posts\/633338"}],"collection":[{"href":"https:\/\/arantv.az\/index.php?rest_route=\/wp\/v2\/posts"}],"about":[{"href":"https:\/\/arantv.az\/index.php?rest_route=\/wp\/v2\/types\/post"}],"author":[{"embeddable":true,"href":"https:\/\/arantv.az\/index.php?rest_route=\/wp\/v2\/users\/2"}],"replies":[{"embeddable":true,"href":"https:\/\/arantv.az\/index.php?rest_route=%2Fwp%2Fv2%2Fcomments&post=633338"}],"version-history":[{"count":0,"href":"https:\/\/arantv.az\/index.php?rest_route=\/wp\/v2\/posts\/633338\/revisions"}],"wp:featuredmedia":[{"embeddable":true,"href":"https:\/\/arantv.az\/index.php?rest_route=\/wp\/v2\/media\/633342"}],"wp:attachment":[{"href":"https:\/\/arantv.az\/index.php?rest_route=%2Fwp%2Fv2%2Fmedia&parent=633338"}],"wp:term":[{"taxonomy":"category","embeddable":true,"href":"https:\/\/arantv.az\/index.php?rest_route=%2Fwp%2Fv2%2Fcategories&post=633338"},{"taxonomy":"post_tag","embeddable":true,"href":"https:\/\/arantv.az\/index.php?rest_route=%2Fwp%2Fv2%2Ftags&post=633338"}],"curies":[{"name":"wp","href":"https:\/\/api.w.org\/{rel}","templated":true}]}}