{"id":633341,"date":"2023-09-15T15:49:10","date_gmt":"2023-09-15T11:49:10","guid":{"rendered":"https:\/\/arantv.az\/?p=633341"},"modified":"2023-09-15T15:49:10","modified_gmt":"2023-09-15T11:49:10","slug":"xin-blinkenin-kom%c9%99kcisinin-abs-senatinda-s%c9%99sl%c9%99ndirdiyi-iddialara-cavab-verib","status":"publish","type":"post","link":"https:\/\/arantv.az\/?p=633341","title":{"rendered":"X\u0130N Blinkenin k\u00f6m\u0259k\u00e7isinin AB\u015e Senat\u0131nda s\u0259sl\u0259ndirdiyi iddialara cavab verib"},"content":{"rendered":"<p>\u201c\u0130lk n\u00f6vb\u0259d\u0259, qeyd olunan dinl\u0259m\u0259l\u0259rin t\u0259\u015f\u0259bb\u00fcskar\u0131 v\u0259 t\u0259\u015fkilat\u00e7\u0131s\u0131n\u0131n \u00f6lk\u0259miz\u0259 qar\u015f\u0131 \u0259n\u0259n\u0259vi d\u00fc\u015fm\u0259n m\u00f6vqeyi il\u0259 se\u00e7il\u0259n, erm\u0259nip\u0259r\u0259st senator Robert Menendez oldu\u011fu m\u0259lumdur. S\u00f6z\u00fcged\u0259n senatora qar\u015f\u0131 korrupsiya ittihamlar\u0131n\u0131n m\u00f6vcud oldu\u011fu v\u0259 istintaq prosesinin apar\u0131ld\u0131\u011f\u0131 bir d\u00f6vrd\u0259, bu \u015f\u0259xsin h\u0259l\u0259 d\u0259 erm\u0259ni diasporunun radikal n\u00fcmay\u0259nd\u0259l\u0259rinin saxta iddialar\u0131n\u0131 \u0259sas g\u00f6t\u00fcrm\u0259kl\u0259 Az\u0259rbaycana qar\u015f\u0131 f\u0259aliyy\u0259tl\u0259 m\u0259\u015f\u011ful olmas\u0131 qeyd edil\u0259n \u015f\u0259xs \u00fc\u00e7\u00fcn siyasi etik qaydalar\u0131n yad m\u0259fhum oldu\u011funu n\u00f6vb\u0259ti d\u0259f\u0259 s\u00fcbut edir\u201d.<\/p>\n<p><strong>ARANTV.AZ <\/strong>\u00a0x\u0259b\u0259r verir ki, bu bar\u0259d\u0259 Xarici \u0130\u015fl\u0259r Nazirliyinin m\u0259tbuat katibi Ayxan Hac\u0131zad\u0259nin AB\u015e Senat\u0131nda d\u00f6vl\u0259t katibinin Avropa v\u0259 Avrasiya m\u0259s\u0259l\u0259l\u0259ri \u00fczr\u0259 k\u00f6m\u0259k\u00e7isi v.i.e. Yuri Kimin i\u015ftirak\u0131 il\u0259 ke\u00e7irilmi\u015f dinl\u0259m\u0259l\u0259rd\u0259 s\u0259sl\u0259ndiril\u0259n iddialara dair \u015f\u0259rhind\u0259 deyilir.<\/p>\n<p>AB\u015e d\u00f6vl\u0259t katibinin Avropa v\u0259 Avrasiya m\u0259s\u0259l\u0259l\u0259ri \u00fczr\u0259 k\u00f6m\u0259k\u00e7isi v\u0259zif\u0259l\u0259rini icra ed\u0259n Yuri Kimin s\u0259sl\u0259ndirdiyi, \u00fcmumiyy\u0259tl\u0259 post-m\u00fcnaqi\u015f\u0259 d\u00f6vr\u00fcnd\u0259 b\u00f6lg\u0259d\u0259 m\u00f6vcud v\u0259ziyy\u0259t v\u0259 reall\u0131qlar\u0131 \u0259ks etdirm\u0259y\u0259n fikirl\u0259ri is\u0259 sad\u0259c\u0259 m\u0259yusluq do\u011furur.<\/p>\n<p>Bu fikirl\u0259r, 1 sentyabr 2023-c\u00fc il tarixind\u0259 Az\u0259rbaycan Respublikas\u0131n\u0131n Prezidenti \u0130lham \u018fliyev v\u0259 AB\u015e d\u00f6vl\u0259t katibi Antoni Blinken aras\u0131nda t\u0259maslar zaman\u0131 A\u011fdam-Xank\u0259ndi v\u0259 La\u00e7\u0131n-Xank\u0259ndi yollar\u0131ndan eyni vaxtda istifad\u0259 m\u0259s\u0259l\u0259sind\u0259 raz\u0131la\u015fma il\u0259 ziddiyy\u0259t t\u0259\u015fkil etm\u0259kl\u0259 yana\u015f\u0131, t\u0259\u0259ss\u00fcf ki, \u00f6z\u00fcnd\u0259 Erm\u0259nistan\u0131n Az\u0259rbaycana qar\u015f\u0131 b\u00fct\u00fcn d\u00fcnyada qarayaxma kampaniyas\u0131n\u0131n elementl\u0259rini ehtiva edir. AB\u015e t\u0259r\u0259finin d\u0259 vasit\u0259\u00e7iliyi il\u0259 icra edilm\u0259si n\u0259z\u0259rd\u0259 tutulan bu raz\u0131la\u015fman\u0131n Erm\u0259nistan v\u0259 onun yaratd\u0131\u011f\u0131 qondarma rejim t\u0259r\u0259find\u0259n pozulmas\u0131 v\u0259 bununla \u201cblokada v\u0259 humanitar v\u0259ziyy\u0259t\u201d il\u0259 ba\u011fl\u0131 iddialar\u0131n \u0259sass\u0131z oldu\u011fu AB\u015e t\u0259r\u0259fin\u0259 yax\u015f\u0131 m\u0259lumdur.<\/p>\n<p>Erm\u0259nistan v\u0259 Az\u0259rbaycan aras\u0131nda m\u00fcharib\u0259nin bitm\u0259diyini iddia ed\u0259n xan\u0131m Kim\u0259 xat\u0131rlatmaq ist\u0259rdik ki, 10 noyabr 2020-ci il tarixind\u0259 imzalanm\u0131\u015f \u00dc\u00e7t\u0259r\u0259fli B\u0259yanatdan sonra t\u0259r\u0259fimizd\u0259n h\u0259r iki d\u00f6vl\u0259tin \u0259razi b\u00fct\u00f6vl\u00fcy\u00fc v\u0259 suverenliyi \u0259sas\u0131nda qar\u015f\u0131 t\u0259r\u0259f\u0259 s\u00fclh t\u0259klif edilib. Az\u0259rbaycan\u0131n t\u0259\u015f\u0259bb\u00fcs\u00fc il\u0259 ba\u015flayan, beyn\u0259lxalq t\u0259r\u0259fda\u015flar\u0131n, o c\u00fcml\u0259d\u0259n AB\u015e-\u0131n d\u0259st\u0259yi il\u0259 s\u00fclh m\u00fcqavil\u0259si \u0259traf\u0131nda ikit\u0259r\u0259fli dan\u0131\u015f\u0131qlar prosesinin m\u00f6vcudlu\u011fu post-m\u00fcharib\u0259 v\u0259 post-m\u00fcnaqi\u015f\u0259 d\u00f6vr\u00fcn\u00fcn t\u0259m\u0259l prosesidir.<\/p>\n<p>T\u0259\u0259ss\u00fcf ki, m\u00fcharib\u0259 v\u0259 m\u00fcnaqi\u015f\u0259 bits\u0259 d\u0259, bitm\u0259y\u0259n v\u0259 b\u00f6lg\u0259d\u0259 s\u00fclh v\u0259 sabitliy\u0259 \u0259ng\u0259l t\u00f6r\u0259d\u0259n Erm\u0259nistan\u0131n 30 il\u0259 yax\u0131n i\u015f\u011fal d\u00f6vr\u00fcnd\u0259 oldu\u011fu kimi dan\u0131\u015f\u0131qlar\u0131n imitasiyas\u0131 v\u0259 davaml\u0131 h\u0259rbi-siyasi t\u0259xribatlar il\u0259 m\u0259\u015f\u011ful olmas\u0131d\u0131r. Bu bax\u0131mdan, 30 illik m\u00fcnaqi\u015f\u0259d\u0259n sonra yaranm\u0131\u015f tarixi f\u00fcrs\u0259tin dan\u0131lmas\u0131 yerin\u0259, Erm\u0259nistan\u0131n t\u00f6r\u0259tdiyi t\u0259xribatlar\u0131n dayand\u0131r\u0131lmas\u0131n\u0131n, \u0259n \u0259sas\u0131 is\u0259 Az\u0259rbaycan \u0259razil\u0259rind\u0259n h\u0259l\u0259 d\u0259 \u00e7\u0131xar\u0131lmayan erm\u0259ni silahl\u0131 q\u00fcvv\u0259l\u0259rinin \u0259razil\u0259rimizi d\u0259rhal t\u0259rk etm\u0259sinin t\u0259l\u0259b olunmas\u0131n\u0131n vacib v\u0259 \u0259dal\u0259tli oldu\u011funa inan\u0131r v\u0259 AB\u015e t\u0259r\u0259fini bu m\u00f6vqed\u0259n \u00e7\u0131x\u0131\u015f etm\u0259y\u0259 \u00e7a\u011f\u0131r\u0131r\u0131q.<\/p>\n<p>Qaraba\u011f b\u00f6lg\u0259sind\u0259 ya\u015fayan erm\u0259ni sakinl\u0259rl\u0259 ba\u011fl\u0131 \u201cDa\u011fl\u0131q Qaraba\u011f\u0131n erm\u0259ni xalq\u0131\u201dn\u0131n h\u00fcquq v\u0259 t\u0259hl\u00fck\u0259sizlikl\u0259rinin s\u00fclh m\u00fcqavil\u0259sind\u0259 \u00f6z \u0259ksini tapmas\u0131na istinad edilm\u0259si, \u00f6z\u00fcnd\u0259 Erm\u0259nistan\u0131n m\u0259qs\u0259dy\u00f6nl\u00fc \u015f\u0259kild\u0259 \u0259razil\u0259rimizd\u0259 separatizmi t\u0259\u015fviq m\u0259qs\u0259dil\u0259 istifad\u0259 etdiyi terminologiyan\u0131 ehtiva etm\u0259kl\u0259 \u0259razi b\u00fct\u00f6vl\u00fcy\u00fcm\u00fcz v\u0259 suverenliyimiz\u0259 zidddir. Eyni zamanda, bu istinad Erm\u0259nistan\u0131n etnik t\u0259mizl\u0259m\u0259 v\u0259 soyq\u0131r\u0131m\u0131 siyas\u0259ti n\u0259tic\u0259sind\u0259 h\u0259min b\u00f6lg\u0259d\u0259n did\u0259rgin d\u00fc\u015f\u0259n Az\u0259rbaycanl\u0131lar\u0131n da h\u00fcquqlar\u0131na h\u00f6rm\u0259tsizlikdir. Hal-haz\u0131rda Qaraba\u011f b\u00f6lg\u0259sind\u0259 ya\u015fayan erm\u0259ni sakinl\u0259rin he\u00e7 d\u0259 h\u0259min b\u00f6lg\u0259nin \u0259halisinin b\u00fct\u00fcn seqmentl\u0259rini t\u0259msil etm\u0259diyini qar\u015f\u0131 t\u0259r\u0259f\u0259 xat\u0131rlatmaq ist\u0259rdik.<\/p>\n<p>\u201cH\u0259rbi h\u00fccum\u201d iddias\u0131 il\u0259 ba\u011fl\u0131 is\u0259 Erm\u0259nistandan f\u0259rqli olaraq, Az\u0259rbaycan\u0131n he\u00e7 vaxt m\u00fclki \u0259haliy\u0259 qar\u015f\u0131 g\u00fcc t\u0259tbiq etm\u0259diyini vur\u011fulayaraq, \u0259ksin\u0259 milli s\u0259viyy\u0259d\u0259 erm\u0259ni sakinl\u0259rimizin c\u0259miyy\u0259timiz\u0259 reinteqrasiyas\u0131 sah\u0259sind\u0259 t\u0259dbirl\u0259rin g\u00f6r\u00fcld\u00fcy\u00fc, bu istiqam\u0259td\u0259 Erm\u0259nistan v\u0259 onun qondarma qurumu t\u0259r\u0259find\u0259n t\u00f6r\u0259dil\u0259n mane\u0259l\u0259r\u0259 baxmayaraq, q\u0259rarl\u0131 oldu\u011fumuzu bildiririk. Reinteqrasiya prosesi \u00f6lk\u0259mizin daxili m\u0259s\u0259l\u0259sidir v\u0259 daxili i\u015fl\u0259rimiz\u0259 m\u00fcdaxil\u0259 q\u0259bulolunmazd\u0131r.<\/p>\n<p>AB\u015e t\u0259r\u0259finin timsal\u0131nda beyn\u0259lxalq ictimaiyy\u0259t\u0259, Erm\u0259nistan\u0131n qarayaxma kampaniyas\u0131na uymayaraq, b\u00f6lg\u0259d\u0259 qeyri-sabitliy\u0259 t\u00f6hf\u0259 ver\u0259n bu kimi add\u0131mlar\u0131n bir par\u00e7as\u0131 olmama\u011f\u0131 t\u00f6vsiy\u0259 edirik.<\/p>\n","protected":false},"excerpt":{"rendered":"<p>\u201c\u0130lk n\u00f6vb\u0259d\u0259, qeyd olunan dinl\u0259m\u0259l\u0259rin t\u0259\u015f\u0259bb\u00fcskar\u0131 v\u0259 t\u0259\u015fkilat\u00e7\u0131s\u0131n\u0131n \u00f6lk\u0259miz\u0259 qar\u015f\u0131 \u0259n\u0259n\u0259vi d\u00fc\u015fm\u0259n m\u00f6vqeyi il\u0259 se\u00e7il\u0259n, erm\u0259nip\u0259r\u0259st senator Robert Menendez oldu\u011fu m\u0259lumdur. S\u00f6z\u00fcged\u0259n senatora qar\u015f\u0131 korrupsiya ittihamlar\u0131n\u0131n m\u00f6vcud oldu\u011fu v\u0259 istintaq prosesinin apar\u0131ld\u0131\u011f\u0131 bir d\u00f6vrd\u0259, bu \u015f\u0259xsin h\u0259l\u0259 d\u0259 erm\u0259ni diasporunun radikal n\u00fcmay\u0259nd\u0259l\u0259rinin saxta iddialar\u0131n\u0131 \u0259sas g\u00f6t\u00fcrm\u0259kl\u0259 Az\u0259rbaycana qar\u015f\u0131 f\u0259aliyy\u0259tl\u0259 m\u0259\u015f\u011ful olmas\u0131 qeyd edil\u0259n \u015f\u0259xs \u00fc\u00e7\u00fcn siyasi etik qaydalar\u0131n yad m\u0259fhum oldu\u011funu n\u00f6vb\u0259ti d\u0259f\u0259 s\u00fcbut edir\u201d. ARANTV.AZ \u00a0x\u0259b\u0259r verir ki, bu bar\u0259d\u0259 Xarici \u0130\u015fl\u0259r Nazirliyinin m\u0259tbuat katibi Ayxan Hac\u0131zad\u0259nin AB\u015e Senat\u0131nda d\u00f6vl\u0259t katibinin Avropa v\u0259 Avrasiya m\u0259s\u0259l\u0259l\u0259ri \u00fczr\u0259 k\u00f6m\u0259k\u00e7isi v.i.e. Yuri&hellip;<\/p>\n","protected":false},"author":2,"featured_media":557829,"comment_status":"closed","ping_status":"closed","sticky":false,"template":"","format":"standard","meta":{"om_disable_all_campaigns":false,"_monsterinsights_skip_tracking":false,"_monsterinsights_sitenote_active":false,"_monsterinsights_sitenote_note":"","_monsterinsights_sitenote_category":0},"categories":[4],"tags":[],"aioseo_notices":[],"gutentor_comment":0,"rttpg_featured_image_url":{"full":["https:\/\/arantv.az\/wp-content\/uploads\/2023\/01\/XIN.jpg",975,540,false],"landscape":["https:\/\/arantv.az\/wp-content\/uploads\/2023\/01\/XIN.jpg",975,540,false],"portraits":["https:\/\/arantv.az\/wp-content\/uploads\/2023\/01\/XIN.jpg",975,540,false],"thumbnail":["https:\/\/arantv.az\/wp-content\/uploads\/2023\/01\/XIN-500x280.jpg",500,280,true],"medium":["https:\/\/arantv.az\/wp-content\/uploads\/2023\/01\/XIN-660x365.jpg",660,365,true],"large":["https:\/\/arantv.az\/wp-content\/uploads\/2023\/01\/XIN-840x465.jpg",640,354,true],"1536x1536":["https:\/\/arantv.az\/wp-content\/uploads\/2023\/01\/XIN.jpg",975,540,false],"2048x2048":["https:\/\/arantv.az\/wp-content\/uploads\/2023\/01\/XIN.jpg",975,540,false],"post-thumbnail":["https:\/\/arantv.az\/wp-content\/uploads\/2023\/01\/XIN-240x172.jpg",240,172,true],"advps-thumb-one":["https:\/\/arantv.az\/wp-content\/uploads\/2023\/01\/XIN.jpg",975,540,false]},"rttpg_author":{"display_name":"V\u00fcsal Rafiqo\u011flu","author_link":"https:\/\/arantv.az\/?author=2"},"rttpg_comment":0,"rttpg_category":"<a href=\"https:\/\/arantv.az\/?cat=4\" rel=\"category\">Siyas\u0259t<\/a>","rttpg_excerpt":"\u201c\u0130lk n\u00f6vb\u0259d\u0259, qeyd olunan dinl\u0259m\u0259l\u0259rin t\u0259\u015f\u0259bb\u00fcskar\u0131 v\u0259 t\u0259\u015fkilat\u00e7\u0131s\u0131n\u0131n \u00f6lk\u0259miz\u0259 qar\u015f\u0131 \u0259n\u0259n\u0259vi d\u00fc\u015fm\u0259n m\u00f6vqeyi il\u0259 se\u00e7il\u0259n, erm\u0259nip\u0259r\u0259st senator Robert Menendez oldu\u011fu m\u0259lumdur. S\u00f6z\u00fcged\u0259n senatora qar\u015f\u0131 korrupsiya ittihamlar\u0131n\u0131n m\u00f6vcud oldu\u011fu v\u0259 istintaq prosesinin apar\u0131ld\u0131\u011f\u0131 bir d\u00f6vrd\u0259, bu \u015f\u0259xsin h\u0259l\u0259 d\u0259 erm\u0259ni diasporunun radikal n\u00fcmay\u0259nd\u0259l\u0259rinin saxta iddialar\u0131n\u0131 \u0259sas g\u00f6t\u00fcrm\u0259kl\u0259 Az\u0259rbaycana qar\u015f\u0131 f\u0259aliyy\u0259tl\u0259 m\u0259\u015f\u011ful olmas\u0131 qeyd edil\u0259n \u015f\u0259xs \u00fc\u00e7\u00fcn&hellip;","_links":{"self":[{"href":"https:\/\/arantv.az\/index.php?rest_route=\/wp\/v2\/posts\/633341"}],"collection":[{"href":"https:\/\/arantv.az\/index.php?rest_route=\/wp\/v2\/posts"}],"about":[{"href":"https:\/\/arantv.az\/index.php?rest_route=\/wp\/v2\/types\/post"}],"author":[{"embeddable":true,"href":"https:\/\/arantv.az\/index.php?rest_route=\/wp\/v2\/users\/2"}],"replies":[{"embeddable":true,"href":"https:\/\/arantv.az\/index.php?rest_route=%2Fwp%2Fv2%2Fcomments&post=633341"}],"version-history":[{"count":0,"href":"https:\/\/arantv.az\/index.php?rest_route=\/wp\/v2\/posts\/633341\/revisions"}],"wp:featuredmedia":[{"embeddable":true,"href":"https:\/\/arantv.az\/index.php?rest_route=\/wp\/v2\/media\/557829"}],"wp:attachment":[{"href":"https:\/\/arantv.az\/index.php?rest_route=%2Fwp%2Fv2%2Fmedia&parent=633341"}],"wp:term":[{"taxonomy":"category","embeddable":true,"href":"https:\/\/arantv.az\/index.php?rest_route=%2Fwp%2Fv2%2Fcategories&post=633341"},{"taxonomy":"post_tag","embeddable":true,"href":"https:\/\/arantv.az\/index.php?rest_route=%2Fwp%2Fv2%2Ftags&post=633341"}],"curies":[{"name":"wp","href":"https:\/\/api.w.org\/{rel}","templated":true}]}}