{"id":633348,"date":"2023-09-15T15:57:11","date_gmt":"2023-09-15T11:57:11","guid":{"rendered":"https:\/\/arantv.az\/?p=633348"},"modified":"2023-09-15T15:57:11","modified_gmt":"2023-09-15T11:57:11","slug":"transmilli-cinay%c9%99tkarliqla-mubariz%c9%99d%c9%99-prokurorluq-orqanlarinin-qarsiliqli-%c9%99m%c9%99kdasligi-%c9%99h%c9%99miyy%c9%99t-dasiyir","status":"publish","type":"post","link":"https:\/\/arantv.az\/?p=633348","title":{"rendered":"\u201cTransmilli cinay\u0259tkarl\u0131qla m\u00fcbariz\u0259d\u0259 prokurorluq orqanlar\u0131n\u0131n qar\u015f\u0131l\u0131ql\u0131 \u0259m\u0259kda\u015fl\u0131\u011f\u0131 \u0259h\u0259miyy\u0259t da\u015f\u0131y\u0131r\u201d"},"content":{"rendered":"<p>\u201cH\u0259r bir d\u00f6vl\u0259td\u0259 xalq\u0131n rifah\u0131n\u0131n t\u0259min edilm\u0259sini \u015f\u0259rtl\u0259ndir\u0259n iqtisadi inki\u015faf v\u0259 h\u00fcquq qaydas\u0131n\u0131n m\u00f6vcudlu\u011fudur. Cinay\u0259tkarl\u0131q qeyd olunan amill\u0259r\u0259 ciddi t\u0259hl\u00fck\u0259 olmaqla beyn\u0259lxalq s\u0259viyy\u0259d\u0259 m\u00fcbariz\u0259nin apar\u0131lmas\u0131n\u0131 t\u0259l\u0259b ed\u0259n fenomendir. Bu sah\u0259d\u0259, x\u00fcsusil\u0259 transmilli cinay\u0259tkarl\u0131qla m\u00fcbariz\u0259d\u0259 prokurorluq orqanlar\u0131n\u0131n qar\u015f\u0131l\u0131ql\u0131 \u0259m\u0259kda\u015fl\u0131q \u015f\u0259raitind\u0259 f\u0259aliyy\u0259t g\u00f6st\u0259rm\u0259si m\u00fch\u00fcm \u0259h\u0259miyy\u0259t k\u0259sb edir\u201d.<\/p>\n<p><a href=\"https:\/\/azertag.az\/xeber\/prezident_transmilli_cinayetkarliqla_mubarizede_prokurorluq_orqanlarinin_qarsiliqli_emekdasliq_seraitinde_fealiyyeti_muhum_ehemiyyet_dasiyir-2749978\" target=\"_blank\" rel=\"noopener\">AZ\u018fRTAC<\/a>\u00a0x\u0259b\u0259r verir ki, bu fikirl\u0259r Az\u0259rbaycan Prezidenti<strong>\u00a0\u0130lham \u018fliyevin\u00a0<\/strong>\u0130qtisadi \u018fm\u0259kda\u015fl\u0131q T\u0259\u015fkilat\u0131na (\u0130\u018fT) \u00fczv d\u00f6vl\u0259tl\u0259rin ba\u015f prokurorlar\u0131n\u0131n sentyabr\u0131n 15-d\u0259 Bak\u0131da ke\u00e7iril\u0259n 4-c\u00fc iclas\u0131n\u0131n i\u015ftirak\u00e7\u0131lar\u0131na \u00fcnvanland\u0131\u011f\u0131 m\u0259ktubda yer al\u0131b.<\/p>\n<p>M\u0259ktubda, h\u0259m\u00e7inin qeyd edilib ki, qlobal v\u0259 regional t\u0259hdidl\u0259rin, islamofobiya meyll\u0259rinin artd\u0131\u011f\u0131 bir zamanda \u0130\u018fT-\u0259 \u00fczv d\u00f6vl\u0259tl\u0259rin prokurorlar\u0131n\u0131n qar\u015f\u0131s\u0131nda yeni v\u0259zif\u0259l\u0259r durur. Narkotikl\u0259rin qanunsuz d\u00f6vriyy\u0259si, insan alveri, korrupsiya, kibercinay\u0259tkarl\u0131q, \u00e7irkli pullar\u0131n yuyulmas\u0131 v\u0259 sair cinay\u0259tl\u0259r beyn\u0259lxalq terror\u00e7ulu\u011fun maliyy\u0259 m\u0259nb\u0259yi olmaqla b\u0259\u015f\u0259riyy\u0259tin g\u0259l\u0259c\u0259yin\u0259 b\u00f6y\u00fck t\u0259hl\u00fck\u0259 yarad\u0131r.<\/p>\n<p>D\u00f6vl\u0259timizin ba\u015f\u00e7\u0131s\u0131 \u0259min oldu\u011funu bildirib ki, vacib m\u0259s\u0259l\u0259l\u0259rin m\u00fczakir\u0259si i\u015ftirak\u00e7\u0131lara beyn\u0259lxalq t\u0259cr\u00fcb\u0259d\u0259n faydalanmaq imkan\u0131 verm\u0259kl\u0259 insan h\u00fcquqlar\u0131n\u0131n m\u00fcdafi\u0259si v\u0259 iqtisadiyyat\u0131n inki\u015faf\u0131 \u00fc\u00e7\u00fcn m\u00fcnbit \u015f\u0259raitin yarad\u0131lmas\u0131 istiqam\u0259tind\u0259 \u0259m\u0259kda\u015fl\u0131\u011f\u0131 daha da m\u00f6hk\u0259ml\u0259ndir\u0259c\u0259k.<\/p>\n<p>\u201cHesab edir\u0259m ki, \u00f6lk\u0259mizin \u0130\u018fT-d\u0259 s\u0259drliyi d\u00f6n\u0259mind\u0259 \u00fczv d\u00f6vl\u0259tl\u0259rin ba\u015f prokurorlar\u0131n\u0131n bug\u00fcnk\u00fc iclas\u0131 regionumuzda insan h\u00fcquq v\u0259 azadl\u0131qlar\u0131n\u0131n etibarl\u0131 m\u00fcdafi\u0259sin\u0259, cinay\u0259tkarl\u0131\u011f\u0131n b\u00fct\u00fcn formalar\u0131na qar\u015f\u0131 m\u00fcbariz\u0259d\u0259 s\u0259yl\u0259rimizin birl\u0259\u015fdirilm\u0259sin\u0259 v\u0259 qar\u015f\u0131l\u0131ql\u0131 \u0259m\u0259kda\u015fl\u0131\u011f\u0131n daha s\u0259m\u0259r\u0259li h\u0259yata ke\u00e7irilm\u0259sin\u0259 m\u00fch\u00fcm t\u00f6hf\u0259 ver\u0259c\u0259k\u201d, &#8211; dey\u0259 m\u0259ktubda vur\u011fulan\u0131b.<\/p>\n","protected":false},"excerpt":{"rendered":"<p>\u201cH\u0259r bir d\u00f6vl\u0259td\u0259 xalq\u0131n rifah\u0131n\u0131n t\u0259min edilm\u0259sini \u015f\u0259rtl\u0259ndir\u0259n iqtisadi inki\u015faf v\u0259 h\u00fcquq qaydas\u0131n\u0131n m\u00f6vcudlu\u011fudur. Cinay\u0259tkarl\u0131q qeyd olunan amill\u0259r\u0259 ciddi t\u0259hl\u00fck\u0259 olmaqla beyn\u0259lxalq s\u0259viyy\u0259d\u0259 m\u00fcbariz\u0259nin apar\u0131lmas\u0131n\u0131 t\u0259l\u0259b ed\u0259n fenomendir. Bu sah\u0259d\u0259, x\u00fcsusil\u0259 transmilli cinay\u0259tkarl\u0131qla m\u00fcbariz\u0259d\u0259 prokurorluq orqanlar\u0131n\u0131n qar\u015f\u0131l\u0131ql\u0131 \u0259m\u0259kda\u015fl\u0131q \u015f\u0259raitind\u0259 f\u0259aliyy\u0259t g\u00f6st\u0259rm\u0259si m\u00fch\u00fcm \u0259h\u0259miyy\u0259t k\u0259sb edir\u201d. AZ\u018fRTAC\u00a0x\u0259b\u0259r verir ki, bu fikirl\u0259r Az\u0259rbaycan Prezidenti\u00a0\u0130lham \u018fliyevin\u00a0\u0130qtisadi \u018fm\u0259kda\u015fl\u0131q T\u0259\u015fkilat\u0131na (\u0130\u018fT) \u00fczv d\u00f6vl\u0259tl\u0259rin ba\u015f prokurorlar\u0131n\u0131n sentyabr\u0131n 15-d\u0259 Bak\u0131da ke\u00e7iril\u0259n 4-c\u00fc iclas\u0131n\u0131n i\u015ftirak\u00e7\u0131lar\u0131na \u00fcnvanland\u0131\u011f\u0131 m\u0259ktubda yer al\u0131b. M\u0259ktubda, h\u0259m\u00e7inin qeyd edilib ki, qlobal v\u0259 regional t\u0259hdidl\u0259rin, islamofobiya meyll\u0259rinin artd\u0131\u011f\u0131 bir zamanda \u0130\u018fT-\u0259 \u00fczv d\u00f6vl\u0259tl\u0259rin prokurorlar\u0131n\u0131n qar\u015f\u0131s\u0131nda&hellip;<\/p>\n","protected":false},"author":2,"featured_media":633355,"comment_status":"closed","ping_status":"closed","sticky":false,"template":"","format":"standard","meta":{"om_disable_all_campaigns":false,"_monsterinsights_skip_tracking":false,"_monsterinsights_sitenote_active":false,"_monsterinsights_sitenote_note":"","_monsterinsights_sitenote_category":0},"categories":[4],"tags":[],"aioseo_notices":[],"gutentor_comment":0,"rttpg_featured_image_url":{"full":["https:\/\/arantv.az\/wp-content\/uploads\/2023\/09\/rezident_yp_iclas_01-1.jpg",620,413,false],"landscape":["https:\/\/arantv.az\/wp-content\/uploads\/2023\/09\/rezident_yp_iclas_01-1.jpg",620,413,false],"portraits":["https:\/\/arantv.az\/wp-content\/uploads\/2023\/09\/rezident_yp_iclas_01-1.jpg",620,413,false],"thumbnail":["https:\/\/arantv.az\/wp-content\/uploads\/2023\/09\/rezident_yp_iclas_01-1-500x280.jpg",500,280,true],"medium":["https:\/\/arantv.az\/wp-content\/uploads\/2023\/09\/rezident_yp_iclas_01-1-548x365.jpg",548,365,true],"large":["https:\/\/arantv.az\/wp-content\/uploads\/2023\/09\/rezident_yp_iclas_01-1.jpg",620,413,false],"1536x1536":["https:\/\/arantv.az\/wp-content\/uploads\/2023\/09\/rezident_yp_iclas_01-1.jpg",620,413,false],"2048x2048":["https:\/\/arantv.az\/wp-content\/uploads\/2023\/09\/rezident_yp_iclas_01-1.jpg",620,413,false],"post-thumbnail":["https:\/\/arantv.az\/wp-content\/uploads\/2023\/09\/rezident_yp_iclas_01-1-240x172.jpg",240,172,true],"advps-thumb-one":["https:\/\/arantv.az\/wp-content\/uploads\/2023\/09\/rezident_yp_iclas_01-1.jpg",620,413,false]},"rttpg_author":{"display_name":"V\u00fcsal Rafiqo\u011flu","author_link":"https:\/\/arantv.az\/?author=2"},"rttpg_comment":0,"rttpg_category":"<a href=\"https:\/\/arantv.az\/?cat=4\" rel=\"category\">Siyas\u0259t<\/a>","rttpg_excerpt":"\u201cH\u0259r bir d\u00f6vl\u0259td\u0259 xalq\u0131n rifah\u0131n\u0131n t\u0259min edilm\u0259sini \u015f\u0259rtl\u0259ndir\u0259n iqtisadi inki\u015faf v\u0259 h\u00fcquq qaydas\u0131n\u0131n m\u00f6vcudlu\u011fudur. Cinay\u0259tkarl\u0131q qeyd olunan amill\u0259r\u0259 ciddi t\u0259hl\u00fck\u0259 olmaqla beyn\u0259lxalq s\u0259viyy\u0259d\u0259 m\u00fcbariz\u0259nin apar\u0131lmas\u0131n\u0131 t\u0259l\u0259b ed\u0259n fenomendir. Bu sah\u0259d\u0259, x\u00fcsusil\u0259 transmilli cinay\u0259tkarl\u0131qla m\u00fcbariz\u0259d\u0259 prokurorluq orqanlar\u0131n\u0131n qar\u015f\u0131l\u0131ql\u0131 \u0259m\u0259kda\u015fl\u0131q \u015f\u0259raitind\u0259 f\u0259aliyy\u0259t g\u00f6st\u0259rm\u0259si m\u00fch\u00fcm \u0259h\u0259miyy\u0259t k\u0259sb edir\u201d. AZ\u018fRTAC\u00a0x\u0259b\u0259r verir ki, bu fikirl\u0259r Az\u0259rbaycan Prezidenti\u00a0\u0130lham \u018fliyevin\u00a0\u0130qtisadi \u018fm\u0259kda\u015fl\u0131q T\u0259\u015fkilat\u0131na&hellip;","_links":{"self":[{"href":"https:\/\/arantv.az\/index.php?rest_route=\/wp\/v2\/posts\/633348"}],"collection":[{"href":"https:\/\/arantv.az\/index.php?rest_route=\/wp\/v2\/posts"}],"about":[{"href":"https:\/\/arantv.az\/index.php?rest_route=\/wp\/v2\/types\/post"}],"author":[{"embeddable":true,"href":"https:\/\/arantv.az\/index.php?rest_route=\/wp\/v2\/users\/2"}],"replies":[{"embeddable":true,"href":"https:\/\/arantv.az\/index.php?rest_route=%2Fwp%2Fv2%2Fcomments&post=633348"}],"version-history":[{"count":0,"href":"https:\/\/arantv.az\/index.php?rest_route=\/wp\/v2\/posts\/633348\/revisions"}],"wp:featuredmedia":[{"embeddable":true,"href":"https:\/\/arantv.az\/index.php?rest_route=\/wp\/v2\/media\/633355"}],"wp:attachment":[{"href":"https:\/\/arantv.az\/index.php?rest_route=%2Fwp%2Fv2%2Fmedia&parent=633348"}],"wp:term":[{"taxonomy":"category","embeddable":true,"href":"https:\/\/arantv.az\/index.php?rest_route=%2Fwp%2Fv2%2Fcategories&post=633348"},{"taxonomy":"post_tag","embeddable":true,"href":"https:\/\/arantv.az\/index.php?rest_route=%2Fwp%2Fv2%2Ftags&post=633348"}],"curies":[{"name":"wp","href":"https:\/\/api.w.org\/{rel}","templated":true}]}}