{"id":633351,"date":"2023-09-15T15:56:29","date_gmt":"2023-09-15T11:56:29","guid":{"rendered":"https:\/\/arantv.az\/?p=633351"},"modified":"2023-09-15T15:56:29","modified_gmt":"2023-09-15T11:56:29","slug":"kamran-%c9%99liyev-iqtisadi-%c9%99m%c9%99kdasliq-t%c9%99skilatinin-m%c9%99sul-s%c9%99xsl%c9%99ri-il%c9%99-gorusub-foto","status":"publish","type":"post","link":"https:\/\/arantv.az\/?p=633351","title":{"rendered":"Kamran \u018fliyev \u0130qtisadi \u018fm\u0259kda\u015fl\u0131q T\u0259\u015fkilat\u0131n\u0131n m\u0259sul \u015f\u0259xsl\u0259ri il\u0259 g\u00f6r\u00fc\u015f\u00fcb &#8211; FOTO"},"content":{"rendered":"<p>Ba\u015f prokuror Kamran \u018fliyev \u0130qtisad \u018fm\u0259kda\u015fl\u0131q T\u0259\u015fkilat\u0131n\u0131n m\u0259sul \u015f\u0259xsl\u0259ri il\u0259 g\u00f6r\u00fc\u015f\u00fcb.<\/p>\n<p>Ba\u015f Prokurorluqdan\u00a0veril\u0259n x\u0259b\u0259r\u0259 g\u00f6r\u0259, Bak\u0131da ke\u00e7iril\u0259c\u0259k \u0130qtisadi \u018fm\u0259kda\u015fl\u0131q T\u0259\u015fkilat\u0131na \u00fczv d\u00f6vl\u0259tl\u0259rin Ba\u015f prokurorlar\u0131n\u0131n 4-c\u00fc iclas\u0131nda i\u015ftirak etm\u0259k \u00fc\u00e7\u00fcn Ba\u015f prokuror Kamran \u018fliyevin d\u0259v\u0259ti il\u0259 \u0130\u018fT-in m\u0259sul \u015f\u0259xsl\u0259ri \u00f6lk\u0259miz\u0259 i\u015fg\u00fczar s\u0259f\u0259r\u0259 g\u0259libl\u0259r.<\/p>\n<p>Ba\u015f prokurorla n\u00fcmay\u0259nd\u0259 hey\u0259tinin r\u0259hb\u0259ri &#8211;\u00a0ba\u015f katibin m\u00fcavini, s\u0259fir Jandos Asanov aras\u0131nda ba\u015f tutan g\u00f6r\u00fc\u015f zaman\u0131 t\u0259\u015fkilat\u0131n i\u015finin t\u0259kmill\u0259\u015fdirilm\u0259si, t\u0259\u015fkilata \u00fczv olan d\u00f6vl\u0259tl\u0259r aras\u0131nda h\u00fcquqi m\u00fcst\u0259vid\u0259 qar\u015f\u0131l\u0131ql\u0131 m\u00fcnasib\u0259tl\u0259rin, cinay\u0259tkarl\u0131\u011fa qar\u015f\u0131 m\u00fcbariz\u0259, el\u0259c\u0259 d\u0259 qar\u015f\u0131l\u0131ql\u0131 beyn\u0259lxalq h\u00fcquqi yard\u0131m \u00fczr\u0259 birg\u0259 f\u0259aliyy\u0259tin inki\u015faf etdirilm\u0259si, \u0259m\u0259kda\u015fl\u0131\u011f\u0131n g\u0259l\u0259c\u0259k perspektivl\u0259ri m\u00f6vzusunda m\u00fczakir\u0259l\u0259r apar\u0131l\u0131b.<\/p>\n<p>Kamran \u018fliyev qonaqlara \u00f6lk\u0259mizd\u0259 h\u0259yata ke\u00e7iril\u0259n h\u00fcquq islahatlar\u0131 \u00e7\u0259r\u00e7iv\u0259sind\u0259 prokurorluq orqanlar\u0131n\u0131n f\u0259aliyy\u0259tinin m\u00fcasirl\u0259\u015fdirilm\u0259si istiqam\u0259tind\u0259 apar\u0131lan k\u00f6kl\u00fc islahatlar bar\u0259d\u0259 m\u0259lumat verib.<\/p>\n<p>S\u0259mimi q\u0259bula g\u00f6r\u0259 t\u0259\u015f\u0259kk\u00fcr\u00fcn\u00fc bildir\u0259n Jandos Asanov t\u0259msil etdikl\u0259ri qurumun Az\u0259rbaycan il\u0259 \u0259laq\u0259l\u0259rin inki\u015faf\u0131na b\u00f6y\u00fck \u00f6n\u0259m verdiyini, Az\u0259rbaycan\u0131n t\u0259\u015fkilat\u0131n f\u0259aliyy\u0259tind\u0259 f\u0259al i\u015ftirak etdiyini v\u0259 daim t\u0259\u015fkilat\u0131n i\u015fin\u0259 \u00f6z t\u00f6hf\u0259sini verdiyini bildirib.<\/p>\n<p>G\u00f6r\u00fc\u015fd\u0259 cinay\u0259tkarl\u0131\u011fa qar\u015f\u0131 m\u00fcbariz\u0259 sah\u0259sind\u0259 \u0259m\u0259kda\u015fl\u0131q \u00fczr\u0259 faydal\u0131 fikir m\u00fcbadil\u0259si apar\u0131laraq, t\u0259\u015fkilat \u00fczvl\u0259ri aras\u0131nda qar\u015f\u0131l\u0131ql\u0131 f\u0259aliyy\u0259tin s\u0259m\u0259r\u0259liliyi \u0259traf\u0131nda m\u00fczakir\u0259l\u0259r apar\u0131l\u0131b.<\/p>\n<p>&nbsp;<\/p>\n<div class=\"gallery\">\n<div class=\"gallery-i\"><img src=\"https:\/\/cdn.oxu.az\/uploads\/W1siZiIsIjIwMjMvMDkvMTUvMTUvMTIvMjkvZDVkYTRjMTYtYjYwMS00MzA2LTg4NmEtNjU0MTU1ZTI2NmI5L1doYXRzQXBwIEltYWdlIDIwMjMtMDktMTUgYXQgMTUuMDcuMDUgKDEpLmpwZWciXSxbInAiLCJlbmNvZGUiLCJqcGciLCItcXVhbGl0eSA4MCJdLFsicCIsInRodW1iIiwiNTkweDU5MFx1MDAzZSJdXQ?sha=5f00276a9ebbc4c3\" alt=\"\" \/><\/p>\n<div class=\"gallery-i-caption\"><\/div>\n<\/div>\n<div class=\"gallery-i\"><img src=\"https:\/\/cdn.oxu.az\/uploads\/W1siZiIsIjIwMjMvMDkvMTUvMTUvMTIvMjkvNzhkMjM4MGUtYzkyZi00Y2M1LTg0YTctNzZlZjhiZjc4NzVlL1doYXRzQXBwIEltYWdlIDIwMjMtMDktMTUgYXQgMTUuMDcuMDUuanBlZyJdLFsicCIsImVuY29kZSIsImpwZyIsIi1xdWFsaXR5IDgwIl0sWyJwIiwidGh1bWIiLCI1OTB4NTkwXHUwMDNlIl1d?sha=3a282b091e2ad4d6\" alt=\"\" \/><\/div>\n<\/div>\n","protected":false},"excerpt":{"rendered":"<p>Ba\u015f prokuror Kamran \u018fliyev \u0130qtisad \u018fm\u0259kda\u015fl\u0131q T\u0259\u015fkilat\u0131n\u0131n m\u0259sul \u015f\u0259xsl\u0259ri il\u0259 g\u00f6r\u00fc\u015f\u00fcb. Ba\u015f Prokurorluqdan\u00a0veril\u0259n x\u0259b\u0259r\u0259 g\u00f6r\u0259, Bak\u0131da ke\u00e7iril\u0259c\u0259k \u0130qtisadi \u018fm\u0259kda\u015fl\u0131q T\u0259\u015fkilat\u0131na \u00fczv d\u00f6vl\u0259tl\u0259rin Ba\u015f prokurorlar\u0131n\u0131n 4-c\u00fc iclas\u0131nda i\u015ftirak etm\u0259k \u00fc\u00e7\u00fcn Ba\u015f prokuror Kamran \u018fliyevin d\u0259v\u0259ti il\u0259 \u0130\u018fT-in m\u0259sul \u015f\u0259xsl\u0259ri \u00f6lk\u0259miz\u0259 i\u015fg\u00fczar s\u0259f\u0259r\u0259 g\u0259libl\u0259r. Ba\u015f prokurorla n\u00fcmay\u0259nd\u0259 hey\u0259tinin r\u0259hb\u0259ri &#8211;\u00a0ba\u015f katibin m\u00fcavini, s\u0259fir Jandos Asanov aras\u0131nda ba\u015f tutan g\u00f6r\u00fc\u015f zaman\u0131 t\u0259\u015fkilat\u0131n i\u015finin t\u0259kmill\u0259\u015fdirilm\u0259si, t\u0259\u015fkilata \u00fczv olan d\u00f6vl\u0259tl\u0259r aras\u0131nda h\u00fcquqi m\u00fcst\u0259vid\u0259 qar\u015f\u0131l\u0131ql\u0131 m\u00fcnasib\u0259tl\u0259rin, cinay\u0259tkarl\u0131\u011fa qar\u015f\u0131 m\u00fcbariz\u0259, el\u0259c\u0259 d\u0259 qar\u015f\u0131l\u0131ql\u0131 beyn\u0259lxalq h\u00fcquqi yard\u0131m \u00fczr\u0259 birg\u0259 f\u0259aliyy\u0259tin inki\u015faf etdirilm\u0259si, \u0259m\u0259kda\u015fl\u0131\u011f\u0131n g\u0259l\u0259c\u0259k perspektivl\u0259ri m\u00f6vzusunda m\u00fczakir\u0259l\u0259r apar\u0131l\u0131b.&hellip;<\/p>\n","protected":false},"author":2,"featured_media":633352,"comment_status":"closed","ping_status":"closed","sticky":false,"template":"","format":"standard","meta":{"om_disable_all_campaigns":false,"_monsterinsights_skip_tracking":false,"_monsterinsights_sitenote_active":false,"_monsterinsights_sitenote_note":"","_monsterinsights_sitenote_category":0},"categories":[4],"tags":[],"aioseo_notices":[],"gutentor_comment":0,"rttpg_featured_image_url":{"full":["https:\/\/arantv.az\/wp-content\/uploads\/2023\/09\/WhatsApp-Image-2023-09-15-at-15.07.06.jpg",620,413,false],"landscape":["https:\/\/arantv.az\/wp-content\/uploads\/2023\/09\/WhatsApp-Image-2023-09-15-at-15.07.06.jpg",620,413,false],"portraits":["https:\/\/arantv.az\/wp-content\/uploads\/2023\/09\/WhatsApp-Image-2023-09-15-at-15.07.06.jpg",620,413,false],"thumbnail":["https:\/\/arantv.az\/wp-content\/uploads\/2023\/09\/WhatsApp-Image-2023-09-15-at-15.07.06-500x280.jpg",500,280,true],"medium":["https:\/\/arantv.az\/wp-content\/uploads\/2023\/09\/WhatsApp-Image-2023-09-15-at-15.07.06-548x365.jpg",548,365,true],"large":["https:\/\/arantv.az\/wp-content\/uploads\/2023\/09\/WhatsApp-Image-2023-09-15-at-15.07.06.jpg",620,413,false],"1536x1536":["https:\/\/arantv.az\/wp-content\/uploads\/2023\/09\/WhatsApp-Image-2023-09-15-at-15.07.06.jpg",620,413,false],"2048x2048":["https:\/\/arantv.az\/wp-content\/uploads\/2023\/09\/WhatsApp-Image-2023-09-15-at-15.07.06.jpg",620,413,false],"post-thumbnail":["https:\/\/arantv.az\/wp-content\/uploads\/2023\/09\/WhatsApp-Image-2023-09-15-at-15.07.06-240x172.jpg",240,172,true],"advps-thumb-one":["https:\/\/arantv.az\/wp-content\/uploads\/2023\/09\/WhatsApp-Image-2023-09-15-at-15.07.06.jpg",620,413,false]},"rttpg_author":{"display_name":"V\u00fcsal Rafiqo\u011flu","author_link":"https:\/\/arantv.az\/?author=2"},"rttpg_comment":0,"rttpg_category":"<a href=\"https:\/\/arantv.az\/?cat=4\" rel=\"category\">Siyas\u0259t<\/a>","rttpg_excerpt":"Ba\u015f prokuror Kamran \u018fliyev \u0130qtisad \u018fm\u0259kda\u015fl\u0131q T\u0259\u015fkilat\u0131n\u0131n m\u0259sul \u015f\u0259xsl\u0259ri il\u0259 g\u00f6r\u00fc\u015f\u00fcb. Ba\u015f Prokurorluqdan\u00a0veril\u0259n x\u0259b\u0259r\u0259 g\u00f6r\u0259, Bak\u0131da ke\u00e7iril\u0259c\u0259k \u0130qtisadi \u018fm\u0259kda\u015fl\u0131q T\u0259\u015fkilat\u0131na \u00fczv d\u00f6vl\u0259tl\u0259rin Ba\u015f prokurorlar\u0131n\u0131n 4-c\u00fc iclas\u0131nda i\u015ftirak etm\u0259k \u00fc\u00e7\u00fcn Ba\u015f prokuror Kamran \u018fliyevin d\u0259v\u0259ti il\u0259 \u0130\u018fT-in m\u0259sul \u015f\u0259xsl\u0259ri \u00f6lk\u0259miz\u0259 i\u015fg\u00fczar s\u0259f\u0259r\u0259 g\u0259libl\u0259r. Ba\u015f prokurorla n\u00fcmay\u0259nd\u0259 hey\u0259tinin r\u0259hb\u0259ri &#8211;\u00a0ba\u015f katibin m\u00fcavini, s\u0259fir Jandos Asanov aras\u0131nda ba\u015f&hellip;","_links":{"self":[{"href":"https:\/\/arantv.az\/index.php?rest_route=\/wp\/v2\/posts\/633351"}],"collection":[{"href":"https:\/\/arantv.az\/index.php?rest_route=\/wp\/v2\/posts"}],"about":[{"href":"https:\/\/arantv.az\/index.php?rest_route=\/wp\/v2\/types\/post"}],"author":[{"embeddable":true,"href":"https:\/\/arantv.az\/index.php?rest_route=\/wp\/v2\/users\/2"}],"replies":[{"embeddable":true,"href":"https:\/\/arantv.az\/index.php?rest_route=%2Fwp%2Fv2%2Fcomments&post=633351"}],"version-history":[{"count":0,"href":"https:\/\/arantv.az\/index.php?rest_route=\/wp\/v2\/posts\/633351\/revisions"}],"wp:featuredmedia":[{"embeddable":true,"href":"https:\/\/arantv.az\/index.php?rest_route=\/wp\/v2\/media\/633352"}],"wp:attachment":[{"href":"https:\/\/arantv.az\/index.php?rest_route=%2Fwp%2Fv2%2Fmedia&parent=633351"}],"wp:term":[{"taxonomy":"category","embeddable":true,"href":"https:\/\/arantv.az\/index.php?rest_route=%2Fwp%2Fv2%2Fcategories&post=633351"},{"taxonomy":"post_tag","embeddable":true,"href":"https:\/\/arantv.az\/index.php?rest_route=%2Fwp%2Fv2%2Ftags&post=633351"}],"curies":[{"name":"wp","href":"https:\/\/api.w.org\/{rel}","templated":true}]}}