{"id":633354,"date":"2023-09-15T15:57:53","date_gmt":"2023-09-15T11:57:53","guid":{"rendered":"https:\/\/arantv.az\/?p=633354"},"modified":"2023-09-15T15:57:53","modified_gmt":"2023-09-15T11:57:53","slug":"ilham-%c9%99liyev-heyd%c9%99r-%c9%99liyevin-s%c9%99yl%c9%99ri-say%c9%99sind%c9%99-az%c9%99rbaycanda-s%c9%99ffaf-maliyy%c9%99-v%c9%99-audit-sistemi-qurulub","status":"publish","type":"post","link":"https:\/\/arantv.az\/?p=633354","title":{"rendered":"\u0130lham \u018fliyev: \u201cHeyd\u0259r \u018fliyevin s\u0259yl\u0259ri say\u0259sind\u0259 Az\u0259rbaycanda \u015f\u0259ffaf maliyy\u0259 v\u0259 audit sistemi qurulub\u201d"},"content":{"rendered":"<p>\u201cM\u0259hz Heyd\u0259r \u018fliyevin demokratik, h\u00fcquqi d\u00f6vl\u0259t quruculu\u011fu yolunda yorulmaz s\u0259yl\u0259ri, polad irad\u0259si say\u0259sind\u0259 Az\u0259rbaycanda \u015f\u0259ffaf maliyy\u0259 v\u0259 audit sistemi qurulmu\u015fdur. Anadan olmas\u0131n\u0131n 100 illiyini qeyd etdiyimiz bu ild\u0259 biz Ulu \u00d6nd\u0259r t\u0259r\u0259find\u0259n t\u0259m\u0259li qoyulmu\u015f, dinamik inki\u015faf ed\u0259n g\u00fccl\u00fc iqtisadiyyat g\u00f6r\u00fcr\u00fck\u201d.<\/p>\n<p><a href=\"https:\/\/azertag.az\/xeber\/prezident_ilham_eliyev_heyder_eliyevin_seyleri_sayesinde_azerbaycanda_seffaf_maliyye_ve_audit_sistemi_qurulub-2749993\" target=\"_blank\" rel=\"noopener\">AZ\u018fRTAC<\/a>\u00a0x\u0259b\u0259r verir ki, bu bar\u0259d\u0259 Az\u0259rbaycan Prezidenti \u0130lham \u018fliyevin \u201cDayan\u0131ql\u0131 inki\u015faf. Hesabatl\u0131l\u0131q. \u015e\u0259ffafl\u0131q\u201d m\u00f6vzusunda beyn\u0259lxalq elmi-praktiki konfrans\u0131n i\u015ftirak\u00e7\u0131lar\u0131na \u00fcnvanland\u0131\u011f\u0131 m\u0259ktubda bildirilib.<\/p>\n<p>M\u0259ktubda, h\u0259m\u00e7inin qeyd edilib ki, m\u00fcst\u0259qilliyimizin ilk ill\u0259rind\u0259 iflasa u\u011fram\u0131\u015f \u00f6lk\u0259 iqtisadiyyat\u0131n\u0131 dir\u00e7\u0259ltm\u0259yin yegan\u0259 yolunu bazar iqtisadiyyat\u0131na ke\u00e7idd\u0259, d\u00fcnya iqtisadiyyat\u0131na inteqrasiyada g\u00f6r\u0259n \u00dcmummilli Lider irimiqyasl\u0131 islahatlara start vermi\u015fdi. Onun r\u0259hb\u0259rliyi il\u0259 korporativ idar\u0259etm\u0259nin t\u0259kmill\u0259\u015fdirilm\u0259si, azad r\u0259qab\u0259t m\u00fchitinin d\u0259st\u0259kl\u0259nm\u0259si sah\u0259sind\u0259 g\u00f6r\u00fcl\u0259n fundamental t\u0259dbirl\u0259r azad sahibkarl\u0131\u011f\u0131n inki\u015faf\u0131n\u0131 \u00f6n plana \u00e7\u0259kmi\u015fdi. Eyni zamanda, Heyd\u0259r \u018fliyevin uzaqg\u00f6r\u0259n siyas\u0259ti, b\u00f6y\u00fck d\u00f6vl\u0259t\u00e7ilik t\u0259cr\u00fcb\u0259si v\u0259 strateji bax\u0131\u015f\u0131 \u00f6lk\u0259nin iqtisadi inki\u015faf\u0131n\u0131 t\u0259min etm\u0259kl\u0259 yana\u015f\u0131, \u00e7oxvektorlu iqtisadi siyas\u0259timizin \u0259sas\u0131n\u0131 qoyub, Az\u0259rbaycana d\u00fcnyada etibarl\u0131 t\u0259r\u0259fda\u015f statusu qazand\u0131r\u0131b.<\/p>\n","protected":false},"excerpt":{"rendered":"<p>\u201cM\u0259hz Heyd\u0259r \u018fliyevin demokratik, h\u00fcquqi d\u00f6vl\u0259t quruculu\u011fu yolunda yorulmaz s\u0259yl\u0259ri, polad irad\u0259si say\u0259sind\u0259 Az\u0259rbaycanda \u015f\u0259ffaf maliyy\u0259 v\u0259 audit sistemi qurulmu\u015fdur. Anadan olmas\u0131n\u0131n 100 illiyini qeyd etdiyimiz bu ild\u0259 biz Ulu \u00d6nd\u0259r t\u0259r\u0259find\u0259n t\u0259m\u0259li qoyulmu\u015f, dinamik inki\u015faf ed\u0259n g\u00fccl\u00fc iqtisadiyyat g\u00f6r\u00fcr\u00fck\u201d. AZ\u018fRTAC\u00a0x\u0259b\u0259r verir ki, bu bar\u0259d\u0259 Az\u0259rbaycan Prezidenti \u0130lham \u018fliyevin \u201cDayan\u0131ql\u0131 inki\u015faf. Hesabatl\u0131l\u0131q. \u015e\u0259ffafl\u0131q\u201d m\u00f6vzusunda beyn\u0259lxalq elmi-praktiki konfrans\u0131n i\u015ftirak\u00e7\u0131lar\u0131na \u00fcnvanland\u0131\u011f\u0131 m\u0259ktubda bildirilib. M\u0259ktubda, h\u0259m\u00e7inin qeyd edilib ki, m\u00fcst\u0259qilliyimizin ilk ill\u0259rind\u0259 iflasa u\u011fram\u0131\u015f \u00f6lk\u0259 iqtisadiyyat\u0131n\u0131 dir\u00e7\u0259ltm\u0259yin yegan\u0259 yolunu bazar iqtisadiyyat\u0131na ke\u00e7idd\u0259, d\u00fcnya iqtisadiyyat\u0131na inteqrasiyada g\u00f6r\u0259n \u00dcmummilli Lider irimiqyasl\u0131 islahatlara start vermi\u015fdi. Onun&hellip;<\/p>\n","protected":false},"author":2,"featured_media":633358,"comment_status":"closed","ping_status":"closed","sticky":false,"template":"","format":"standard","meta":{"om_disable_all_campaigns":false,"_monsterinsights_skip_tracking":false,"_monsterinsights_sitenote_active":false,"_monsterinsights_sitenote_note":"","_monsterinsights_sitenote_category":0},"categories":[4],"tags":[],"aioseo_notices":[],"gutentor_comment":0,"rttpg_featured_image_url":{"full":["https:\/\/arantv.az\/wp-content\/uploads\/2023\/09\/ilhameliyev_557.jpg",620,413,false],"landscape":["https:\/\/arantv.az\/wp-content\/uploads\/2023\/09\/ilhameliyev_557.jpg",620,413,false],"portraits":["https:\/\/arantv.az\/wp-content\/uploads\/2023\/09\/ilhameliyev_557.jpg",620,413,false],"thumbnail":["https:\/\/arantv.az\/wp-content\/uploads\/2023\/09\/ilhameliyev_557-500x280.jpg",500,280,true],"medium":["https:\/\/arantv.az\/wp-content\/uploads\/2023\/09\/ilhameliyev_557-548x365.jpg",548,365,true],"large":["https:\/\/arantv.az\/wp-content\/uploads\/2023\/09\/ilhameliyev_557.jpg",620,413,false],"1536x1536":["https:\/\/arantv.az\/wp-content\/uploads\/2023\/09\/ilhameliyev_557.jpg",620,413,false],"2048x2048":["https:\/\/arantv.az\/wp-content\/uploads\/2023\/09\/ilhameliyev_557.jpg",620,413,false],"post-thumbnail":["https:\/\/arantv.az\/wp-content\/uploads\/2023\/09\/ilhameliyev_557-240x172.jpg",240,172,true],"advps-thumb-one":["https:\/\/arantv.az\/wp-content\/uploads\/2023\/09\/ilhameliyev_557.jpg",620,413,false]},"rttpg_author":{"display_name":"V\u00fcsal Rafiqo\u011flu","author_link":"https:\/\/arantv.az\/?author=2"},"rttpg_comment":0,"rttpg_category":"<a href=\"https:\/\/arantv.az\/?cat=4\" rel=\"category\">Siyas\u0259t<\/a>","rttpg_excerpt":"\u201cM\u0259hz Heyd\u0259r \u018fliyevin demokratik, h\u00fcquqi d\u00f6vl\u0259t quruculu\u011fu yolunda yorulmaz s\u0259yl\u0259ri, polad irad\u0259si say\u0259sind\u0259 Az\u0259rbaycanda \u015f\u0259ffaf maliyy\u0259 v\u0259 audit sistemi qurulmu\u015fdur. Anadan olmas\u0131n\u0131n 100 illiyini qeyd etdiyimiz bu ild\u0259 biz Ulu \u00d6nd\u0259r t\u0259r\u0259find\u0259n t\u0259m\u0259li qoyulmu\u015f, dinamik inki\u015faf ed\u0259n g\u00fccl\u00fc iqtisadiyyat g\u00f6r\u00fcr\u00fck\u201d. AZ\u018fRTAC\u00a0x\u0259b\u0259r verir ki, bu bar\u0259d\u0259 Az\u0259rbaycan Prezidenti \u0130lham \u018fliyevin \u201cDayan\u0131ql\u0131 inki\u015faf. Hesabatl\u0131l\u0131q. \u015e\u0259ffafl\u0131q\u201d m\u00f6vzusunda beyn\u0259lxalq&hellip;","_links":{"self":[{"href":"https:\/\/arantv.az\/index.php?rest_route=\/wp\/v2\/posts\/633354"}],"collection":[{"href":"https:\/\/arantv.az\/index.php?rest_route=\/wp\/v2\/posts"}],"about":[{"href":"https:\/\/arantv.az\/index.php?rest_route=\/wp\/v2\/types\/post"}],"author":[{"embeddable":true,"href":"https:\/\/arantv.az\/index.php?rest_route=\/wp\/v2\/users\/2"}],"replies":[{"embeddable":true,"href":"https:\/\/arantv.az\/index.php?rest_route=%2Fwp%2Fv2%2Fcomments&post=633354"}],"version-history":[{"count":0,"href":"https:\/\/arantv.az\/index.php?rest_route=\/wp\/v2\/posts\/633354\/revisions"}],"wp:featuredmedia":[{"embeddable":true,"href":"https:\/\/arantv.az\/index.php?rest_route=\/wp\/v2\/media\/633358"}],"wp:attachment":[{"href":"https:\/\/arantv.az\/index.php?rest_route=%2Fwp%2Fv2%2Fmedia&parent=633354"}],"wp:term":[{"taxonomy":"category","embeddable":true,"href":"https:\/\/arantv.az\/index.php?rest_route=%2Fwp%2Fv2%2Fcategories&post=633354"},{"taxonomy":"post_tag","embeddable":true,"href":"https:\/\/arantv.az\/index.php?rest_route=%2Fwp%2Fv2%2Ftags&post=633354"}],"curies":[{"name":"wp","href":"https:\/\/api.w.org\/{rel}","templated":true}]}}