{"id":633364,"date":"2023-09-15T16:13:24","date_gmt":"2023-09-15T12:13:24","guid":{"rendered":"https:\/\/arantv.az\/?p=633364"},"modified":"2023-09-15T16:13:24","modified_gmt":"2023-09-15T12:13:24","slug":"bu-il-nec%c9%99-yasayis-m%c9%99nt%c9%99q%c9%99si-qazlasdirilib","status":"publish","type":"post","link":"https:\/\/arantv.az\/?p=633364","title":{"rendered":"Bu il ne\u00e7\u0259 ya\u015fay\u0131\u015f m\u0259nt\u0259q\u0259si qazla\u015fd\u0131r\u0131l\u0131b?"},"content":{"rendered":"<p>Bu il \u00fc\u00e7\u00fcn n\u0259z\u0259rd\u0259 tutulan qazla\u015fd\u0131rma i\u015fl\u0259ri \u00e7\u0259r\u00e7iv\u0259sind\u0259 100 ya\u015fay\u0131\u015f m\u0259nt\u0259q\u0259si v\u0259 yeni ya\u015fay\u0131\u015f massivind\u0259 da\u015f\u0131y\u0131c\u0131 v\u0259 paylay\u0131c\u0131 qaz t\u0259s\u0259rr\u00fcfat\u0131 infrastrukturunun qurulmas\u0131 i\u015fl\u0259ri tamamlan\u0131b.<\/p>\n<p>APA x\u0259b\u0259r verir ki, bunu SOCAR \u201cAz\u0259riqaz\u201d \u0130stehsalat Birliyinin \u015eikay\u0259tl\u0259rin ara\u015fd\u0131r\u0131lmas\u0131 \u015f\u00f6b\u0259sinin r\u0259isi \u0130brahim K\u0259rbalayev \u201cA\u00e7\u0131q qap\u0131\u201d aksiyas\u0131 \u00e7\u0259r\u00e7iv\u0259sind\u0259 bildirib.<\/p>\n<p>Onun s\u00f6zl\u0259rin\u0259 g\u00f6r\u0259, bu il \u00fc\u00e7\u00fcn 150 k\u0259nd v\u0259 yeni ya\u015fay\u0131\u015f massivind\u0259 qaz infrastrukturunun qurulmas\u0131 n\u0259z\u0259rd\u0259 tutulub.<\/p>\n<p>\u015e\u00f6b\u0259 m\u00fcdiri onu da qeyd edib ki, proqramda n\u0259z\u0259rd\u0259 tutulan ya\u015fay\u0131\u015f\u00a0m\u0259nt\u0259q\u0259sinin 100-d\u0259 i\u015fl\u0259r tamamlan\u0131b, qalan 50-d\u0259 is\u0259 ilin sonunad\u0259k ba\u015fa \u00e7atd\u0131r\u0131lmas\u0131 n\u0259z\u0259rd\u0259 tutulub.<\/p>\n<p>\u0130brahim K\u0259rbalayev onu da \u0259lav\u0259 etdi ki, \u00f6t\u0259n il \u201cAz\u0259riqaz\u201d t\u0259r\u0259find\u0259n 110 ya\u015fay\u0131\u015f m\u0259nt\u0259q\u0259sind\u0259 da\u015f\u0131y\u0131c\u0131 v\u0259 paylay\u0131c\u0131 qaz infrastrukturunun qurulmas\u0131 i\u015fl\u0259ri h\u0259yata ke\u00e7irilib.<\/p>\n","protected":false},"excerpt":{"rendered":"<p>Bu il \u00fc\u00e7\u00fcn n\u0259z\u0259rd\u0259 tutulan qazla\u015fd\u0131rma i\u015fl\u0259ri \u00e7\u0259r\u00e7iv\u0259sind\u0259 100 ya\u015fay\u0131\u015f m\u0259nt\u0259q\u0259si v\u0259 yeni ya\u015fay\u0131\u015f massivind\u0259 da\u015f\u0131y\u0131c\u0131 v\u0259 paylay\u0131c\u0131 qaz t\u0259s\u0259rr\u00fcfat\u0131 infrastrukturunun qurulmas\u0131 i\u015fl\u0259ri tamamlan\u0131b. APA x\u0259b\u0259r verir ki, bunu SOCAR \u201cAz\u0259riqaz\u201d \u0130stehsalat Birliyinin \u015eikay\u0259tl\u0259rin ara\u015fd\u0131r\u0131lmas\u0131 \u015f\u00f6b\u0259sinin r\u0259isi \u0130brahim K\u0259rbalayev \u201cA\u00e7\u0131q qap\u0131\u201d aksiyas\u0131 \u00e7\u0259r\u00e7iv\u0259sind\u0259 bildirib. Onun s\u00f6zl\u0259rin\u0259 g\u00f6r\u0259, bu il \u00fc\u00e7\u00fcn 150 k\u0259nd v\u0259 yeni ya\u015fay\u0131\u015f massivind\u0259 qaz infrastrukturunun qurulmas\u0131 n\u0259z\u0259rd\u0259 tutulub. \u015e\u00f6b\u0259 m\u00fcdiri onu da qeyd edib ki, proqramda n\u0259z\u0259rd\u0259 tutulan ya\u015fay\u0131\u015f\u00a0m\u0259nt\u0259q\u0259sinin 100-d\u0259 i\u015fl\u0259r tamamlan\u0131b, qalan 50-d\u0259 is\u0259 ilin sonunad\u0259k ba\u015fa \u00e7atd\u0131r\u0131lmas\u0131 n\u0259z\u0259rd\u0259 tutulub. \u0130brahim K\u0259rbalayev onu da \u0259lav\u0259 etdi&hellip;<\/p>\n","protected":false},"author":2,"featured_media":633366,"comment_status":"closed","ping_status":"closed","sticky":false,"template":"","format":"standard","meta":{"om_disable_all_campaigns":false,"_monsterinsights_skip_tracking":false,"_monsterinsights_sitenote_active":false,"_monsterinsights_sitenote_note":"","_monsterinsights_sitenote_category":0},"categories":[19],"tags":[],"aioseo_notices":[],"gutentor_comment":0,"rttpg_featured_image_url":{"full":["https:\/\/arantv.az\/wp-content\/uploads\/2023\/09\/6504091cc9b506504091cc9b5116947632926504091cc9b4e6504091cc9b4f.jpg",620,413,false],"landscape":["https:\/\/arantv.az\/wp-content\/uploads\/2023\/09\/6504091cc9b506504091cc9b5116947632926504091cc9b4e6504091cc9b4f.jpg",620,413,false],"portraits":["https:\/\/arantv.az\/wp-content\/uploads\/2023\/09\/6504091cc9b506504091cc9b5116947632926504091cc9b4e6504091cc9b4f.jpg",620,413,false],"thumbnail":["https:\/\/arantv.az\/wp-content\/uploads\/2023\/09\/6504091cc9b506504091cc9b5116947632926504091cc9b4e6504091cc9b4f-500x280.jpg",500,280,true],"medium":["https:\/\/arantv.az\/wp-content\/uploads\/2023\/09\/6504091cc9b506504091cc9b5116947632926504091cc9b4e6504091cc9b4f-548x365.jpg",548,365,true],"large":["https:\/\/arantv.az\/wp-content\/uploads\/2023\/09\/6504091cc9b506504091cc9b5116947632926504091cc9b4e6504091cc9b4f.jpg",620,413,false],"1536x1536":["https:\/\/arantv.az\/wp-content\/uploads\/2023\/09\/6504091cc9b506504091cc9b5116947632926504091cc9b4e6504091cc9b4f.jpg",620,413,false],"2048x2048":["https:\/\/arantv.az\/wp-content\/uploads\/2023\/09\/6504091cc9b506504091cc9b5116947632926504091cc9b4e6504091cc9b4f.jpg",620,413,false],"post-thumbnail":["https:\/\/arantv.az\/wp-content\/uploads\/2023\/09\/6504091cc9b506504091cc9b5116947632926504091cc9b4e6504091cc9b4f-240x172.jpg",240,172,true],"advps-thumb-one":["https:\/\/arantv.az\/wp-content\/uploads\/2023\/09\/6504091cc9b506504091cc9b5116947632926504091cc9b4e6504091cc9b4f.jpg",620,413,false]},"rttpg_author":{"display_name":"V\u00fcsal Rafiqo\u011flu","author_link":"https:\/\/arantv.az\/?author=2"},"rttpg_comment":0,"rttpg_category":"<a href=\"https:\/\/arantv.az\/?cat=19\" rel=\"category\">G\u00fcnd\u0259m<\/a>","rttpg_excerpt":"Bu il \u00fc\u00e7\u00fcn n\u0259z\u0259rd\u0259 tutulan qazla\u015fd\u0131rma i\u015fl\u0259ri \u00e7\u0259r\u00e7iv\u0259sind\u0259 100 ya\u015fay\u0131\u015f m\u0259nt\u0259q\u0259si v\u0259 yeni ya\u015fay\u0131\u015f massivind\u0259 da\u015f\u0131y\u0131c\u0131 v\u0259 paylay\u0131c\u0131 qaz t\u0259s\u0259rr\u00fcfat\u0131 infrastrukturunun qurulmas\u0131 i\u015fl\u0259ri tamamlan\u0131b. APA x\u0259b\u0259r verir ki, bunu SOCAR \u201cAz\u0259riqaz\u201d \u0130stehsalat Birliyinin \u015eikay\u0259tl\u0259rin ara\u015fd\u0131r\u0131lmas\u0131 \u015f\u00f6b\u0259sinin r\u0259isi \u0130brahim K\u0259rbalayev \u201cA\u00e7\u0131q qap\u0131\u201d aksiyas\u0131 \u00e7\u0259r\u00e7iv\u0259sind\u0259 bildirib. Onun s\u00f6zl\u0259rin\u0259 g\u00f6r\u0259, bu il \u00fc\u00e7\u00fcn 150 k\u0259nd v\u0259 yeni ya\u015fay\u0131\u015f&hellip;","_links":{"self":[{"href":"https:\/\/arantv.az\/index.php?rest_route=\/wp\/v2\/posts\/633364"}],"collection":[{"href":"https:\/\/arantv.az\/index.php?rest_route=\/wp\/v2\/posts"}],"about":[{"href":"https:\/\/arantv.az\/index.php?rest_route=\/wp\/v2\/types\/post"}],"author":[{"embeddable":true,"href":"https:\/\/arantv.az\/index.php?rest_route=\/wp\/v2\/users\/2"}],"replies":[{"embeddable":true,"href":"https:\/\/arantv.az\/index.php?rest_route=%2Fwp%2Fv2%2Fcomments&post=633364"}],"version-history":[{"count":0,"href":"https:\/\/arantv.az\/index.php?rest_route=\/wp\/v2\/posts\/633364\/revisions"}],"wp:featuredmedia":[{"embeddable":true,"href":"https:\/\/arantv.az\/index.php?rest_route=\/wp\/v2\/media\/633366"}],"wp:attachment":[{"href":"https:\/\/arantv.az\/index.php?rest_route=%2Fwp%2Fv2%2Fmedia&parent=633364"}],"wp:term":[{"taxonomy":"category","embeddable":true,"href":"https:\/\/arantv.az\/index.php?rest_route=%2Fwp%2Fv2%2Fcategories&post=633364"},{"taxonomy":"post_tag","embeddable":true,"href":"https:\/\/arantv.az\/index.php?rest_route=%2Fwp%2Fv2%2Ftags&post=633364"}],"curies":[{"name":"wp","href":"https:\/\/api.w.org\/{rel}","templated":true}]}}