{"id":633369,"date":"2023-09-15T16:15:37","date_gmt":"2023-09-15T12:15:37","guid":{"rendered":"https:\/\/arantv.az\/?p=633369"},"modified":"2023-09-15T16:15:37","modified_gmt":"2023-09-15T12:15:37","slug":"kamran-%c9%99liyev-axtarisda-olan-erm%c9%99ni%c9%99silli-s%c9%99xsl%c9%99rin-istintaqa-t%c9%99hvil-verilm%c9%99si-isl%c9%99ri-sur%c9%99tl%c9%99ndirilib","status":"publish","type":"post","link":"https:\/\/arantv.az\/?p=633369","title":{"rendered":"Kamran \u018fliyev: \u201cAxtar\u0131\u015fda olan erm\u0259ni\u0259silli \u015f\u0259xsl\u0259rin istintaqa t\u0259hvil verilm\u0259si i\u015fl\u0259ri s\u00fcr\u0259tl\u0259ndirilib\u201d"},"content":{"rendered":"<p>\u201cAxtar\u0131\u015fda olan 400-\u0259 yax\u0131n erm\u0259ni\u0259silli \u015f\u0259xsin tutularaq istintaqa t\u0259hvil verilm\u0259si i\u015fl\u0259ri s\u00fcr\u0259tl\u0259ndirilib\u201d.<\/p>\n<p>\u201cReport\u201d x\u0259b\u0259r verir ki, bunu ba\u015f prokuror Kamran \u018fliyev jurnalistl\u0259r\u0259 a\u00e7\u0131qlamas\u0131nda bildirib.<\/p>\n<p>Onun s\u00f6zl\u0259rin\u0259 g\u00f6r\u0259, Erm\u0259nistan k\u00fctl\u0259vi m\u0259zarl\u0131qlarla v\u0259 x\u0259rit\u0259l\u0259rl\u0259 ba\u011fl\u0131 Az\u0259rbaycana m\u0259lumatlar\u0131 vermir:<\/p>\n<p>\u201cVeril\u0259n x\u0259rit\u0259l\u0259rin \u0259ks\u0259riyy\u0259ti d\u0259 reall\u0131\u011f\u0131 \u0259ks etdirmir. Lakin biz bu istiqam\u0259td\u0259 f\u0259aliyy\u0259timizi davam etdir\u0259c\u0259yik. Haz\u0131rda axtar\u0131\u015fda 400-\u0259 yax\u0131n erm\u0259ni\u0259silli \u015f\u0259xs var. Onlar\u0131n tutularaq istintaqa t\u0259hvil verilm\u0259si i\u015fl\u0259ri s\u00fcr\u0259tl\u0259ndirilib. \u00dcmidvaram ki, bu istiqam\u0259td\u0259 m\u00fcsb\u0259t n\u0259tic\u0259l\u0259r \u0259ld\u0259 olunacaq\u201d.<\/p>\n","protected":false},"excerpt":{"rendered":"<p>\u201cAxtar\u0131\u015fda olan 400-\u0259 yax\u0131n erm\u0259ni\u0259silli \u015f\u0259xsin tutularaq istintaqa t\u0259hvil verilm\u0259si i\u015fl\u0259ri s\u00fcr\u0259tl\u0259ndirilib\u201d. \u201cReport\u201d x\u0259b\u0259r verir ki, bunu ba\u015f prokuror Kamran \u018fliyev jurnalistl\u0259r\u0259 a\u00e7\u0131qlamas\u0131nda bildirib. Onun s\u00f6zl\u0259rin\u0259 g\u00f6r\u0259, Erm\u0259nistan k\u00fctl\u0259vi m\u0259zarl\u0131qlarla v\u0259 x\u0259rit\u0259l\u0259rl\u0259 ba\u011fl\u0131 Az\u0259rbaycana m\u0259lumatlar\u0131 vermir: \u201cVeril\u0259n x\u0259rit\u0259l\u0259rin \u0259ks\u0259riyy\u0259ti d\u0259 reall\u0131\u011f\u0131 \u0259ks etdirmir. Lakin biz bu istiqam\u0259td\u0259 f\u0259aliyy\u0259timizi davam etdir\u0259c\u0259yik. Haz\u0131rda axtar\u0131\u015fda 400-\u0259 yax\u0131n erm\u0259ni\u0259silli \u015f\u0259xs var. Onlar\u0131n tutularaq istintaqa t\u0259hvil verilm\u0259si i\u015fl\u0259ri s\u00fcr\u0259tl\u0259ndirilib. \u00dcmidvaram ki, bu istiqam\u0259td\u0259 m\u00fcsb\u0259t n\u0259tic\u0259l\u0259r \u0259ld\u0259 olunacaq\u201d.<\/p>\n","protected":false},"author":2,"featured_media":633372,"comment_status":"closed","ping_status":"closed","sticky":false,"template":"","format":"standard","meta":{"om_disable_all_campaigns":false,"_monsterinsights_skip_tracking":false,"_monsterinsights_sitenote_active":false,"_monsterinsights_sitenote_note":"","_monsterinsights_sitenote_category":0},"categories":[4],"tags":[],"aioseo_notices":[],"gutentor_comment":0,"rttpg_featured_image_url":{"full":["https:\/\/arantv.az\/wp-content\/uploads\/2023\/09\/4259f370-5397-39a7-8d15-8cbff3b69b35_850.jpg",620,413,false],"landscape":["https:\/\/arantv.az\/wp-content\/uploads\/2023\/09\/4259f370-5397-39a7-8d15-8cbff3b69b35_850.jpg",620,413,false],"portraits":["https:\/\/arantv.az\/wp-content\/uploads\/2023\/09\/4259f370-5397-39a7-8d15-8cbff3b69b35_850.jpg",620,413,false],"thumbnail":["https:\/\/arantv.az\/wp-content\/uploads\/2023\/09\/4259f370-5397-39a7-8d15-8cbff3b69b35_850-500x280.jpg",500,280,true],"medium":["https:\/\/arantv.az\/wp-content\/uploads\/2023\/09\/4259f370-5397-39a7-8d15-8cbff3b69b35_850-548x365.jpg",548,365,true],"large":["https:\/\/arantv.az\/wp-content\/uploads\/2023\/09\/4259f370-5397-39a7-8d15-8cbff3b69b35_850.jpg",620,413,false],"1536x1536":["https:\/\/arantv.az\/wp-content\/uploads\/2023\/09\/4259f370-5397-39a7-8d15-8cbff3b69b35_850.jpg",620,413,false],"2048x2048":["https:\/\/arantv.az\/wp-content\/uploads\/2023\/09\/4259f370-5397-39a7-8d15-8cbff3b69b35_850.jpg",620,413,false],"post-thumbnail":["https:\/\/arantv.az\/wp-content\/uploads\/2023\/09\/4259f370-5397-39a7-8d15-8cbff3b69b35_850-240x172.jpg",240,172,true],"advps-thumb-one":["https:\/\/arantv.az\/wp-content\/uploads\/2023\/09\/4259f370-5397-39a7-8d15-8cbff3b69b35_850.jpg",620,413,false]},"rttpg_author":{"display_name":"V\u00fcsal Rafiqo\u011flu","author_link":"https:\/\/arantv.az\/?author=2"},"rttpg_comment":0,"rttpg_category":"<a href=\"https:\/\/arantv.az\/?cat=4\" rel=\"category\">Siyas\u0259t<\/a>","rttpg_excerpt":"\u201cAxtar\u0131\u015fda olan 400-\u0259 yax\u0131n erm\u0259ni\u0259silli \u015f\u0259xsin tutularaq istintaqa t\u0259hvil verilm\u0259si i\u015fl\u0259ri s\u00fcr\u0259tl\u0259ndirilib\u201d. \u201cReport\u201d x\u0259b\u0259r verir ki, bunu ba\u015f prokuror Kamran \u018fliyev jurnalistl\u0259r\u0259 a\u00e7\u0131qlamas\u0131nda bildirib. Onun s\u00f6zl\u0259rin\u0259 g\u00f6r\u0259, Erm\u0259nistan k\u00fctl\u0259vi m\u0259zarl\u0131qlarla v\u0259 x\u0259rit\u0259l\u0259rl\u0259 ba\u011fl\u0131 Az\u0259rbaycana m\u0259lumatlar\u0131 vermir: \u201cVeril\u0259n x\u0259rit\u0259l\u0259rin \u0259ks\u0259riyy\u0259ti d\u0259 reall\u0131\u011f\u0131 \u0259ks etdirmir. Lakin biz bu istiqam\u0259td\u0259 f\u0259aliyy\u0259timizi davam etdir\u0259c\u0259yik. Haz\u0131rda axtar\u0131\u015fda 400-\u0259 yax\u0131n erm\u0259ni\u0259silli&hellip;","_links":{"self":[{"href":"https:\/\/arantv.az\/index.php?rest_route=\/wp\/v2\/posts\/633369"}],"collection":[{"href":"https:\/\/arantv.az\/index.php?rest_route=\/wp\/v2\/posts"}],"about":[{"href":"https:\/\/arantv.az\/index.php?rest_route=\/wp\/v2\/types\/post"}],"author":[{"embeddable":true,"href":"https:\/\/arantv.az\/index.php?rest_route=\/wp\/v2\/users\/2"}],"replies":[{"embeddable":true,"href":"https:\/\/arantv.az\/index.php?rest_route=%2Fwp%2Fv2%2Fcomments&post=633369"}],"version-history":[{"count":0,"href":"https:\/\/arantv.az\/index.php?rest_route=\/wp\/v2\/posts\/633369\/revisions"}],"wp:featuredmedia":[{"embeddable":true,"href":"https:\/\/arantv.az\/index.php?rest_route=\/wp\/v2\/media\/633372"}],"wp:attachment":[{"href":"https:\/\/arantv.az\/index.php?rest_route=%2Fwp%2Fv2%2Fmedia&parent=633369"}],"wp:term":[{"taxonomy":"category","embeddable":true,"href":"https:\/\/arantv.az\/index.php?rest_route=%2Fwp%2Fv2%2Fcategories&post=633369"},{"taxonomy":"post_tag","embeddable":true,"href":"https:\/\/arantv.az\/index.php?rest_route=%2Fwp%2Fv2%2Ftags&post=633369"}],"curies":[{"name":"wp","href":"https:\/\/api.w.org\/{rel}","templated":true}]}}