{"id":633374,"date":"2023-09-15T16:22:46","date_gmt":"2023-09-15T12:22:46","guid":{"rendered":"https:\/\/arantv.az\/?p=633374"},"modified":"2023-09-15T16:22:46","modified_gmt":"2023-09-15T12:22:46","slug":"turkiy%c9%99d%c9%99-covid-19-un-yeni-stammi-yayilib","status":"publish","type":"post","link":"https:\/\/arantv.az\/?p=633374","title":{"rendered":"T\u00fcrkiy\u0259d\u0259 COVID-19-un yeni \u015ftamm\u0131 yay\u0131l\u0131b"},"content":{"rendered":"<p>T\u00fcrkiy\u0259d\u0259 COVID-19-un yeni \u015ftamm\u0131 olan \u201cEris\u201d yay\u0131l\u0131b.<\/p>\n<p>Bu bar\u0259d\u0259 \u00f6lk\u0259nin s\u0259hiyy\u0259 naziri Fahrettin Koca b\u0259yan edib.<\/p>\n<p>Onun s\u00f6zl\u0259rin\u0259 g\u00f6r\u0259 yeni variant art\u0131q doqquz n\u0259f\u0259rd\u0259 tap\u0131l\u0131b.<\/p>\n<p>Qurum r\u0259hb\u0259ri bununla bel\u0259 v\u0259t\u0259nda\u015flar\u0131 t\u0259la\u015fa d\u00fc\u015fm\u0259m\u0259y\u0259 \u00e7a\u011f\u0131r\u0131b. F.Koca bildirib ki, \u015ftamm ba\u015fqa \u00f6lk\u0259l\u0259rd\u0259 yay\u0131lm\u0131\u015fd\u0131 v\u0259 T\u00fcrkiy\u0259d\u0259\u00a0d\u0259 g\u00f6zl\u0259nilirdi. O, x\u00fcsus\u0259n ya\u015fl\u0131lar\u0131 v\u0259 xroniki x\u0259st\u0259likl\u0259rd\u0259n \u0259ziyy\u0259t \u00e7\u0259k\u0259nl\u0259ri diqq\u0259tli olma\u011fa \u00e7a\u011f\u0131r\u0131b.<\/p>\n<p>Qeyd ed\u0259k ki, bu variantda g\u00f6r\u00fcn\u0259n \u0259sas simptom dadbilm\u0259 v\u0259 iybilm\u0259 hissinin itm\u0259sidir.<\/p>\n<p>\u201cEris\u201d \u015ftamm\u0131 d\u00fcnyan\u0131n 52 \u00f6lk\u0259sind\u0259 yay\u0131l\u0131b. M\u00fct\u0259x\u0259ssisl\u0259rin fikrinc\u0259, yax\u0131n g\u0259l\u0259c\u0259kd\u0259 statistikada ciddi art\u0131m m\u00fc\u015fahid\u0259 oluna bil\u0259r.<\/p>\n<p>M\u0259nb\u0259: Haber Global<\/p>\n","protected":false},"excerpt":{"rendered":"<p>T\u00fcrkiy\u0259d\u0259 COVID-19-un yeni \u015ftamm\u0131 olan \u201cEris\u201d yay\u0131l\u0131b. Bu bar\u0259d\u0259 \u00f6lk\u0259nin s\u0259hiyy\u0259 naziri Fahrettin Koca b\u0259yan edib. Onun s\u00f6zl\u0259rin\u0259 g\u00f6r\u0259 yeni variant art\u0131q doqquz n\u0259f\u0259rd\u0259 tap\u0131l\u0131b. Qurum r\u0259hb\u0259ri bununla bel\u0259 v\u0259t\u0259nda\u015flar\u0131 t\u0259la\u015fa d\u00fc\u015fm\u0259m\u0259y\u0259 \u00e7a\u011f\u0131r\u0131b. F.Koca bildirib ki, \u015ftamm ba\u015fqa \u00f6lk\u0259l\u0259rd\u0259 yay\u0131lm\u0131\u015fd\u0131 v\u0259 T\u00fcrkiy\u0259d\u0259\u00a0d\u0259 g\u00f6zl\u0259nilirdi. O, x\u00fcsus\u0259n ya\u015fl\u0131lar\u0131 v\u0259 xroniki x\u0259st\u0259likl\u0259rd\u0259n \u0259ziyy\u0259t \u00e7\u0259k\u0259nl\u0259ri diqq\u0259tli olma\u011fa \u00e7a\u011f\u0131r\u0131b. Qeyd ed\u0259k ki, bu variantda g\u00f6r\u00fcn\u0259n \u0259sas simptom dadbilm\u0259 v\u0259 iybilm\u0259 hissinin itm\u0259sidir. \u201cEris\u201d \u015ftamm\u0131 d\u00fcnyan\u0131n 52 \u00f6lk\u0259sind\u0259 yay\u0131l\u0131b. M\u00fct\u0259x\u0259ssisl\u0259rin fikrinc\u0259, yax\u0131n g\u0259l\u0259c\u0259kd\u0259 statistikada ciddi art\u0131m m\u00fc\u015fahid\u0259 oluna bil\u0259r. M\u0259nb\u0259: Haber Global<\/p>\n","protected":false},"author":2,"featured_media":633375,"comment_status":"closed","ping_status":"closed","sticky":false,"template":"","format":"standard","meta":{"om_disable_all_campaigns":false,"_monsterinsights_skip_tracking":false,"_monsterinsights_sitenote_active":false,"_monsterinsights_sitenote_note":"","_monsterinsights_sitenote_category":0},"categories":[7],"tags":[],"aioseo_notices":[],"gutentor_comment":0,"rttpg_featured_image_url":{"full":["https:\/\/arantv.az\/wp-content\/uploads\/2023\/09\/osman-elbek.jpg",620,413,false],"landscape":["https:\/\/arantv.az\/wp-content\/uploads\/2023\/09\/osman-elbek.jpg",620,413,false],"portraits":["https:\/\/arantv.az\/wp-content\/uploads\/2023\/09\/osman-elbek.jpg",620,413,false],"thumbnail":["https:\/\/arantv.az\/wp-content\/uploads\/2023\/09\/osman-elbek-500x280.jpg",500,280,true],"medium":["https:\/\/arantv.az\/wp-content\/uploads\/2023\/09\/osman-elbek-548x365.jpg",548,365,true],"large":["https:\/\/arantv.az\/wp-content\/uploads\/2023\/09\/osman-elbek.jpg",620,413,false],"1536x1536":["https:\/\/arantv.az\/wp-content\/uploads\/2023\/09\/osman-elbek.jpg",620,413,false],"2048x2048":["https:\/\/arantv.az\/wp-content\/uploads\/2023\/09\/osman-elbek.jpg",620,413,false],"post-thumbnail":["https:\/\/arantv.az\/wp-content\/uploads\/2023\/09\/osman-elbek-240x172.jpg",240,172,true],"advps-thumb-one":["https:\/\/arantv.az\/wp-content\/uploads\/2023\/09\/osman-elbek.jpg",620,413,false]},"rttpg_author":{"display_name":"V\u00fcsal Rafiqo\u011flu","author_link":"https:\/\/arantv.az\/?author=2"},"rttpg_comment":0,"rttpg_category":"<a href=\"https:\/\/arantv.az\/?cat=7\" rel=\"category\">D\u00fcnya<\/a>","rttpg_excerpt":"T\u00fcrkiy\u0259d\u0259 COVID-19-un yeni \u015ftamm\u0131 olan \u201cEris\u201d yay\u0131l\u0131b. Bu bar\u0259d\u0259 \u00f6lk\u0259nin s\u0259hiyy\u0259 naziri Fahrettin Koca b\u0259yan edib. Onun s\u00f6zl\u0259rin\u0259 g\u00f6r\u0259 yeni variant art\u0131q doqquz n\u0259f\u0259rd\u0259 tap\u0131l\u0131b. Qurum r\u0259hb\u0259ri bununla bel\u0259 v\u0259t\u0259nda\u015flar\u0131 t\u0259la\u015fa d\u00fc\u015fm\u0259m\u0259y\u0259 \u00e7a\u011f\u0131r\u0131b. F.Koca bildirib ki, \u015ftamm ba\u015fqa \u00f6lk\u0259l\u0259rd\u0259 yay\u0131lm\u0131\u015fd\u0131 v\u0259 T\u00fcrkiy\u0259d\u0259\u00a0d\u0259 g\u00f6zl\u0259nilirdi. O, x\u00fcsus\u0259n ya\u015fl\u0131lar\u0131 v\u0259 xroniki x\u0259st\u0259likl\u0259rd\u0259n \u0259ziyy\u0259t \u00e7\u0259k\u0259nl\u0259ri diqq\u0259tli olma\u011fa \u00e7a\u011f\u0131r\u0131b. Qeyd&hellip;","_links":{"self":[{"href":"https:\/\/arantv.az\/index.php?rest_route=\/wp\/v2\/posts\/633374"}],"collection":[{"href":"https:\/\/arantv.az\/index.php?rest_route=\/wp\/v2\/posts"}],"about":[{"href":"https:\/\/arantv.az\/index.php?rest_route=\/wp\/v2\/types\/post"}],"author":[{"embeddable":true,"href":"https:\/\/arantv.az\/index.php?rest_route=\/wp\/v2\/users\/2"}],"replies":[{"embeddable":true,"href":"https:\/\/arantv.az\/index.php?rest_route=%2Fwp%2Fv2%2Fcomments&post=633374"}],"version-history":[{"count":0,"href":"https:\/\/arantv.az\/index.php?rest_route=\/wp\/v2\/posts\/633374\/revisions"}],"wp:featuredmedia":[{"embeddable":true,"href":"https:\/\/arantv.az\/index.php?rest_route=\/wp\/v2\/media\/633375"}],"wp:attachment":[{"href":"https:\/\/arantv.az\/index.php?rest_route=%2Fwp%2Fv2%2Fmedia&parent=633374"}],"wp:term":[{"taxonomy":"category","embeddable":true,"href":"https:\/\/arantv.az\/index.php?rest_route=%2Fwp%2Fv2%2Fcategories&post=633374"},{"taxonomy":"post_tag","embeddable":true,"href":"https:\/\/arantv.az\/index.php?rest_route=%2Fwp%2Fv2%2Ftags&post=633374"}],"curies":[{"name":"wp","href":"https:\/\/api.w.org\/{rel}","templated":true}]}}