{"id":633400,"date":"2023-09-15T18:32:23","date_gmt":"2023-09-15T14:32:23","guid":{"rendered":"https:\/\/arantv.az\/?p=633400"},"modified":"2023-09-15T18:32:23","modified_gmt":"2023-09-15T14:32:23","slug":"ramazan-sahin-az%c9%99rbaycan-din-t%c9%99r%c9%99find%c9%99n-t%c9%99ltif-edilib-foto","status":"publish","type":"post","link":"https:\/\/arantv.az\/?p=633400","title":{"rendered":"Ramazan \u015eahin Az\u0259rbaycan D\u0130N t\u0259r\u0259find\u0259n t\u0259ltif edilib &#8211; FOTO"},"content":{"rendered":"<p>Sentyabr\u0131n 8-d\u0259 UEFA AVRO-2024-\u00fcn se\u00e7m\u0259 m\u0259rh\u0259l\u0259sind\u0259 T\u00fcrkiy\u0259-Erm\u0259nistan mat\u00e7\u0131nda stadiona g\u0259l\u0259n azarke\u015fl\u0259rin yoxlan\u0131\u015f\u0131nda Az\u0259rbaycan Bayra\u011f\u0131na g\u00f6st\u0259rdiyi ehtirama g\u00f6r\u0259 T\u00fcrkiy\u0259 Daxili \u0130\u015fl\u0259r Nazirliyinin D\u00fczc\u0259 \u018fmniyy\u0259t M\u00fcdirliyinin polis m\u0259muru Ramazan \u015eahin Az\u0259rbaycan D\u0130N t\u0259r\u0259find\u0259n t\u0259ltif edilib.<\/p>\n<p>D\u0130N-in M\u0259tbuat Xidm\u0259tind\u0259n bildirilib ki, daxili i\u015fl\u0259r naziri, general-polkovnik Vilay\u0259t Eyvazov Az\u0259rbaycan-T\u00fcrkiy\u0259 d\u00f6vl\u0259tl\u0259ri aras\u0131nda qarda\u015fl\u0131q v\u0259 dostlu\u011fun r\u0259mzi olaraq R.\u015eahinin \u201cBeyn\u0259lxalq \u0259m\u0259kda\u015fl\u0131\u011fa g\u00f6r\u0259\u201d d\u00f6\u015f ni\u015fan\u0131 il\u0259 t\u0259ltif edilm\u0259si haqq\u0131nda \u0259mr imzalay\u0131b.<\/p>\n<p>D\u0130N \u0259m\u0259kda\u015flar\u0131 T\u00fcrkiy\u0259y\u0259 ged\u0259r\u0259k t\u0259ltif medal\u0131n\u0131 v\u0259 xatir\u0259 h\u0259diyy\u0259l\u0259rini \u0259mniyy\u0259t m\u00fcdiri \u0130brahim Erg\u00fcderin i\u015ftirak\u0131 il\u0259 R.\u015eahin\u0259 t\u0259qdim edibl\u0259r.<\/p>\n<p>&nbsp;<\/p>\n<div class=\"gallery\">\n<div class=\"gallery-i\"><img src=\"https:\/\/cdn.oxu.az\/uploads\/W1siZiIsIjIwMjMvMDkvMTUvMTcvMzQvMTEvYzg5ZTMyZDYtYzRmYi00NjRlLTg4NmItY2MxYzAyNGU3MmM5L0lNR182MTM3LmpwZyJdLFsicCIsImVuY29kZSIsImpwZyIsIi1xdWFsaXR5IDgwIl0sWyJwIiwidGh1bWIiLCI1OTB4NTkwXHUwMDNlIl1d?sha=8890e3062ce83088\" alt=\"\" \/><\/p>\n<div class=\"gallery-i-caption\"><\/div>\n<\/div>\n<div class=\"gallery-i\"><img src=\"https:\/\/cdn.oxu.az\/uploads\/W1siZiIsIjIwMjMvMDkvMTUvMTcvMzQvMjAvZDI3ZTFlODMtNmE4Mi00NmEzLWExNTYtZmNhYTQxZDdjOGNhL0lNR182MTQ2LmpwZyJdLFsicCIsImVuY29kZSIsImpwZyIsIi1xdWFsaXR5IDgwIl0sWyJwIiwidGh1bWIiLCI1OTB4NTkwXHUwMDNlIl1d?sha=19923b5cd30a8238\" alt=\"\" \/><\/div>\n<\/div>\n","protected":false},"excerpt":{"rendered":"<p>Sentyabr\u0131n 8-d\u0259 UEFA AVRO-2024-\u00fcn se\u00e7m\u0259 m\u0259rh\u0259l\u0259sind\u0259 T\u00fcrkiy\u0259-Erm\u0259nistan mat\u00e7\u0131nda stadiona g\u0259l\u0259n azarke\u015fl\u0259rin yoxlan\u0131\u015f\u0131nda Az\u0259rbaycan Bayra\u011f\u0131na g\u00f6st\u0259rdiyi ehtirama g\u00f6r\u0259 T\u00fcrkiy\u0259 Daxili \u0130\u015fl\u0259r Nazirliyinin D\u00fczc\u0259 \u018fmniyy\u0259t M\u00fcdirliyinin polis m\u0259muru Ramazan \u015eahin Az\u0259rbaycan D\u0130N t\u0259r\u0259find\u0259n t\u0259ltif edilib. D\u0130N-in M\u0259tbuat Xidm\u0259tind\u0259n bildirilib ki, daxili i\u015fl\u0259r naziri, general-polkovnik Vilay\u0259t Eyvazov Az\u0259rbaycan-T\u00fcrkiy\u0259 d\u00f6vl\u0259tl\u0259ri aras\u0131nda qarda\u015fl\u0131q v\u0259 dostlu\u011fun r\u0259mzi olaraq R.\u015eahinin \u201cBeyn\u0259lxalq \u0259m\u0259kda\u015fl\u0131\u011fa g\u00f6r\u0259\u201d d\u00f6\u015f ni\u015fan\u0131 il\u0259 t\u0259ltif edilm\u0259si haqq\u0131nda \u0259mr imzalay\u0131b. D\u0130N \u0259m\u0259kda\u015flar\u0131 T\u00fcrkiy\u0259y\u0259 ged\u0259r\u0259k t\u0259ltif medal\u0131n\u0131 v\u0259 xatir\u0259 h\u0259diyy\u0259l\u0259rini \u0259mniyy\u0259t m\u00fcdiri \u0130brahim Erg\u00fcderin i\u015ftirak\u0131 il\u0259 R.\u015eahin\u0259 t\u0259qdim edibl\u0259r. &nbsp;<\/p>\n","protected":false},"author":2,"featured_media":633405,"comment_status":"closed","ping_status":"closed","sticky":false,"template":"","format":"standard","meta":{"om_disable_all_campaigns":false,"_monsterinsights_skip_tracking":false,"_monsterinsights_sitenote_active":false,"_monsterinsights_sitenote_note":"","_monsterinsights_sitenote_category":0},"categories":[1],"tags":[],"aioseo_notices":[],"gutentor_comment":0,"rttpg_featured_image_url":{"full":["https:\/\/arantv.az\/wp-content\/uploads\/2023\/09\/IMG_6149.jpg",620,413,false],"landscape":["https:\/\/arantv.az\/wp-content\/uploads\/2023\/09\/IMG_6149.jpg",620,413,false],"portraits":["https:\/\/arantv.az\/wp-content\/uploads\/2023\/09\/IMG_6149.jpg",620,413,false],"thumbnail":["https:\/\/arantv.az\/wp-content\/uploads\/2023\/09\/IMG_6149-500x280.jpg",500,280,true],"medium":["https:\/\/arantv.az\/wp-content\/uploads\/2023\/09\/IMG_6149-548x365.jpg",548,365,true],"large":["https:\/\/arantv.az\/wp-content\/uploads\/2023\/09\/IMG_6149.jpg",620,413,false],"1536x1536":["https:\/\/arantv.az\/wp-content\/uploads\/2023\/09\/IMG_6149.jpg",620,413,false],"2048x2048":["https:\/\/arantv.az\/wp-content\/uploads\/2023\/09\/IMG_6149.jpg",620,413,false],"post-thumbnail":["https:\/\/arantv.az\/wp-content\/uploads\/2023\/09\/IMG_6149-240x172.jpg",240,172,true],"advps-thumb-one":["https:\/\/arantv.az\/wp-content\/uploads\/2023\/09\/IMG_6149.jpg",620,413,false]},"rttpg_author":{"display_name":"V\u00fcsal Rafiqo\u011flu","author_link":"https:\/\/arantv.az\/?author=2"},"rttpg_comment":0,"rttpg_category":"<a href=\"https:\/\/arantv.az\/?cat=1\" rel=\"category\">C\u0259miyy\u0259t<\/a>","rttpg_excerpt":"Sentyabr\u0131n 8-d\u0259 UEFA AVRO-2024-\u00fcn se\u00e7m\u0259 m\u0259rh\u0259l\u0259sind\u0259 T\u00fcrkiy\u0259-Erm\u0259nistan mat\u00e7\u0131nda stadiona g\u0259l\u0259n azarke\u015fl\u0259rin yoxlan\u0131\u015f\u0131nda Az\u0259rbaycan Bayra\u011f\u0131na g\u00f6st\u0259rdiyi ehtirama g\u00f6r\u0259 T\u00fcrkiy\u0259 Daxili \u0130\u015fl\u0259r Nazirliyinin D\u00fczc\u0259 \u018fmniyy\u0259t M\u00fcdirliyinin polis m\u0259muru Ramazan \u015eahin Az\u0259rbaycan D\u0130N t\u0259r\u0259find\u0259n t\u0259ltif edilib. D\u0130N-in M\u0259tbuat Xidm\u0259tind\u0259n bildirilib ki, daxili i\u015fl\u0259r naziri, general-polkovnik Vilay\u0259t Eyvazov Az\u0259rbaycan-T\u00fcrkiy\u0259 d\u00f6vl\u0259tl\u0259ri aras\u0131nda qarda\u015fl\u0131q v\u0259 dostlu\u011fun r\u0259mzi olaraq R.\u015eahinin \u201cBeyn\u0259lxalq \u0259m\u0259kda\u015fl\u0131\u011fa&hellip;","_links":{"self":[{"href":"https:\/\/arantv.az\/index.php?rest_route=\/wp\/v2\/posts\/633400"}],"collection":[{"href":"https:\/\/arantv.az\/index.php?rest_route=\/wp\/v2\/posts"}],"about":[{"href":"https:\/\/arantv.az\/index.php?rest_route=\/wp\/v2\/types\/post"}],"author":[{"embeddable":true,"href":"https:\/\/arantv.az\/index.php?rest_route=\/wp\/v2\/users\/2"}],"replies":[{"embeddable":true,"href":"https:\/\/arantv.az\/index.php?rest_route=%2Fwp%2Fv2%2Fcomments&post=633400"}],"version-history":[{"count":0,"href":"https:\/\/arantv.az\/index.php?rest_route=\/wp\/v2\/posts\/633400\/revisions"}],"wp:featuredmedia":[{"embeddable":true,"href":"https:\/\/arantv.az\/index.php?rest_route=\/wp\/v2\/media\/633405"}],"wp:attachment":[{"href":"https:\/\/arantv.az\/index.php?rest_route=%2Fwp%2Fv2%2Fmedia&parent=633400"}],"wp:term":[{"taxonomy":"category","embeddable":true,"href":"https:\/\/arantv.az\/index.php?rest_route=%2Fwp%2Fv2%2Fcategories&post=633400"},{"taxonomy":"post_tag","embeddable":true,"href":"https:\/\/arantv.az\/index.php?rest_route=%2Fwp%2Fv2%2Ftags&post=633400"}],"curies":[{"name":"wp","href":"https:\/\/api.w.org\/{rel}","templated":true}]}}