{"id":633434,"date":"2023-09-15T18:38:33","date_gmt":"2023-09-15T14:38:33","guid":{"rendered":"https:\/\/arantv.az\/?p=633434"},"modified":"2023-09-15T18:38:33","modified_gmt":"2023-09-15T14:38:33","slug":"rusv%c9%99t%c9%99-gor%c9%99-m%c9%99hkum-edilmisdi-m%c9%99kt%c9%99b-direktoru-t%c9%99yin-olundu","status":"publish","type":"post","link":"https:\/\/arantv.az\/?p=633434","title":{"rendered":"R\u00fc\u015fv\u0259t\u0259 g\u00f6r\u0259 m\u0259hkum edilmi\u015fdi, m\u0259kt\u0259b direktoru t\u0259yin olundu"},"content":{"rendered":"<p>T\u0259rt\u0259r rayonunda r\u00fc\u015fv\u0259t v\u0259 d\u0259l\u0259duzluq kimi \u0259m\u0259ll\u0259rd\u0259 t\u0259qsirli bilin\u0259r\u0259k m\u0259hkum edilmi\u015f v\u0259 c\u0259za m\u00fcdd\u0259tini ba\u015fa vurmu\u015f Ya\u015far M\u0259h\u0259rr\u0259mov m\u0259kt\u0259b direktoru t\u0259yin edilib.<\/p>\n<p>\u201cQafqazinfo\u201dnun \u0259ld\u0259 etdiyi m\u0259lumata g\u00f6r\u0259, \u00f6t\u0259n il Cinay\u0259t M\u0259c\u0259ll\u0259sinin 32.4, 312.2-ci (r\u00fc\u015fv\u0259t verm\u0259d\u0259 i\u015ftirak) v\u0259 178-ci (d\u0259l\u0259duzluq) madd\u0259l\u0259ri il\u0259 t\u0259qsirli bilin\u0259n v\u0259 Bak\u0131 A\u011f\u0131r Cinay\u0259tl\u0259r M\u0259hk\u0259m\u0259sinin h\u00f6km\u00fc il\u0259 1 il m\u00fcdd\u0259t\u0259 d\u00f6vl\u0259t v\u0259 yerli \u00f6z\u00fcn\u00fcidar\u0259etm\u0259 orqanlar\u0131nda r\u0259hb\u0259r v\u0259 maddi-m\u0259sul v\u0259zif\u0259 tutma h\u00fcququndan m\u0259hrum edilm\u0259kl\u0259 1 il \u015f\u0259rti c\u0259zaya m\u0259hkum edil\u0259n Y.M\u0259h\u0259rr\u0259mov Elm v\u0259 t\u0259hsil nazirinin \u0259mri il\u0259 T\u0259rt\u0259r rayon Evo\u011flu k\u0259nd tam orta m\u0259kt\u0259bin\u0259 yeni direktor t\u0259yin edilib. O bu g\u00fcn orta m\u0259kt\u0259bd\u0259 ke\u00e7iril\u0259n t\u0259dbirl\u0259 birg\u0259 direktor kimi v\u0259zif\u0259sinin icras\u0131na ba\u015flay\u0131b.<\/p>\n<p>Bildirilib ki, Y.M\u0259h\u0259rr\u0259mov bu m\u0259kt\u0259bd\u0259 2006-2011-ci ill\u0259rd\u0259 d\u0259 direktor v\u0259zif\u0259sind\u0259 \u00e7al\u0131\u015f\u0131b. O, m\u00fcxt\u0259lif vaxtlarda rayonun Yuxar\u0131 Sar\u0131cal\u0131 k\u0259nd tam orta m\u0259kt\u0259binin direktoru, rayon t\u0259hsil \u015f\u00f6b\u0259sinin m\u00fcdiri v\u0259zif\u0259l\u0259rini d\u0259 tutub.<\/p>\n<p>Ya\u015far M\u0259h\u0259rr\u0259mov a\u00e7\u0131qlamas\u0131nda bar\u0259sind\u0259 m\u0259hk\u0259m\u0259nin \u00e7\u0131xard\u0131\u011f\u0131 h\u00f6km\u00fcn t\u0259l\u0259binin art\u0131q \u00f6d\u0259nildiyini bildirib. O, T\u0259hsil Haqq\u0131nda Qanunun 36-c\u0131 madd\u0259sin\u0259 \u0259sas\u0259n, m\u00fc\u0259yy\u0259n edilmi\u015f hallarda c\u0259zas\u0131 \u00f6d\u0259nilmi\u015f \u015f\u0259xsin sonradan pedaqoji f\u0259aliyy\u0259t\u0259 davam etm\u0259sinin m\u00fcmk\u00fcn oldu\u011funu vur\u011fulay\u0131b.<\/p>\n","protected":false},"excerpt":{"rendered":"<p>T\u0259rt\u0259r rayonunda r\u00fc\u015fv\u0259t v\u0259 d\u0259l\u0259duzluq kimi \u0259m\u0259ll\u0259rd\u0259 t\u0259qsirli bilin\u0259r\u0259k m\u0259hkum edilmi\u015f v\u0259 c\u0259za m\u00fcdd\u0259tini ba\u015fa vurmu\u015f Ya\u015far M\u0259h\u0259rr\u0259mov m\u0259kt\u0259b direktoru t\u0259yin edilib. \u201cQafqazinfo\u201dnun \u0259ld\u0259 etdiyi m\u0259lumata g\u00f6r\u0259, \u00f6t\u0259n il Cinay\u0259t M\u0259c\u0259ll\u0259sinin 32.4, 312.2-ci (r\u00fc\u015fv\u0259t verm\u0259d\u0259 i\u015ftirak) v\u0259 178-ci (d\u0259l\u0259duzluq) madd\u0259l\u0259ri il\u0259 t\u0259qsirli bilin\u0259n v\u0259 Bak\u0131 A\u011f\u0131r Cinay\u0259tl\u0259r M\u0259hk\u0259m\u0259sinin h\u00f6km\u00fc il\u0259 1 il m\u00fcdd\u0259t\u0259 d\u00f6vl\u0259t v\u0259 yerli \u00f6z\u00fcn\u00fcidar\u0259etm\u0259 orqanlar\u0131nda r\u0259hb\u0259r v\u0259 maddi-m\u0259sul v\u0259zif\u0259 tutma h\u00fcququndan m\u0259hrum edilm\u0259kl\u0259 1 il \u015f\u0259rti c\u0259zaya m\u0259hkum edil\u0259n Y.M\u0259h\u0259rr\u0259mov Elm v\u0259 t\u0259hsil nazirinin \u0259mri il\u0259 T\u0259rt\u0259r rayon Evo\u011flu k\u0259nd tam orta m\u0259kt\u0259bin\u0259 yeni direktor t\u0259yin edilib.&hellip;<\/p>\n","protected":false},"author":2,"featured_media":633437,"comment_status":"closed","ping_status":"closed","sticky":false,"template":"","format":"standard","meta":{"om_disable_all_campaigns":false,"_monsterinsights_skip_tracking":false,"_monsterinsights_sitenote_active":false,"_monsterinsights_sitenote_note":"","_monsterinsights_sitenote_category":0},"categories":[1],"tags":[],"aioseo_notices":[],"gutentor_comment":0,"rttpg_featured_image_url":{"full":["https:\/\/arantv.az\/wp-content\/uploads\/2023\/09\/yasarr.jpg",620,413,false],"landscape":["https:\/\/arantv.az\/wp-content\/uploads\/2023\/09\/yasarr.jpg",620,413,false],"portraits":["https:\/\/arantv.az\/wp-content\/uploads\/2023\/09\/yasarr.jpg",620,413,false],"thumbnail":["https:\/\/arantv.az\/wp-content\/uploads\/2023\/09\/yasarr-500x280.jpg",500,280,true],"medium":["https:\/\/arantv.az\/wp-content\/uploads\/2023\/09\/yasarr-548x365.jpg",548,365,true],"large":["https:\/\/arantv.az\/wp-content\/uploads\/2023\/09\/yasarr.jpg",620,413,false],"1536x1536":["https:\/\/arantv.az\/wp-content\/uploads\/2023\/09\/yasarr.jpg",620,413,false],"2048x2048":["https:\/\/arantv.az\/wp-content\/uploads\/2023\/09\/yasarr.jpg",620,413,false],"post-thumbnail":["https:\/\/arantv.az\/wp-content\/uploads\/2023\/09\/yasarr-240x172.jpg",240,172,true],"advps-thumb-one":["https:\/\/arantv.az\/wp-content\/uploads\/2023\/09\/yasarr.jpg",620,413,false]},"rttpg_author":{"display_name":"V\u00fcsal Rafiqo\u011flu","author_link":"https:\/\/arantv.az\/?author=2"},"rttpg_comment":0,"rttpg_category":"<a href=\"https:\/\/arantv.az\/?cat=1\" rel=\"category\">C\u0259miyy\u0259t<\/a>","rttpg_excerpt":"T\u0259rt\u0259r rayonunda r\u00fc\u015fv\u0259t v\u0259 d\u0259l\u0259duzluq kimi \u0259m\u0259ll\u0259rd\u0259 t\u0259qsirli bilin\u0259r\u0259k m\u0259hkum edilmi\u015f v\u0259 c\u0259za m\u00fcdd\u0259tini ba\u015fa vurmu\u015f Ya\u015far M\u0259h\u0259rr\u0259mov m\u0259kt\u0259b direktoru t\u0259yin edilib. \u201cQafqazinfo\u201dnun \u0259ld\u0259 etdiyi m\u0259lumata g\u00f6r\u0259, \u00f6t\u0259n il Cinay\u0259t M\u0259c\u0259ll\u0259sinin 32.4, 312.2-ci (r\u00fc\u015fv\u0259t verm\u0259d\u0259 i\u015ftirak) v\u0259 178-ci (d\u0259l\u0259duzluq) madd\u0259l\u0259ri il\u0259 t\u0259qsirli bilin\u0259n v\u0259 Bak\u0131 A\u011f\u0131r Cinay\u0259tl\u0259r M\u0259hk\u0259m\u0259sinin h\u00f6km\u00fc il\u0259 1 il m\u00fcdd\u0259t\u0259 d\u00f6vl\u0259t v\u0259&hellip;","_links":{"self":[{"href":"https:\/\/arantv.az\/index.php?rest_route=\/wp\/v2\/posts\/633434"}],"collection":[{"href":"https:\/\/arantv.az\/index.php?rest_route=\/wp\/v2\/posts"}],"about":[{"href":"https:\/\/arantv.az\/index.php?rest_route=\/wp\/v2\/types\/post"}],"author":[{"embeddable":true,"href":"https:\/\/arantv.az\/index.php?rest_route=\/wp\/v2\/users\/2"}],"replies":[{"embeddable":true,"href":"https:\/\/arantv.az\/index.php?rest_route=%2Fwp%2Fv2%2Fcomments&post=633434"}],"version-history":[{"count":0,"href":"https:\/\/arantv.az\/index.php?rest_route=\/wp\/v2\/posts\/633434\/revisions"}],"wp:featuredmedia":[{"embeddable":true,"href":"https:\/\/arantv.az\/index.php?rest_route=\/wp\/v2\/media\/633437"}],"wp:attachment":[{"href":"https:\/\/arantv.az\/index.php?rest_route=%2Fwp%2Fv2%2Fmedia&parent=633434"}],"wp:term":[{"taxonomy":"category","embeddable":true,"href":"https:\/\/arantv.az\/index.php?rest_route=%2Fwp%2Fv2%2Fcategories&post=633434"},{"taxonomy":"post_tag","embeddable":true,"href":"https:\/\/arantv.az\/index.php?rest_route=%2Fwp%2Fv2%2Ftags&post=633434"}],"curies":[{"name":"wp","href":"https:\/\/api.w.org\/{rel}","templated":true}]}}