{"id":633436,"date":"2023-09-15T18:39:21","date_gmt":"2023-09-15T14:39:21","guid":{"rendered":"https:\/\/arantv.az\/?p=633436"},"modified":"2023-09-15T18:39:21","modified_gmt":"2023-09-15T14:39:21","slug":"hava-s%c9%99raiti-yenid%c9%99n-d%c9%99yis%c9%99c%c9%99k-leysan-dolu-sel","status":"publish","type":"post","link":"https:\/\/arantv.az\/?p=633436","title":{"rendered":"Hava \u015f\u0259raiti yenid\u0259n d\u0259yi\u015f\u0259c\u0259k &#8211; Leysan, dolu, sel"},"content":{"rendered":"<p>Bak\u0131da v\u0259 Ab\u015feron yar\u0131madas\u0131nda sentyabr\u0131n 17-si g\u00fcnd\u00fczd\u0259n 18-i ax\u015famad\u0259k hava \u015f\u0259raitinin qeyri-sabit ke\u00e7\u0259c\u0259yi, \u015fimal-q\u0259rb k\u00fcl\u0259yinin 15-20 m\/s, arabir 23-25 m\/s, 17-si ax\u015famdan 18-i g\u00fcnd\u00fcz\u0259d\u0259k is\u0259 yar\u0131madan\u0131n b\u0259zi yerl\u0259rind\u0259 arabir 28-30 m\/s-d\u0259k g\u00fccl\u0259n\u0259c\u0259yi g\u00f6zl\u0259nilir.<\/p>\n<p>Bu bar\u0259d\u0259 Ekologiya v\u0259 T\u0259bii S\u0259rv\u0259tl\u0259r Nazirliyinin\u00a0 Milli Hidrometeorologiya Xidm\u0259ti m\u0259lumat yay\u0131b.<\/p>\n<p>Qeyd olunub ki, b\u0259zi yerl\u0259rd\u0259 arabir ya\u011f\u0131\u015f ya\u011faca\u011f\u0131 g\u00f6zl\u0259nilir. Yar\u0131madan\u0131n b\u0259zi yerl\u0259rind\u0259 leysan xarakterli intensiv olaca\u011f\u0131, \u015fim\u015f\u0259k \u00e7axaca\u011f\u0131 ehtimal\u0131 var.<\/p>\n<p>Sentyabr\u0131n 17-si q\u0259rb rayonlar\u0131ndan ba\u015flayaraq 19-d\u0259k hava \u015f\u0259raitinin qeyri-sabit ke\u00e7\u0259c\u0259yi, arabir leysan xarakterli ya\u011f\u0131\u015f ya\u011faca\u011f\u0131 g\u00f6zl\u0259nilir. Ayr\u0131-ayr\u0131 yerl\u0259rd\u0259 (Balak\u0259n-\u015e\u0259ki, Quba-Qusar, Da\u011fl\u0131q \u015eirvan, Qazax-G\u0259nc\u0259, L\u0259nk\u0259ran-Astara, M\u0259rk\u0259zi-Aran, Qaraba\u011f v\u0259 \u015e\u0259rqi Z\u0259ng\u0259zur) ya\u011f\u0131nt\u0131n\u0131n intensiv v\u0259 g\u00fccl\u00fc olaca\u011f\u0131, \u015fim\u015f\u0259k \u00e7axaca\u011f\u0131, dolu d\u00fc\u015f\u0259c\u0259yi, y\u00fcks\u0259k da\u011fl\u0131q \u0259razil\u0259rd\u0259 qar ya\u011faca\u011f\u0131 ehtimal\u0131 var.<\/p>\n<p>Q\u0259rb k\u00fcl\u0259yi arabir 15-20 m\/s, ayr\u0131-ayr\u0131 yerl\u0259rd\u0259 arabir 25-30 m\/s-d\u0259k g\u00fccl\u0259n\u0259c\u0259k.<\/p>\n<p>\u00c7aylarda sululu\u011fun artaca\u011f\u0131, Balak\u0259n-\u015e\u0259ki b\u00f6lg\u0259sinin \u0259razisind\u0259n axan Katex\u00e7ay, Tala\u00e7ay, \u015ein\u00e7ay, K\u00fcrm\u00fck\u00e7ay; O\u011fuz-Q\u0259b\u0259l\u0259 b\u00f6lg\u0259sinin G\u00f6y\u00e7ay, D\u0259miraparan\u00e7ay, Girdiman\u00e7ay, Quba-Qusar b\u00f6lg\u0259sinin V\u0259lv\u0259l\u0259\u00e7ay, Qara\u00e7ay; Da\u015fk\u0259s\u0259n-G\u0259d\u0259b\u0259y v\u0259 G\u0259nc\u0259-Qazax b\u00f6lg\u0259sinin \u018fsrik\u00e7ay, G\u0259nc\u0259\u00e7ay, Qab\u0131rr\u0131\u00e7ay; Qaraba\u011f v\u0259 \u015e\u0259rqi Z\u0259ng\u0259zur b\u00f6lg\u0259sinin Goran\u00e7ay, Quru\u00e7ay, K\u00f6nd\u0259l\u0259n\u00e7ay \u00e7aylar\u0131ndan q\u0131sam\u00fcdd\u0259tli da\u015fq\u0131n v\u0259 sel ke\u00e7\u0259c\u0259yi g\u00f6zl\u0259nilir.<\/p>\n","protected":false},"excerpt":{"rendered":"<p>Bak\u0131da v\u0259 Ab\u015feron yar\u0131madas\u0131nda sentyabr\u0131n 17-si g\u00fcnd\u00fczd\u0259n 18-i ax\u015famad\u0259k hava \u015f\u0259raitinin qeyri-sabit ke\u00e7\u0259c\u0259yi, \u015fimal-q\u0259rb k\u00fcl\u0259yinin 15-20 m\/s, arabir 23-25 m\/s, 17-si ax\u015famdan 18-i g\u00fcnd\u00fcz\u0259d\u0259k is\u0259 yar\u0131madan\u0131n b\u0259zi yerl\u0259rind\u0259 arabir 28-30 m\/s-d\u0259k g\u00fccl\u0259n\u0259c\u0259yi g\u00f6zl\u0259nilir. Bu bar\u0259d\u0259 Ekologiya v\u0259 T\u0259bii S\u0259rv\u0259tl\u0259r Nazirliyinin\u00a0 Milli Hidrometeorologiya Xidm\u0259ti m\u0259lumat yay\u0131b. Qeyd olunub ki, b\u0259zi yerl\u0259rd\u0259 arabir ya\u011f\u0131\u015f ya\u011faca\u011f\u0131 g\u00f6zl\u0259nilir. Yar\u0131madan\u0131n b\u0259zi yerl\u0259rind\u0259 leysan xarakterli intensiv olaca\u011f\u0131, \u015fim\u015f\u0259k \u00e7axaca\u011f\u0131 ehtimal\u0131 var. Sentyabr\u0131n 17-si q\u0259rb rayonlar\u0131ndan ba\u015flayaraq 19-d\u0259k hava \u015f\u0259raitinin qeyri-sabit ke\u00e7\u0259c\u0259yi, arabir leysan xarakterli ya\u011f\u0131\u015f ya\u011faca\u011f\u0131 g\u00f6zl\u0259nilir. Ayr\u0131-ayr\u0131 yerl\u0259rd\u0259 (Balak\u0259n-\u015e\u0259ki, Quba-Qusar, Da\u011fl\u0131q \u015eirvan, Qazax-G\u0259nc\u0259, L\u0259nk\u0259ran-Astara, M\u0259rk\u0259zi-Aran,&hellip;<\/p>\n","protected":false},"author":2,"featured_media":633440,"comment_status":"closed","ping_status":"closed","sticky":false,"template":"","format":"standard","meta":{"om_disable_all_campaigns":false,"_monsterinsights_skip_tracking":false,"_monsterinsights_sitenote_active":false,"_monsterinsights_sitenote_note":"","_monsterinsights_sitenote_category":0},"categories":[22],"tags":[],"aioseo_notices":[],"gutentor_comment":0,"rttpg_featured_image_url":{"full":["https:\/\/arantv.az\/wp-content\/uploads\/2023\/09\/hava-1-2-1.jpg",620,413,false],"landscape":["https:\/\/arantv.az\/wp-content\/uploads\/2023\/09\/hava-1-2-1.jpg",620,413,false],"portraits":["https:\/\/arantv.az\/wp-content\/uploads\/2023\/09\/hava-1-2-1.jpg",620,413,false],"thumbnail":["https:\/\/arantv.az\/wp-content\/uploads\/2023\/09\/hava-1-2-1-500x280.jpg",500,280,true],"medium":["https:\/\/arantv.az\/wp-content\/uploads\/2023\/09\/hava-1-2-1-548x365.jpg",548,365,true],"large":["https:\/\/arantv.az\/wp-content\/uploads\/2023\/09\/hava-1-2-1.jpg",620,413,false],"1536x1536":["https:\/\/arantv.az\/wp-content\/uploads\/2023\/09\/hava-1-2-1.jpg",620,413,false],"2048x2048":["https:\/\/arantv.az\/wp-content\/uploads\/2023\/09\/hava-1-2-1.jpg",620,413,false],"post-thumbnail":["https:\/\/arantv.az\/wp-content\/uploads\/2023\/09\/hava-1-2-1-240x172.jpg",240,172,true],"advps-thumb-one":["https:\/\/arantv.az\/wp-content\/uploads\/2023\/09\/hava-1-2-1.jpg",620,413,false]},"rttpg_author":{"display_name":"V\u00fcsal Rafiqo\u011flu","author_link":"https:\/\/arantv.az\/?author=2"},"rttpg_comment":0,"rttpg_category":"<a href=\"https:\/\/arantv.az\/?cat=22\" rel=\"category\">Hava<\/a>","rttpg_excerpt":"Bak\u0131da v\u0259 Ab\u015feron yar\u0131madas\u0131nda sentyabr\u0131n 17-si g\u00fcnd\u00fczd\u0259n 18-i ax\u015famad\u0259k hava \u015f\u0259raitinin qeyri-sabit ke\u00e7\u0259c\u0259yi, \u015fimal-q\u0259rb k\u00fcl\u0259yinin 15-20 m\/s, arabir 23-25 m\/s, 17-si ax\u015famdan 18-i g\u00fcnd\u00fcz\u0259d\u0259k is\u0259 yar\u0131madan\u0131n b\u0259zi yerl\u0259rind\u0259 arabir 28-30 m\/s-d\u0259k g\u00fccl\u0259n\u0259c\u0259yi g\u00f6zl\u0259nilir. Bu bar\u0259d\u0259 Ekologiya v\u0259 T\u0259bii S\u0259rv\u0259tl\u0259r Nazirliyinin\u00a0 Milli Hidrometeorologiya Xidm\u0259ti m\u0259lumat yay\u0131b. Qeyd olunub ki, b\u0259zi yerl\u0259rd\u0259 arabir ya\u011f\u0131\u015f ya\u011faca\u011f\u0131 g\u00f6zl\u0259nilir. Yar\u0131madan\u0131n&hellip;","_links":{"self":[{"href":"https:\/\/arantv.az\/index.php?rest_route=\/wp\/v2\/posts\/633436"}],"collection":[{"href":"https:\/\/arantv.az\/index.php?rest_route=\/wp\/v2\/posts"}],"about":[{"href":"https:\/\/arantv.az\/index.php?rest_route=\/wp\/v2\/types\/post"}],"author":[{"embeddable":true,"href":"https:\/\/arantv.az\/index.php?rest_route=\/wp\/v2\/users\/2"}],"replies":[{"embeddable":true,"href":"https:\/\/arantv.az\/index.php?rest_route=%2Fwp%2Fv2%2Fcomments&post=633436"}],"version-history":[{"count":0,"href":"https:\/\/arantv.az\/index.php?rest_route=\/wp\/v2\/posts\/633436\/revisions"}],"wp:featuredmedia":[{"embeddable":true,"href":"https:\/\/arantv.az\/index.php?rest_route=\/wp\/v2\/media\/633440"}],"wp:attachment":[{"href":"https:\/\/arantv.az\/index.php?rest_route=%2Fwp%2Fv2%2Fmedia&parent=633436"}],"wp:term":[{"taxonomy":"category","embeddable":true,"href":"https:\/\/arantv.az\/index.php?rest_route=%2Fwp%2Fv2%2Fcategories&post=633436"},{"taxonomy":"post_tag","embeddable":true,"href":"https:\/\/arantv.az\/index.php?rest_route=%2Fwp%2Fv2%2Ftags&post=633436"}],"curies":[{"name":"wp","href":"https:\/\/api.w.org\/{rel}","templated":true}]}}