{"id":633442,"date":"2023-09-15T18:41:05","date_gmt":"2023-09-15T14:41:05","guid":{"rendered":"https:\/\/arantv.az\/?p=633442"},"modified":"2023-09-15T18:41:05","modified_gmt":"2023-09-15T14:41:05","slug":"q%c9%99rar-aptekl%c9%99r-d%c9%99rman-qiym%c9%99tl%c9%99rini-qaldira-bilm%c9%99y%c9%99c%c9%99kl%c9%99r","status":"publish","type":"post","link":"https:\/\/arantv.az\/?p=633442","title":{"rendered":"Q\u018fRAR: Aptekl\u0259r d\u0259rman qiym\u0259tl\u0259rini qald\u0131ra bilm\u0259y\u0259c\u0259kl\u0259r"},"content":{"rendered":"<p>15 sentyabr 2023-c\u00fc il tarixind\u0259 Tarif (qiym\u0259t) \u015euras\u0131n\u0131n n\u00f6vb\u0259ti iclas\u0131 ke\u00e7irilib.<\/p>\n<p>Bu bar\u0259d\u0259 Tarif \u015euras\u0131 m\u0259lumat yay\u0131b.<\/p>\n<p>\u0130clasda Tarif \u015euras\u0131 haz\u0131rk\u0131 vaxtad\u0259k t\u0259sdiq edilmi\u015f b\u00fct\u00fcn d\u0259rman vasit\u0259l\u0259rinin topdan v\u0259 p\u0259rak\u0259nd\u0259 sat\u0131\u015f qiym\u0259tl\u0259rinin yuxar\u0131 h\u0259dd olaraq t\u0259tbiq edilm\u0259si bar\u0259d\u0259 q\u0259rar q\u0259bul edib.<\/p>\n<p>Bildir\u0259k ki, Az\u0259rbaycanda \u0259halinin sosial rifah\u0131n\u0131n yax\u015f\u0131la\u015fd\u0131r\u0131lmas\u0131 v\u0259 \u0259cza\u00e7\u0131l\u0131q sah\u0259sinin inki\u015faf etdirilm\u0259si prioritet istiqam\u0259tl\u0259rd\u0259ndir. Bu m\u0259qs\u0259d\u0259 nail olmaq \u00fc\u00e7\u00fcn yeni istehsal m\u00fc\u0259ssis\u0259l\u0259ri yarad\u0131l\u0131r, qanunvericilik t\u0259kmill\u0259\u015fdirilir.<\/p>\n<p>D\u00f6vl\u0259t ba\u015f\u00e7\u0131s\u0131n\u0131n m\u00fcvafiq F\u0259rman\u0131 il\u0259 \u201cD\u0259rman vasit\u0259l\u0259ri haqq\u0131nda\u201d Qanuna edilmi\u015f d\u0259yi\u015fiklikl\u0259rl\u0259 13 d\u00f6vl\u0259t qurumunun t\u0259msil olundu\u011fu Tarif \u015euras\u0131na d\u0259rman vasit\u0259l\u0259rinin topdan v\u0259 p\u0259rak\u0259nd\u0259 sat\u0131\u015f qiym\u0259tl\u0259rinin yuxar\u0131 h\u0259ddinin t\u0259sdiq edilm\u0259si tap\u015f\u0131r\u0131l\u0131b.<\/p>\n<p>Qeyd ed\u0259k ki, bu q\u0259rar q\u0259bul olunanad\u0259k d\u0259rman vasit\u0259l\u0259ri \u00fc\u00e7\u00fcn vahid qiym\u0259t t\u0259tbiq olunurdu v\u0259 b\u00fct\u00fcn aptekl\u0259rd\u0259 d\u0259rman vasit\u0259l\u0259ri h\u0259min vahid qiym\u0259t\u0259 sat\u0131l\u0131rd\u0131.<\/p>\n<p>\u0130ndi is\u0259 h\u0259min vahid qiym\u0259tl\u0259r yuxar\u0131 h\u0259dd olaraq t\u0259sdiq edilib, y\u0259ni d\u0259rmanlar t\u0259sdiq olunmu\u015f qiym\u0259tl\u0259rd\u0259n yaln\u0131z a\u015fa\u011f\u0131 qiym\u0259t\u0259 sat\u0131la bil\u0259r.<\/p>\n<p>Q\u0259bul edilmi\u015f q\u0259rar d\u0259rman vasit\u0259l\u0259rin\u0259 \u0259l\u00e7atanl\u0131\u011f\u0131n yax\u015f\u0131la\u015fd\u0131r\u0131lmas\u0131na, bu sah\u0259d\u0259 daha \u0259lveri\u015fli r\u0259qab\u0259t m\u00fchitinin yarad\u0131lmas\u0131na v\u0259 \u0259hali t\u0259r\u0259find\u0259n d\u0259rman vasit\u0259l\u0259rinin t\u0259nziml\u0259nmi\u015f qiym\u0259tl\u0259rd\u0259n a\u015fa\u011f\u0131 qiym\u0259t\u0259 al\u0131nmas\u0131na imkan ver\u0259c\u0259k.<\/p>\n<p>Tarifl\u0259r 15 sentyabr 2023-c\u00fc il tarixind\u0259n q\u00fcvv\u0259y\u0259 minir. Q\u0259rarla Tarif (qiym\u0259t) \u015euras\u0131n\u0131n r\u0259smi sayt\u0131n\u0131n (<a href=\"http:\/\/tariff.gov.az\/\">www.tariff.gov.az<\/a>) \u201c\u015euran\u0131n q\u0259rarlar\u0131\u201d b\u00f6lm\u0259sind\u0259 tan\u0131\u015f olmaq olar.<\/p>\n","protected":false},"excerpt":{"rendered":"<p>15 sentyabr 2023-c\u00fc il tarixind\u0259 Tarif (qiym\u0259t) \u015euras\u0131n\u0131n n\u00f6vb\u0259ti iclas\u0131 ke\u00e7irilib. Bu bar\u0259d\u0259 Tarif \u015euras\u0131 m\u0259lumat yay\u0131b. \u0130clasda Tarif \u015euras\u0131 haz\u0131rk\u0131 vaxtad\u0259k t\u0259sdiq edilmi\u015f b\u00fct\u00fcn d\u0259rman vasit\u0259l\u0259rinin topdan v\u0259 p\u0259rak\u0259nd\u0259 sat\u0131\u015f qiym\u0259tl\u0259rinin yuxar\u0131 h\u0259dd olaraq t\u0259tbiq edilm\u0259si bar\u0259d\u0259 q\u0259rar q\u0259bul edib. Bildir\u0259k ki, Az\u0259rbaycanda \u0259halinin sosial rifah\u0131n\u0131n yax\u015f\u0131la\u015fd\u0131r\u0131lmas\u0131 v\u0259 \u0259cza\u00e7\u0131l\u0131q sah\u0259sinin inki\u015faf etdirilm\u0259si prioritet istiqam\u0259tl\u0259rd\u0259ndir. Bu m\u0259qs\u0259d\u0259 nail olmaq \u00fc\u00e7\u00fcn yeni istehsal m\u00fc\u0259ssis\u0259l\u0259ri yarad\u0131l\u0131r, qanunvericilik t\u0259kmill\u0259\u015fdirilir. D\u00f6vl\u0259t ba\u015f\u00e7\u0131s\u0131n\u0131n m\u00fcvafiq F\u0259rman\u0131 il\u0259 \u201cD\u0259rman vasit\u0259l\u0259ri haqq\u0131nda\u201d Qanuna edilmi\u015f d\u0259yi\u015fiklikl\u0259rl\u0259 13 d\u00f6vl\u0259t qurumunun t\u0259msil olundu\u011fu Tarif \u015euras\u0131na d\u0259rman vasit\u0259l\u0259rinin topdan v\u0259 p\u0259rak\u0259nd\u0259 sat\u0131\u015f&hellip;<\/p>\n","protected":false},"author":2,"featured_media":441230,"comment_status":"closed","ping_status":"closed","sticky":false,"template":"","format":"standard","meta":{"om_disable_all_campaigns":false,"_monsterinsights_skip_tracking":false,"_monsterinsights_sitenote_active":false,"_monsterinsights_sitenote_note":"","_monsterinsights_sitenote_category":0},"categories":[1],"tags":[],"aioseo_notices":[],"gutentor_comment":0,"rttpg_featured_image_url":{"full":["https:\/\/arantv.az\/wp-content\/uploads\/2022\/02\/derman_0354.jpg",800,600,false],"landscape":["https:\/\/arantv.az\/wp-content\/uploads\/2022\/02\/derman_0354.jpg",800,600,false],"portraits":["https:\/\/arantv.az\/wp-content\/uploads\/2022\/02\/derman_0354.jpg",800,600,false],"thumbnail":["https:\/\/arantv.az\/wp-content\/uploads\/2022\/02\/derman_0354-500x280.jpg",500,280,true],"medium":["https:\/\/arantv.az\/wp-content\/uploads\/2022\/02\/derman_0354-487x365.jpg",487,365,true],"large":["https:\/\/arantv.az\/wp-content\/uploads\/2022\/02\/derman_0354.jpg",640,480,false],"1536x1536":["https:\/\/arantv.az\/wp-content\/uploads\/2022\/02\/derman_0354.jpg",800,600,false],"2048x2048":["https:\/\/arantv.az\/wp-content\/uploads\/2022\/02\/derman_0354.jpg",800,600,false],"post-thumbnail":["https:\/\/arantv.az\/wp-content\/uploads\/2022\/02\/derman_0354-240x172.jpg",240,172,true],"advps-thumb-one":["https:\/\/arantv.az\/wp-content\/uploads\/2022\/02\/derman_0354.jpg",800,600,false]},"rttpg_author":{"display_name":"V\u00fcsal Rafiqo\u011flu","author_link":"https:\/\/arantv.az\/?author=2"},"rttpg_comment":0,"rttpg_category":"<a href=\"https:\/\/arantv.az\/?cat=1\" rel=\"category\">C\u0259miyy\u0259t<\/a>","rttpg_excerpt":"15 sentyabr 2023-c\u00fc il tarixind\u0259 Tarif (qiym\u0259t) \u015euras\u0131n\u0131n n\u00f6vb\u0259ti iclas\u0131 ke\u00e7irilib. Bu bar\u0259d\u0259 Tarif \u015euras\u0131 m\u0259lumat yay\u0131b. \u0130clasda Tarif \u015euras\u0131 haz\u0131rk\u0131 vaxtad\u0259k t\u0259sdiq edilmi\u015f b\u00fct\u00fcn d\u0259rman vasit\u0259l\u0259rinin topdan v\u0259 p\u0259rak\u0259nd\u0259 sat\u0131\u015f qiym\u0259tl\u0259rinin yuxar\u0131 h\u0259dd olaraq t\u0259tbiq edilm\u0259si bar\u0259d\u0259 q\u0259rar q\u0259bul edib. Bildir\u0259k ki, Az\u0259rbaycanda \u0259halinin sosial rifah\u0131n\u0131n yax\u015f\u0131la\u015fd\u0131r\u0131lmas\u0131 v\u0259 \u0259cza\u00e7\u0131l\u0131q sah\u0259sinin inki\u015faf etdirilm\u0259si prioritet istiqam\u0259tl\u0259rd\u0259ndir.&hellip;","_links":{"self":[{"href":"https:\/\/arantv.az\/index.php?rest_route=\/wp\/v2\/posts\/633442"}],"collection":[{"href":"https:\/\/arantv.az\/index.php?rest_route=\/wp\/v2\/posts"}],"about":[{"href":"https:\/\/arantv.az\/index.php?rest_route=\/wp\/v2\/types\/post"}],"author":[{"embeddable":true,"href":"https:\/\/arantv.az\/index.php?rest_route=\/wp\/v2\/users\/2"}],"replies":[{"embeddable":true,"href":"https:\/\/arantv.az\/index.php?rest_route=%2Fwp%2Fv2%2Fcomments&post=633442"}],"version-history":[{"count":0,"href":"https:\/\/arantv.az\/index.php?rest_route=\/wp\/v2\/posts\/633442\/revisions"}],"wp:featuredmedia":[{"embeddable":true,"href":"https:\/\/arantv.az\/index.php?rest_route=\/wp\/v2\/media\/441230"}],"wp:attachment":[{"href":"https:\/\/arantv.az\/index.php?rest_route=%2Fwp%2Fv2%2Fmedia&parent=633442"}],"wp:term":[{"taxonomy":"category","embeddable":true,"href":"https:\/\/arantv.az\/index.php?rest_route=%2Fwp%2Fv2%2Fcategories&post=633442"},{"taxonomy":"post_tag","embeddable":true,"href":"https:\/\/arantv.az\/index.php?rest_route=%2Fwp%2Fv2%2Ftags&post=633442"}],"curies":[{"name":"wp","href":"https:\/\/api.w.org\/{rel}","templated":true}]}}