{"id":633466,"date":"2023-09-15T20:29:39","date_gmt":"2023-09-15T16:29:39","guid":{"rendered":"https:\/\/arantv.az\/?p=633466"},"modified":"2023-09-15T20:29:39","modified_gmt":"2023-09-15T16:29:39","slug":"iranin-az%c9%99rbaycanla-problemi-il%c9%99-bagli-x%c9%99b%c9%99rl%c9%99r%c9%99-ettelaat-nazirinin-reaksiyasi-foto","status":"publish","type":"post","link":"https:\/\/arantv.az\/?p=633466","title":{"rendered":"\u0130ran\u0131n Az\u0259rbaycanla problemi il\u0259 ba\u011fl\u0131 x\u0259b\u0259rl\u0259r\u0259 ETTELAAT nazirinin reaksiyas\u0131 &#8211; FOTO"},"content":{"rendered":"<p>ETTELAAT (T\u0259hl\u00fck\u0259sizlik v\u0259 K\u0259\u015ffiyyat) naziri \u0130smay\u0131l X\u0259tib \u0130ran\u0131n Az\u0259rbaycanla \u0259laq\u0259l\u0259ri v\u0259 probleml\u0259ri il\u0259 ba\u011fl\u0131 x\u0259b\u0259rl\u0259r\u0259 ayd\u0131nl\u0131q g\u0259tirib.<\/p>\n<p>Bu bar\u0259d\u0259 \u201cAzad \u0130ran\u201d \u201cTelegram\u201d kanal\u0131 x\u0259b\u0259r yay\u0131b.<\/p>\n<p>M\u0259lumata g\u00f6r\u0259, nazir \u0130ran\u0131n \u201cKanal-3\u201d televiziyas\u0131nda yay\u0131mlanan \u201cDayanmadan\u201d verili\u015find\u0259 bildirib:<\/p>\n<p>\u201c\u0130ran\u0131n Bak\u0131\u00a0il\u0259 problemi ciddi deyil v\u0259 \u0259sas\u0259n, siyasi v\u0259 media aspektl\u0259ri bunu q\u0131z\u0131\u015fd\u0131r\u0131r. T\u0259bii ki, biz bu c\u00fczi m\u0259s\u0259l\u0259l\u0259ri d\u0259 tamamil\u0259 h\u0259ll etm\u0259y\u0259 \u00e7al\u0131\u015f\u0131r\u0131q\u201d.<\/p>\n<div><iframe loading=\"lazy\" id=\"telegram-post-AzadIranTelegram-25945\" src=\"https:\/\/t.me\/AzadIranTelegram\/25945?embed=1\" width=\"100%\" height=\"\" frameborder=\"0\" scrolling=\"no\" data-mce-fragment=\"1\"><\/iframe><\/div>\n<p>&nbsp;<\/p>\n","protected":false},"excerpt":{"rendered":"<p>ETTELAAT (T\u0259hl\u00fck\u0259sizlik v\u0259 K\u0259\u015ffiyyat) naziri \u0130smay\u0131l X\u0259tib \u0130ran\u0131n Az\u0259rbaycanla \u0259laq\u0259l\u0259ri v\u0259 probleml\u0259ri il\u0259 ba\u011fl\u0131 x\u0259b\u0259rl\u0259r\u0259 ayd\u0131nl\u0131q g\u0259tirib. Bu bar\u0259d\u0259 \u201cAzad \u0130ran\u201d \u201cTelegram\u201d kanal\u0131 x\u0259b\u0259r yay\u0131b. M\u0259lumata g\u00f6r\u0259, nazir \u0130ran\u0131n \u201cKanal-3\u201d televiziyas\u0131nda yay\u0131mlanan \u201cDayanmadan\u201d verili\u015find\u0259 bildirib: \u201c\u0130ran\u0131n Bak\u0131\u00a0il\u0259 problemi ciddi deyil v\u0259 \u0259sas\u0259n, siyasi v\u0259 media aspektl\u0259ri bunu q\u0131z\u0131\u015fd\u0131r\u0131r. T\u0259bii ki, biz bu c\u00fczi m\u0259s\u0259l\u0259l\u0259ri d\u0259 tamamil\u0259 h\u0259ll etm\u0259y\u0259 \u00e7al\u0131\u015f\u0131r\u0131q\u201d. &nbsp;<\/p>\n","protected":false},"author":2,"featured_media":633468,"comment_status":"closed","ping_status":"closed","sticky":false,"template":"","format":"standard","meta":{"om_disable_all_campaigns":false,"_monsterinsights_skip_tracking":false,"_monsterinsights_sitenote_active":false,"_monsterinsights_sitenote_note":"","_monsterinsights_sitenote_category":0},"categories":[7],"tags":[],"aioseo_notices":[],"gutentor_comment":0,"rttpg_featured_image_url":{"full":["https:\/\/arantv.az\/wp-content\/uploads\/2023\/09\/FotoJet-30-1.jpg",620,413,false],"landscape":["https:\/\/arantv.az\/wp-content\/uploads\/2023\/09\/FotoJet-30-1.jpg",620,413,false],"portraits":["https:\/\/arantv.az\/wp-content\/uploads\/2023\/09\/FotoJet-30-1.jpg",620,413,false],"thumbnail":["https:\/\/arantv.az\/wp-content\/uploads\/2023\/09\/FotoJet-30-1-500x280.jpg",500,280,true],"medium":["https:\/\/arantv.az\/wp-content\/uploads\/2023\/09\/FotoJet-30-1-548x365.jpg",548,365,true],"large":["https:\/\/arantv.az\/wp-content\/uploads\/2023\/09\/FotoJet-30-1.jpg",620,413,false],"1536x1536":["https:\/\/arantv.az\/wp-content\/uploads\/2023\/09\/FotoJet-30-1.jpg",620,413,false],"2048x2048":["https:\/\/arantv.az\/wp-content\/uploads\/2023\/09\/FotoJet-30-1.jpg",620,413,false],"post-thumbnail":["https:\/\/arantv.az\/wp-content\/uploads\/2023\/09\/FotoJet-30-1-240x172.jpg",240,172,true],"advps-thumb-one":["https:\/\/arantv.az\/wp-content\/uploads\/2023\/09\/FotoJet-30-1.jpg",620,413,false]},"rttpg_author":{"display_name":"V\u00fcsal Rafiqo\u011flu","author_link":"https:\/\/arantv.az\/?author=2"},"rttpg_comment":0,"rttpg_category":"<a href=\"https:\/\/arantv.az\/?cat=7\" rel=\"category\">D\u00fcnya<\/a>","rttpg_excerpt":"ETTELAAT (T\u0259hl\u00fck\u0259sizlik v\u0259 K\u0259\u015ffiyyat) naziri \u0130smay\u0131l X\u0259tib \u0130ran\u0131n Az\u0259rbaycanla \u0259laq\u0259l\u0259ri v\u0259 probleml\u0259ri il\u0259 ba\u011fl\u0131 x\u0259b\u0259rl\u0259r\u0259 ayd\u0131nl\u0131q g\u0259tirib. Bu bar\u0259d\u0259 \u201cAzad \u0130ran\u201d \u201cTelegram\u201d kanal\u0131 x\u0259b\u0259r yay\u0131b. M\u0259lumata g\u00f6r\u0259, nazir \u0130ran\u0131n \u201cKanal-3\u201d televiziyas\u0131nda yay\u0131mlanan \u201cDayanmadan\u201d verili\u015find\u0259 bildirib: \u201c\u0130ran\u0131n Bak\u0131\u00a0il\u0259 problemi ciddi deyil v\u0259 \u0259sas\u0259n, siyasi v\u0259 media aspektl\u0259ri bunu q\u0131z\u0131\u015fd\u0131r\u0131r. T\u0259bii ki, biz bu c\u00fczi m\u0259s\u0259l\u0259l\u0259ri d\u0259&hellip;","_links":{"self":[{"href":"https:\/\/arantv.az\/index.php?rest_route=\/wp\/v2\/posts\/633466"}],"collection":[{"href":"https:\/\/arantv.az\/index.php?rest_route=\/wp\/v2\/posts"}],"about":[{"href":"https:\/\/arantv.az\/index.php?rest_route=\/wp\/v2\/types\/post"}],"author":[{"embeddable":true,"href":"https:\/\/arantv.az\/index.php?rest_route=\/wp\/v2\/users\/2"}],"replies":[{"embeddable":true,"href":"https:\/\/arantv.az\/index.php?rest_route=%2Fwp%2Fv2%2Fcomments&post=633466"}],"version-history":[{"count":0,"href":"https:\/\/arantv.az\/index.php?rest_route=\/wp\/v2\/posts\/633466\/revisions"}],"wp:featuredmedia":[{"embeddable":true,"href":"https:\/\/arantv.az\/index.php?rest_route=\/wp\/v2\/media\/633468"}],"wp:attachment":[{"href":"https:\/\/arantv.az\/index.php?rest_route=%2Fwp%2Fv2%2Fmedia&parent=633466"}],"wp:term":[{"taxonomy":"category","embeddable":true,"href":"https:\/\/arantv.az\/index.php?rest_route=%2Fwp%2Fv2%2Fcategories&post=633466"},{"taxonomy":"post_tag","embeddable":true,"href":"https:\/\/arantv.az\/index.php?rest_route=%2Fwp%2Fv2%2Ftags&post=633466"}],"curies":[{"name":"wp","href":"https:\/\/api.w.org\/{rel}","templated":true}]}}