{"id":633472,"date":"2023-09-15T20:30:22","date_gmt":"2023-09-15T16:30:22","guid":{"rendered":"https:\/\/arantv.az\/?p=633472"},"modified":"2023-09-15T20:30:22","modified_gmt":"2023-09-15T16:30:22","slug":"yasar-gul%c9%99r-turkiy%c9%99-bir-mill%c9%99t-iki-dovl%c9%99t-anlayisi-il%c9%99-az%c9%99rbaycani-d%c9%99st%c9%99kl%c9%99m%c9%99y%c9%99-davam-edir","status":"publish","type":"post","link":"https:\/\/arantv.az\/?p=633472","title":{"rendered":"Ya\u015far G\u00fcl\u0259r: \u201cT\u00fcrkiy\u0259 \u201cBir mill\u0259t, iki d\u00f6vl\u0259t\u201d anlay\u0131\u015f\u0131 il\u0259 Az\u0259rbaycan\u0131 d\u0259st\u0259kl\u0259m\u0259y\u0259 davam edir\u201d"},"content":{"rendered":"<p>\u201cT\u00fcrkiy\u0259 \u201cBir mill\u0259t, iki d\u00f6vl\u0259t\u201d anlay\u0131\u015f\u0131 il\u0259 Az\u0259rbaycan\u0131 d\u0259st\u0259kl\u0259m\u0259y\u0259 davam edir\u201d.<\/p>\n<p>Bunu\u00a0T\u00fcrkiy\u0259nin milli m\u00fcdafi\u0259 naziri Ya\u015far G\u00fcl\u0259r Qazil\u0259r G\u00fcn\u00fc m\u00fcnasib\u0259til\u0259 t\u0259\u015fkil olunmu\u015f toplant\u0131da bildirib.<\/p>\n<p>O qeyd edib ki, \u00f6lk\u0259si Qafqazda sabitliy\u0259 b\u00f6y\u00fck \u0259h\u0259miyy\u0259t verir v\u0259 regionda \u0259n q\u0131sa zamanda daimi s\u00fclh\u00fcn b\u0259rq\u0259rar olmas\u0131 \u00fc\u00e7\u00fcn b\u00f6y\u00fck s\u0259yl\u0259r g\u00f6st\u0259rir.<\/p>\n","protected":false},"excerpt":{"rendered":"<p>\u201cT\u00fcrkiy\u0259 \u201cBir mill\u0259t, iki d\u00f6vl\u0259t\u201d anlay\u0131\u015f\u0131 il\u0259 Az\u0259rbaycan\u0131 d\u0259st\u0259kl\u0259m\u0259y\u0259 davam edir\u201d. Bunu\u00a0T\u00fcrkiy\u0259nin milli m\u00fcdafi\u0259 naziri Ya\u015far G\u00fcl\u0259r Qazil\u0259r G\u00fcn\u00fc m\u00fcnasib\u0259til\u0259 t\u0259\u015fkil olunmu\u015f toplant\u0131da bildirib. O qeyd edib ki, \u00f6lk\u0259si Qafqazda sabitliy\u0259 b\u00f6y\u00fck \u0259h\u0259miyy\u0259t verir v\u0259 regionda \u0259n q\u0131sa zamanda daimi s\u00fclh\u00fcn b\u0259rq\u0259rar olmas\u0131 \u00fc\u00e7\u00fcn b\u00f6y\u00fck s\u0259yl\u0259r g\u00f6st\u0259rir.<\/p>\n","protected":false},"author":2,"featured_media":633474,"comment_status":"closed","ping_status":"closed","sticky":false,"template":"","format":"standard","meta":{"om_disable_all_campaigns":false,"_monsterinsights_skip_tracking":false,"_monsterinsights_sitenote_active":false,"_monsterinsights_sitenote_note":"","_monsterinsights_sitenote_category":0},"categories":[4],"tags":[],"aioseo_notices":[],"gutentor_comment":0,"rttpg_featured_image_url":{"full":["https:\/\/arantv.az\/wp-content\/uploads\/2023\/09\/4-fAMx.jpg",620,413,false],"landscape":["https:\/\/arantv.az\/wp-content\/uploads\/2023\/09\/4-fAMx.jpg",620,413,false],"portraits":["https:\/\/arantv.az\/wp-content\/uploads\/2023\/09\/4-fAMx.jpg",620,413,false],"thumbnail":["https:\/\/arantv.az\/wp-content\/uploads\/2023\/09\/4-fAMx-500x280.jpg",500,280,true],"medium":["https:\/\/arantv.az\/wp-content\/uploads\/2023\/09\/4-fAMx-548x365.jpg",548,365,true],"large":["https:\/\/arantv.az\/wp-content\/uploads\/2023\/09\/4-fAMx.jpg",620,413,false],"1536x1536":["https:\/\/arantv.az\/wp-content\/uploads\/2023\/09\/4-fAMx.jpg",620,413,false],"2048x2048":["https:\/\/arantv.az\/wp-content\/uploads\/2023\/09\/4-fAMx.jpg",620,413,false],"post-thumbnail":["https:\/\/arantv.az\/wp-content\/uploads\/2023\/09\/4-fAMx-240x172.jpg",240,172,true],"advps-thumb-one":["https:\/\/arantv.az\/wp-content\/uploads\/2023\/09\/4-fAMx.jpg",620,413,false]},"rttpg_author":{"display_name":"V\u00fcsal Rafiqo\u011flu","author_link":"https:\/\/arantv.az\/?author=2"},"rttpg_comment":0,"rttpg_category":"<a href=\"https:\/\/arantv.az\/?cat=4\" rel=\"category\">Siyas\u0259t<\/a>","rttpg_excerpt":"\u201cT\u00fcrkiy\u0259 \u201cBir mill\u0259t, iki d\u00f6vl\u0259t\u201d anlay\u0131\u015f\u0131 il\u0259 Az\u0259rbaycan\u0131 d\u0259st\u0259kl\u0259m\u0259y\u0259 davam edir\u201d. Bunu\u00a0T\u00fcrkiy\u0259nin milli m\u00fcdafi\u0259 naziri Ya\u015far G\u00fcl\u0259r Qazil\u0259r G\u00fcn\u00fc m\u00fcnasib\u0259til\u0259 t\u0259\u015fkil olunmu\u015f toplant\u0131da bildirib. O qeyd edib ki, \u00f6lk\u0259si Qafqazda sabitliy\u0259 b\u00f6y\u00fck \u0259h\u0259miyy\u0259t verir v\u0259 regionda \u0259n q\u0131sa zamanda daimi s\u00fclh\u00fcn b\u0259rq\u0259rar olmas\u0131 \u00fc\u00e7\u00fcn b\u00f6y\u00fck s\u0259yl\u0259r g\u00f6st\u0259rir.","_links":{"self":[{"href":"https:\/\/arantv.az\/index.php?rest_route=\/wp\/v2\/posts\/633472"}],"collection":[{"href":"https:\/\/arantv.az\/index.php?rest_route=\/wp\/v2\/posts"}],"about":[{"href":"https:\/\/arantv.az\/index.php?rest_route=\/wp\/v2\/types\/post"}],"author":[{"embeddable":true,"href":"https:\/\/arantv.az\/index.php?rest_route=\/wp\/v2\/users\/2"}],"replies":[{"embeddable":true,"href":"https:\/\/arantv.az\/index.php?rest_route=%2Fwp%2Fv2%2Fcomments&post=633472"}],"version-history":[{"count":0,"href":"https:\/\/arantv.az\/index.php?rest_route=\/wp\/v2\/posts\/633472\/revisions"}],"wp:featuredmedia":[{"embeddable":true,"href":"https:\/\/arantv.az\/index.php?rest_route=\/wp\/v2\/media\/633474"}],"wp:attachment":[{"href":"https:\/\/arantv.az\/index.php?rest_route=%2Fwp%2Fv2%2Fmedia&parent=633472"}],"wp:term":[{"taxonomy":"category","embeddable":true,"href":"https:\/\/arantv.az\/index.php?rest_route=%2Fwp%2Fv2%2Fcategories&post=633472"},{"taxonomy":"post_tag","embeddable":true,"href":"https:\/\/arantv.az\/index.php?rest_route=%2Fwp%2Fv2%2Ftags&post=633472"}],"curies":[{"name":"wp","href":"https:\/\/api.w.org\/{rel}","templated":true}]}}