{"id":633473,"date":"2023-09-15T20:30:56","date_gmt":"2023-09-15T16:30:56","guid":{"rendered":"https:\/\/arantv.az\/?p=633473"},"modified":"2023-09-15T20:30:56","modified_gmt":"2023-09-15T16:30:56","slug":"kamran-%c9%99liyev-turkiy%c9%99nin-%c9%99dliyy%c9%99-nazirinin-muavinini-q%c9%99bul-edib-foto","status":"publish","type":"post","link":"https:\/\/arantv.az\/?p=633473","title":{"rendered":"Kamran \u018fliyev T\u00fcrkiy\u0259nin \u018fdliyy\u0259 nazirinin m\u00fcavinini q\u0259bul edib &#8211; FOTO"},"content":{"rendered":"<p>Bak\u0131da ke\u00e7iril\u0259c\u0259k \u0130qtisadi \u018fm\u0259kda\u015fl\u0131q T\u0259\u015fkilat\u0131na \u00fczv d\u00f6vl\u0259tl\u0259rin Ba\u015f prokurorlar\u0131n\u0131n 4-c\u00fc iclas\u0131nda i\u015ftirak etm\u0259k \u00fc\u00e7\u00fcn Ba\u015f prokuror Kamran \u018fliyevin d\u0259v\u0259til\u0259 T\u00fcrkiy\u0259nin \u018fdliyy\u0259 nazirinin m\u00fcavini Hasan Y\u0131lmaz \u00f6lk\u0259miz\u0259 r\u0259smi s\u0259f\u0259r\u0259 g\u0259lib.<\/p>\n<p><strong>ARANTV.AZ <\/strong>\u00a0x\u0259b\u0259r verir ki, bu g\u00fcn Az\u0259rbaycan\u0131n Ba\u015f prokuroru il\u0259 T\u00fcrkiy\u0259li nazir m\u00fcavini aras\u0131nda ba\u015f tutan g\u00f6r\u00fc\u015f zaman\u0131 iki d\u00f6vl\u0259t aras\u0131nda dostluq v\u0259 qarda\u015fl\u0131q m\u00fcnasib\u0259tl\u0259rinin inki\u015faf\u0131n\u0131n d\u00f6vl\u0259t ba\u015f\u00e7\u0131lar\u0131\u00a0<strong>\u0130lham \u018fliyev<\/strong>\u00a0v\u0259\u00a0R\u0259c\u0259b Tayyib \u018frdo\u011fan\u0131n birg\u0259 s\u0259yl\u0259ri say\u0259sind\u0259 \u0259n y\u00fcks\u0259k m\u00fctt\u0259fiqlik s\u0259viyy\u0259sin\u0259 y\u00fcks\u0259ldiyi qeyd olunub.<\/p>\n<p>Kamran \u018fliyev qonaqlara \u00f6lk\u0259mizd\u0259 h\u0259yata ke\u00e7iril\u0259n h\u00fcquq islahatlar\u0131 \u00e7\u0259r\u00e7iv\u0259sind\u0259 prokurorluq orqanlar\u0131n\u0131n f\u0259aliyy\u0259tinin m\u00fcasirl\u0259\u015fdirilm\u0259si istiqam\u0259tind\u0259 apar\u0131lan k\u00f6kl\u00fc islahatlar bar\u0259d\u0259 m\u0259lumat verib.<\/p>\n<p>S\u0259mimi q\u0259bula g\u00f6r\u0259 \u00f6z t\u0259\u015f\u0259kk\u00fcr\u00fcn\u00fc bildir\u0259n n\u00fcmay\u0259nd\u0259 hey\u0259tinin r\u0259hb\u0259ri Hasan Y\u0131lmaz \u00f6lk\u0259l\u0259rimiz aras\u0131nda h\u00fcquqi sah\u0259d\u0259 \u0259laq\u0259l\u0259rin y\u00fcks\u0259k s\u0259viyy\u0259d\u0259 inki\u015faf etm\u0259si v\u0259 s\u0259m\u0259r\u0259li \u0259m\u0259kda\u015fl\u0131\u011f\u0131n h\u0259yata ke\u00e7irildiyi bildirilib.<\/p>\n<p>G\u00f6r\u00fc\u015fd\u0259 h\u00fcquqi sah\u0259d\u0259 \u0259m\u0259kda\u015fl\u0131q \u00fczr\u0259 faydal\u0131 fikir m\u00fcbadil\u0259si apar\u0131laraq, iki \u00f6lk\u0259 aras\u0131nda dostluq v\u0259 t\u0259r\u0259fda\u015fl\u0131q m\u00fcnasib\u0259tl\u0259rinin bundan sonra da u\u011furla davam etdiril\u0259c\u0259yin\u0259 \u0259minlik ifad\u0259 edilib.<\/p>\n<p>&nbsp;<\/p>\n<div class=\"gallery\">\n<div class=\"gallery-i\"><img src=\"https:\/\/cdn.oxu.az\/uploads\/W1siZiIsIjIwMjMvMDkvMTUvMTkvMTkvNDkvOTVmNTVjODgtYWEwMi00YzgxLWFjMjgtY2Q2OTdkY2Y1M2RjL1doYXRzQXBwIEltYWdlIDIwMjMtMDktMTUgYXQgMTkuMTYuMDAgKDEpLmpwZWciXSxbInAiLCJlbmNvZGUiLCJqcGciLCItcXVhbGl0eSA4MCJdLFsicCIsInRodW1iIiwiNTkweDU5MFx1MDAzZSJdXQ?sha=fde51795c1011d6a\" alt=\"\" \/><\/p>\n<div class=\"gallery-i-caption\"><\/div>\n<\/div>\n<div class=\"gallery-i\"><img src=\"https:\/\/cdn.oxu.az\/uploads\/W1siZiIsIjIwMjMvMDkvMTUvMTkvMTkvNDkvNzRjMmQ4ZmMtMmM0Mi00MWU2LTgzMGYtYTI3NDNkNjZkOTdiL1doYXRzQXBwIEltYWdlIDIwMjMtMDktMTUgYXQgMTkuMTYuMDAuanBlZyJdLFsicCIsImVuY29kZSIsImpwZyIsIi1xdWFsaXR5IDgwIl0sWyJwIiwidGh1bWIiLCI1OTB4NTkwXHUwMDNlIl1d?sha=0f6f4d78c23f8f7e\" alt=\"\" \/><\/div>\n<\/div>\n","protected":false},"excerpt":{"rendered":"<p>Bak\u0131da ke\u00e7iril\u0259c\u0259k \u0130qtisadi \u018fm\u0259kda\u015fl\u0131q T\u0259\u015fkilat\u0131na \u00fczv d\u00f6vl\u0259tl\u0259rin Ba\u015f prokurorlar\u0131n\u0131n 4-c\u00fc iclas\u0131nda i\u015ftirak etm\u0259k \u00fc\u00e7\u00fcn Ba\u015f prokuror Kamran \u018fliyevin d\u0259v\u0259til\u0259 T\u00fcrkiy\u0259nin \u018fdliyy\u0259 nazirinin m\u00fcavini Hasan Y\u0131lmaz \u00f6lk\u0259miz\u0259 r\u0259smi s\u0259f\u0259r\u0259 g\u0259lib. ARANTV.AZ \u00a0x\u0259b\u0259r verir ki, bu g\u00fcn Az\u0259rbaycan\u0131n Ba\u015f prokuroru il\u0259 T\u00fcrkiy\u0259li nazir m\u00fcavini aras\u0131nda ba\u015f tutan g\u00f6r\u00fc\u015f zaman\u0131 iki d\u00f6vl\u0259t aras\u0131nda dostluq v\u0259 qarda\u015fl\u0131q m\u00fcnasib\u0259tl\u0259rinin inki\u015faf\u0131n\u0131n d\u00f6vl\u0259t ba\u015f\u00e7\u0131lar\u0131\u00a0\u0130lham \u018fliyev\u00a0v\u0259\u00a0R\u0259c\u0259b Tayyib \u018frdo\u011fan\u0131n birg\u0259 s\u0259yl\u0259ri say\u0259sind\u0259 \u0259n y\u00fcks\u0259k m\u00fctt\u0259fiqlik s\u0259viyy\u0259sin\u0259 y\u00fcks\u0259ldiyi qeyd olunub. Kamran \u018fliyev qonaqlara \u00f6lk\u0259mizd\u0259 h\u0259yata ke\u00e7iril\u0259n h\u00fcquq islahatlar\u0131 \u00e7\u0259r\u00e7iv\u0259sind\u0259 prokurorluq orqanlar\u0131n\u0131n f\u0259aliyy\u0259tinin m\u00fcasirl\u0259\u015fdirilm\u0259si istiqam\u0259tind\u0259 apar\u0131lan k\u00f6kl\u00fc islahatlar bar\u0259d\u0259 m\u0259lumat verib.&hellip;<\/p>\n","protected":false},"author":2,"featured_media":633477,"comment_status":"closed","ping_status":"closed","sticky":false,"template":"","format":"standard","meta":{"om_disable_all_campaigns":false,"_monsterinsights_skip_tracking":false,"_monsterinsights_sitenote_active":false,"_monsterinsights_sitenote_note":"","_monsterinsights_sitenote_category":0},"categories":[4],"tags":[],"aioseo_notices":[],"gutentor_comment":0,"rttpg_featured_image_url":{"full":["https:\/\/arantv.az\/wp-content\/uploads\/2023\/09\/WhatsApp-Image-2023-09-15-at-19.15.59.jpg",620,413,false],"landscape":["https:\/\/arantv.az\/wp-content\/uploads\/2023\/09\/WhatsApp-Image-2023-09-15-at-19.15.59.jpg",620,413,false],"portraits":["https:\/\/arantv.az\/wp-content\/uploads\/2023\/09\/WhatsApp-Image-2023-09-15-at-19.15.59.jpg",620,413,false],"thumbnail":["https:\/\/arantv.az\/wp-content\/uploads\/2023\/09\/WhatsApp-Image-2023-09-15-at-19.15.59-500x280.jpg",500,280,true],"medium":["https:\/\/arantv.az\/wp-content\/uploads\/2023\/09\/WhatsApp-Image-2023-09-15-at-19.15.59-548x365.jpg",548,365,true],"large":["https:\/\/arantv.az\/wp-content\/uploads\/2023\/09\/WhatsApp-Image-2023-09-15-at-19.15.59.jpg",620,413,false],"1536x1536":["https:\/\/arantv.az\/wp-content\/uploads\/2023\/09\/WhatsApp-Image-2023-09-15-at-19.15.59.jpg",620,413,false],"2048x2048":["https:\/\/arantv.az\/wp-content\/uploads\/2023\/09\/WhatsApp-Image-2023-09-15-at-19.15.59.jpg",620,413,false],"post-thumbnail":["https:\/\/arantv.az\/wp-content\/uploads\/2023\/09\/WhatsApp-Image-2023-09-15-at-19.15.59-240x172.jpg",240,172,true],"advps-thumb-one":["https:\/\/arantv.az\/wp-content\/uploads\/2023\/09\/WhatsApp-Image-2023-09-15-at-19.15.59.jpg",620,413,false]},"rttpg_author":{"display_name":"V\u00fcsal Rafiqo\u011flu","author_link":"https:\/\/arantv.az\/?author=2"},"rttpg_comment":0,"rttpg_category":"<a href=\"https:\/\/arantv.az\/?cat=4\" rel=\"category\">Siyas\u0259t<\/a>","rttpg_excerpt":"Bak\u0131da ke\u00e7iril\u0259c\u0259k \u0130qtisadi \u018fm\u0259kda\u015fl\u0131q T\u0259\u015fkilat\u0131na \u00fczv d\u00f6vl\u0259tl\u0259rin Ba\u015f prokurorlar\u0131n\u0131n 4-c\u00fc iclas\u0131nda i\u015ftirak etm\u0259k \u00fc\u00e7\u00fcn Ba\u015f prokuror Kamran \u018fliyevin d\u0259v\u0259til\u0259 T\u00fcrkiy\u0259nin \u018fdliyy\u0259 nazirinin m\u00fcavini Hasan Y\u0131lmaz \u00f6lk\u0259miz\u0259 r\u0259smi s\u0259f\u0259r\u0259 g\u0259lib. ARANTV.AZ \u00a0x\u0259b\u0259r verir ki, bu g\u00fcn Az\u0259rbaycan\u0131n Ba\u015f prokuroru il\u0259 T\u00fcrkiy\u0259li nazir m\u00fcavini aras\u0131nda ba\u015f tutan g\u00f6r\u00fc\u015f zaman\u0131 iki d\u00f6vl\u0259t aras\u0131nda dostluq v\u0259 qarda\u015fl\u0131q m\u00fcnasib\u0259tl\u0259rinin inki\u015faf\u0131n\u0131n&hellip;","_links":{"self":[{"href":"https:\/\/arantv.az\/index.php?rest_route=\/wp\/v2\/posts\/633473"}],"collection":[{"href":"https:\/\/arantv.az\/index.php?rest_route=\/wp\/v2\/posts"}],"about":[{"href":"https:\/\/arantv.az\/index.php?rest_route=\/wp\/v2\/types\/post"}],"author":[{"embeddable":true,"href":"https:\/\/arantv.az\/index.php?rest_route=\/wp\/v2\/users\/2"}],"replies":[{"embeddable":true,"href":"https:\/\/arantv.az\/index.php?rest_route=%2Fwp%2Fv2%2Fcomments&post=633473"}],"version-history":[{"count":0,"href":"https:\/\/arantv.az\/index.php?rest_route=\/wp\/v2\/posts\/633473\/revisions"}],"wp:featuredmedia":[{"embeddable":true,"href":"https:\/\/arantv.az\/index.php?rest_route=\/wp\/v2\/media\/633477"}],"wp:attachment":[{"href":"https:\/\/arantv.az\/index.php?rest_route=%2Fwp%2Fv2%2Fmedia&parent=633473"}],"wp:term":[{"taxonomy":"category","embeddable":true,"href":"https:\/\/arantv.az\/index.php?rest_route=%2Fwp%2Fv2%2Fcategories&post=633473"},{"taxonomy":"post_tag","embeddable":true,"href":"https:\/\/arantv.az\/index.php?rest_route=%2Fwp%2Fv2%2Ftags&post=633473"}],"curies":[{"name":"wp","href":"https:\/\/api.w.org\/{rel}","templated":true}]}}