{"id":633476,"date":"2023-09-15T20:31:37","date_gmt":"2023-09-15T16:31:37","guid":{"rendered":"https:\/\/arantv.az\/?p=633476"},"modified":"2023-09-15T20:31:37","modified_gmt":"2023-09-15T16:31:37","slug":"bakinin-azad-edilm%c9%99sinin-105-illiyi-il%c9%99-%c9%99laq%c9%99dar-d%c9%99yirmi-masa-kecirildi-foto","status":"publish","type":"post","link":"https:\/\/arantv.az\/?p=633476","title":{"rendered":"Bak\u0131n\u0131n azad edilm\u0259sinin 105 illiyi il\u0259 \u0259laq\u0259dar \u201cd\u0259yirmi masa\u201d ke\u00e7irildi &#8211; FOTO"},"content":{"rendered":"<p>Sentyabr\u0131n 15-d\u0259 Az\u0259rbaycan Ordusunun T\u0259lim v\u0259 T\u0259dris M\u0259rk\u0259zind\u0259 Bak\u0131 \u015f\u0259h\u0259rinin azad edilm\u0259sinin 105 illiyin\u0259 h\u0259sr olunmu\u015f \u201cd\u0259yirmi masa\u201d\u00a0ke\u00e7irilib.<\/p>\n<p>Bu bar\u0259d\u0259\u00a0Az\u0259rbaycan M\u00fcdafi\u0259 Nazirliyi m\u0259lumat yay\u0131b.<\/p>\n<p>\u018fvv\u0259lc\u0259 Az\u0259rbaycan xalq\u0131n\u0131n \u00fcmummilli lideri Heyd\u0259r \u018fliyevin v\u0259 V\u0259t\u0259nimizin azadl\u0131\u011f\u0131, suverenliyi u\u011frunda \u015f\u0259hid olanlar\u0131n xatir\u0259si bir d\u0259qiq\u0259lik s\u00fckutla yad edilib, D\u00f6vl\u0259t Himni s\u0259sl\u0259ndirilib.<\/p>\n<p>T\u0259dbird\u0259 \u00e7\u0131x\u0131\u015f ed\u0259nl\u0259r Az\u0259rbaycan il\u0259 T\u00fcrkiy\u0259 aras\u0131ndak\u0131 dostluq v\u0259 qarda\u015fl\u0131q m\u00fcnasib\u0259tl\u0259rind\u0259n, bu \u0259laq\u0259l\u0259rin u\u011furla inki\u015faf etm\u0259sind\u0259n, 1918-ci il sentyabr\u0131n 15-d\u0259 Nuru Pa\u015fan\u0131n r\u0259hb\u0259rlik etdiyi Qafqaz \u0130slam Ordusunun v\u0259 Az\u0259rbaycan korpusunun Bak\u0131ya daxil olaraq \u015f\u0259h\u0259ri erm\u0259ni-bol\u015fevik i\u015f\u011fal\u0131ndan azad etm\u0259sinin tarixi \u0259h\u0259miyy\u0259tind\u0259n dan\u0131\u015f\u0131blar.<\/p>\n<p>Qeyd olunub ki, qarda\u015f \u00f6lk\u0259 ist\u0259r torpaqlar\u0131m\u0131z\u0131n i\u015f\u011falda oldu\u011fu d\u00f6vrd\u0259, ist\u0259rs\u0259 d\u0259 2020-ci ilin sentyabr\u0131n 27-d\u0259n ba\u015flayan v\u0259 M\u00fcz\u0259ff\u0259r Ali Ba\u015f Komandan\u00a0<strong>\u0130lham \u018fliyevin<\/strong>\u00a0r\u0259hb\u0259rliyi alt\u0131nda \u015fanl\u0131 q\u0259l\u0259b\u0259miz il\u0259 n\u0259tic\u0259l\u0259n\u0259n V\u0259t\u0259n m\u00fcharib\u0259sind\u0259 Az\u0259rbaycana m\u0259n\u0259vi v\u0259 siyasi d\u0259st\u0259k g\u00f6st\u0259rib.<\/p>\n<p>T\u0259dbir Bak\u0131 \u015f\u0259h\u0259rinin azad edilm\u0259sinin 105 illiyin\u0259 h\u0259sr olunmu\u015f video\u00e7arx\u0131n n\u00fcmayi\u015f olunmas\u0131 il\u0259 ba\u015fa \u00e7at\u0131b.<\/p>\n<p>&nbsp;<\/p>\n<div class=\"gallery\">\n<div class=\"gallery-i\"><img src=\"https:\/\/cdn.oxu.az\/uploads\/W1siZiIsIjIwMjMvMDkvMTUvMTkvMTgvMzUvYmRkMDJkNjAtMzY2ZC00YjE3LWExNjQtZjQ3NDYzNGJkMDI2LzYxYjEwZGFkLWFmNjItMzkzNi05ZGFhLTAwNDRiYjBiODVlYi5qcGciXSxbInAiLCJlbmNvZGUiLCJqcGciLCItcXVhbGl0eSA4MCJdLFsicCIsInRodW1iIiwiNTkweDU5MFx1MDAzZSJdXQ?sha=45de3dbd01267289\" \/><\/div>\n<\/div>\n","protected":false},"excerpt":{"rendered":"<p>Sentyabr\u0131n 15-d\u0259 Az\u0259rbaycan Ordusunun T\u0259lim v\u0259 T\u0259dris M\u0259rk\u0259zind\u0259 Bak\u0131 \u015f\u0259h\u0259rinin azad edilm\u0259sinin 105 illiyin\u0259 h\u0259sr olunmu\u015f \u201cd\u0259yirmi masa\u201d\u00a0ke\u00e7irilib. Bu bar\u0259d\u0259\u00a0Az\u0259rbaycan M\u00fcdafi\u0259 Nazirliyi m\u0259lumat yay\u0131b. \u018fvv\u0259lc\u0259 Az\u0259rbaycan xalq\u0131n\u0131n \u00fcmummilli lideri Heyd\u0259r \u018fliyevin v\u0259 V\u0259t\u0259nimizin azadl\u0131\u011f\u0131, suverenliyi u\u011frunda \u015f\u0259hid olanlar\u0131n xatir\u0259si bir d\u0259qiq\u0259lik s\u00fckutla yad edilib, D\u00f6vl\u0259t Himni s\u0259sl\u0259ndirilib. T\u0259dbird\u0259 \u00e7\u0131x\u0131\u015f ed\u0259nl\u0259r Az\u0259rbaycan il\u0259 T\u00fcrkiy\u0259 aras\u0131ndak\u0131 dostluq v\u0259 qarda\u015fl\u0131q m\u00fcnasib\u0259tl\u0259rind\u0259n, bu \u0259laq\u0259l\u0259rin u\u011furla inki\u015faf etm\u0259sind\u0259n, 1918-ci il sentyabr\u0131n 15-d\u0259 Nuru Pa\u015fan\u0131n r\u0259hb\u0259rlik etdiyi Qafqaz \u0130slam Ordusunun v\u0259 Az\u0259rbaycan korpusunun Bak\u0131ya daxil olaraq \u015f\u0259h\u0259ri erm\u0259ni-bol\u015fevik i\u015f\u011fal\u0131ndan azad etm\u0259sinin tarixi \u0259h\u0259miyy\u0259tind\u0259n dan\u0131\u015f\u0131blar. Qeyd olunub&hellip;<\/p>\n","protected":false},"author":2,"featured_media":633480,"comment_status":"closed","ping_status":"closed","sticky":false,"template":"","format":"standard","meta":{"om_disable_all_campaigns":false,"_monsterinsights_skip_tracking":false,"_monsterinsights_sitenote_active":false,"_monsterinsights_sitenote_note":"","_monsterinsights_sitenote_category":0},"categories":[4],"tags":[],"aioseo_notices":[],"gutentor_comment":0,"rttpg_featured_image_url":{"full":["https:\/\/arantv.az\/wp-content\/uploads\/2023\/09\/8059d6bb-65f2-3def-aba2-1d7be31be9af_850.jpg",620,413,false],"landscape":["https:\/\/arantv.az\/wp-content\/uploads\/2023\/09\/8059d6bb-65f2-3def-aba2-1d7be31be9af_850.jpg",620,413,false],"portraits":["https:\/\/arantv.az\/wp-content\/uploads\/2023\/09\/8059d6bb-65f2-3def-aba2-1d7be31be9af_850.jpg",620,413,false],"thumbnail":["https:\/\/arantv.az\/wp-content\/uploads\/2023\/09\/8059d6bb-65f2-3def-aba2-1d7be31be9af_850-500x280.jpg",500,280,true],"medium":["https:\/\/arantv.az\/wp-content\/uploads\/2023\/09\/8059d6bb-65f2-3def-aba2-1d7be31be9af_850-548x365.jpg",548,365,true],"large":["https:\/\/arantv.az\/wp-content\/uploads\/2023\/09\/8059d6bb-65f2-3def-aba2-1d7be31be9af_850.jpg",620,413,false],"1536x1536":["https:\/\/arantv.az\/wp-content\/uploads\/2023\/09\/8059d6bb-65f2-3def-aba2-1d7be31be9af_850.jpg",620,413,false],"2048x2048":["https:\/\/arantv.az\/wp-content\/uploads\/2023\/09\/8059d6bb-65f2-3def-aba2-1d7be31be9af_850.jpg",620,413,false],"post-thumbnail":["https:\/\/arantv.az\/wp-content\/uploads\/2023\/09\/8059d6bb-65f2-3def-aba2-1d7be31be9af_850-240x172.jpg",240,172,true],"advps-thumb-one":["https:\/\/arantv.az\/wp-content\/uploads\/2023\/09\/8059d6bb-65f2-3def-aba2-1d7be31be9af_850.jpg",620,413,false]},"rttpg_author":{"display_name":"V\u00fcsal Rafiqo\u011flu","author_link":"https:\/\/arantv.az\/?author=2"},"rttpg_comment":0,"rttpg_category":"<a href=\"https:\/\/arantv.az\/?cat=4\" rel=\"category\">Siyas\u0259t<\/a>","rttpg_excerpt":"Sentyabr\u0131n 15-d\u0259 Az\u0259rbaycan Ordusunun T\u0259lim v\u0259 T\u0259dris M\u0259rk\u0259zind\u0259 Bak\u0131 \u015f\u0259h\u0259rinin azad edilm\u0259sinin 105 illiyin\u0259 h\u0259sr olunmu\u015f \u201cd\u0259yirmi masa\u201d\u00a0ke\u00e7irilib. Bu bar\u0259d\u0259\u00a0Az\u0259rbaycan M\u00fcdafi\u0259 Nazirliyi m\u0259lumat yay\u0131b. \u018fvv\u0259lc\u0259 Az\u0259rbaycan xalq\u0131n\u0131n \u00fcmummilli lideri Heyd\u0259r \u018fliyevin v\u0259 V\u0259t\u0259nimizin azadl\u0131\u011f\u0131, suverenliyi u\u011frunda \u015f\u0259hid olanlar\u0131n xatir\u0259si bir d\u0259qiq\u0259lik s\u00fckutla yad edilib, D\u00f6vl\u0259t Himni s\u0259sl\u0259ndirilib. T\u0259dbird\u0259 \u00e7\u0131x\u0131\u015f ed\u0259nl\u0259r Az\u0259rbaycan il\u0259 T\u00fcrkiy\u0259 aras\u0131ndak\u0131 dostluq&hellip;","_links":{"self":[{"href":"https:\/\/arantv.az\/index.php?rest_route=\/wp\/v2\/posts\/633476"}],"collection":[{"href":"https:\/\/arantv.az\/index.php?rest_route=\/wp\/v2\/posts"}],"about":[{"href":"https:\/\/arantv.az\/index.php?rest_route=\/wp\/v2\/types\/post"}],"author":[{"embeddable":true,"href":"https:\/\/arantv.az\/index.php?rest_route=\/wp\/v2\/users\/2"}],"replies":[{"embeddable":true,"href":"https:\/\/arantv.az\/index.php?rest_route=%2Fwp%2Fv2%2Fcomments&post=633476"}],"version-history":[{"count":0,"href":"https:\/\/arantv.az\/index.php?rest_route=\/wp\/v2\/posts\/633476\/revisions"}],"wp:featuredmedia":[{"embeddable":true,"href":"https:\/\/arantv.az\/index.php?rest_route=\/wp\/v2\/media\/633480"}],"wp:attachment":[{"href":"https:\/\/arantv.az\/index.php?rest_route=%2Fwp%2Fv2%2Fmedia&parent=633476"}],"wp:term":[{"taxonomy":"category","embeddable":true,"href":"https:\/\/arantv.az\/index.php?rest_route=%2Fwp%2Fv2%2Fcategories&post=633476"},{"taxonomy":"post_tag","embeddable":true,"href":"https:\/\/arantv.az\/index.php?rest_route=%2Fwp%2Fv2%2Ftags&post=633476"}],"curies":[{"name":"wp","href":"https:\/\/api.w.org\/{rel}","templated":true}]}}