{"id":633479,"date":"2023-09-15T20:32:15","date_gmt":"2023-09-15T16:32:15","guid":{"rendered":"https:\/\/arantv.az\/?p=633479"},"modified":"2023-09-15T20:32:15","modified_gmt":"2023-09-15T16:32:15","slug":"iran-xarici-siyas%c9%99tinin-bohrani-video","status":"publish","type":"post","link":"https:\/\/arantv.az\/?p=633479","title":{"rendered":"\u0130ran xarici siyas\u0259tinin b\u00f6hran\u0131 &#8211; V\u0130DEO"},"content":{"rendered":"<article class=\"news\">\n<div class=\"news-inner\">\n<p>Bir m\u00fcdd\u0259t \u0259vv\u0259l beyn\u0259lxalq m\u00fcnasib\u0259tl\u0259r \u00fczr\u0259 tan\u0131nm\u0131\u015f \u0130ran alimi M\u00f6hs\u00fcn C\u0259lilv\u0259nd m\u0259tbuata a\u00e7\u0131qlamas\u0131nda \u0130ran xarici siyas\u0259tinin d\u0259qiq, sistemli v\u0259 strateji proqramlara malik olmad\u0131\u011f\u0131n\u0131 vur\u011fulay\u0131b<\/p>\n<p>O qeyd edib ki, \u0130ran xarici siyas\u0259tinin \u0259sas problemi xarici siyas\u0259tin \u00f6z\u00fcn\u00fcn olmamas\u0131d\u0131r:<\/p>\n<p>\u201c\u0130ran \u0130slam Respublikas\u0131 ist\u0259r regional, ist\u0259rs\u0259 d\u0259 qlobal s\u0259viyy\u0259d\u0259 yaln\u0131z xarici \u0259laq\u0259l\u0259rl\u0259 kifay\u0259tl\u0259nir. Y\u0259ni xarici siyas\u0259t xarici \u0259laq\u0259l\u0259r s\u0259viyy\u0259sin\u0259 endirilib\u201d.<\/p>\n<p>Son bir ne\u00e7\u0259 ay \u0259rzind\u0259 \u0130ran hakimiyy\u0259tinin xarici siyas\u0259t sah\u0259sind\u0259 \u00fczl\u0259\u015fdiyi v\u0259 onun \u00fc\u00e7\u00fcn xo\u015fag\u0259lm\u0259z olan s\u00fcrprizl\u0259r ekspertin bu s\u00f6zl\u0259rinin h\u0259qiq\u0259t oldu\u011funu t\u0259sdiql\u0259yib. Misal \u00fc\u00e7\u00fcn, \u0130ranla Birl\u0259\u015fmi\u015f \u018fr\u0259b \u018fmirlikl\u0259ri (B\u018f\u018f) aras\u0131nda m\u00fcbahis\u0259li \u0259razi kimi tan\u0131nan \u00fc\u00e7 ada &#8211;\u00a0Fars k\u00f6rf\u0259zind\u0259ki B\u00f6y\u00fck Tomb, Ki\u00e7ik Tomb v\u0259 \u018fbu Musa adalar\u0131 m\u0259s\u0259l\u0259sin\u0259 \u0130ran\u0131n \u00f6z\u00fcn\u0259 yax\u0131n dost v\u0259 m\u00fctt\u0259fiq bildiyi \u00f6lk\u0259l\u0259rin son d\u00f6n\u0259md\u0259 g\u00f6st\u0259rdiyi m\u00fcnasib\u0259ti qeyd etm\u0259k olar.<\/p>\n<p>Bel\u0259 ki, \u00f6t\u0259n ilin sonlar\u0131nda \u00c7in Xalq Respublikas\u0131n\u0131n s\u0259dri Si Cinpinin S\u0259udiyy\u0259 \u018fr\u0259bistan\u0131na s\u0259f\u0259ri \u00e7\u0259r\u00e7iv\u0259sind\u0259 ke\u00e7iril\u0259n \u00c7in-K\u00f6rf\u0259z \u018fm\u0259kda\u015fl\u0131q \u015euras\u0131 sammitinin b\u0259yanat\u0131nda faktiki olaraq adalar m\u0259s\u0259l\u0259sind\u0259 B\u018f\u018f-y\u0259 d\u0259st\u0259k ifad\u0259 ed\u0259n b\u0259nd \u0259ksini tap\u0131b.<\/p>\n<p>Bu il iyulun 10-da Rusiya v\u0259 K\u00f6rf\u0259z \u018fm\u0259kda\u015fl\u0131q \u015euras\u0131 \u00f6lk\u0259l\u0259ri aras\u0131nda strateji dialoqun xarici i\u015fl\u0259r nazirl\u0259ri s\u0259viyy\u0259sind\u0259 Moskvada ke\u00e7irilmi\u015f 6-c\u0131 iclas\u0131n\u0131n birg\u0259 b\u0259yanat\u0131nda da analoji b\u0259nd yer al\u0131b. H\u0259r iki s\u0259n\u0259din alt\u0131nda \u0130ran\u0131n strateji m\u00fctt\u0259fiqi say\u0131lan \u00c7in v\u0259 Rusiya r\u0259smil\u0259rinin imzas\u0131n\u0131n olmas\u0131 Tehranda ciddi narahatl\u0131q do\u011furub, lakin \u0130ran hakimiyy\u0259tinin cavab\u0131 xarici i\u015fl\u0259r nazirinin sosial \u015f\u0259b\u0259k\u0259l\u0259rd\u0259 status payla\u015fmas\u0131ndan, X\u0130N s\u00f6z\u00e7\u00fcs\u00fcn\u00fcn \u00fcmumi s\u0259ciyy\u0259li a\u00e7\u0131qlamas\u0131ndan v\u0259 qeyd olunan \u00f6lk\u0259l\u0259rin s\u0259firl\u0259rinin X\u0130N-\u0259 d\u0259v\u0259t olunmas\u0131ndan uza\u011fa getm\u0259yib.<\/p>\n<p>\u201cAzad \u0130ran\u201d\u00a0\u201cYoutube\u201d kanal\u0131n\u0131n m\u00f6vzu il\u0259 ba\u011fl\u0131 s\u00fcjetini t\u0259qdim edirik:<\/p>\n<div><iframe loading=\"lazy\" title=\"YouTube video player\" src=\"https:\/\/www.youtube.com\/embed\/wCk3pdybOK4?si=QRFYtClWyOKkRG27\" width=\"560\" height=\"315\" frameborder=\"0\" allowfullscreen=\"allowfullscreen\" data-mce-fragment=\"1\"><\/iframe><\/div>\n<\/div>\n<\/article>\n","protected":false},"excerpt":{"rendered":"<p>Bir m\u00fcdd\u0259t \u0259vv\u0259l beyn\u0259lxalq m\u00fcnasib\u0259tl\u0259r \u00fczr\u0259 tan\u0131nm\u0131\u015f \u0130ran alimi M\u00f6hs\u00fcn C\u0259lilv\u0259nd m\u0259tbuata a\u00e7\u0131qlamas\u0131nda \u0130ran xarici siyas\u0259tinin d\u0259qiq, sistemli v\u0259 strateji proqramlara malik olmad\u0131\u011f\u0131n\u0131 vur\u011fulay\u0131b O qeyd edib ki, \u0130ran xarici siyas\u0259tinin \u0259sas problemi xarici siyas\u0259tin \u00f6z\u00fcn\u00fcn olmamas\u0131d\u0131r: \u201c\u0130ran \u0130slam Respublikas\u0131 ist\u0259r regional, ist\u0259rs\u0259 d\u0259 qlobal s\u0259viyy\u0259d\u0259 yaln\u0131z xarici \u0259laq\u0259l\u0259rl\u0259 kifay\u0259tl\u0259nir. Y\u0259ni xarici siyas\u0259t xarici \u0259laq\u0259l\u0259r s\u0259viyy\u0259sin\u0259 endirilib\u201d. Son bir ne\u00e7\u0259 ay \u0259rzind\u0259 \u0130ran hakimiyy\u0259tinin xarici siyas\u0259t sah\u0259sind\u0259 \u00fczl\u0259\u015fdiyi v\u0259 onun \u00fc\u00e7\u00fcn xo\u015fag\u0259lm\u0259z olan s\u00fcrprizl\u0259r ekspertin bu s\u00f6zl\u0259rinin h\u0259qiq\u0259t oldu\u011funu t\u0259sdiql\u0259yib. Misal \u00fc\u00e7\u00fcn, \u0130ranla Birl\u0259\u015fmi\u015f \u018fr\u0259b \u018fmirlikl\u0259ri (B\u018f\u018f) aras\u0131nda m\u00fcbahis\u0259li \u0259razi&hellip;<\/p>\n","protected":false},"author":2,"featured_media":633484,"comment_status":"closed","ping_status":"closed","sticky":false,"template":"","format":"standard","meta":{"om_disable_all_campaigns":false,"_monsterinsights_skip_tracking":false,"_monsterinsights_sitenote_active":false,"_monsterinsights_sitenote_note":"","_monsterinsights_sitenote_category":0},"categories":[4],"tags":[],"aioseo_notices":[],"gutentor_comment":0,"rttpg_featured_image_url":{"full":["https:\/\/arantv.az\/wp-content\/uploads\/2023\/09\/Screenshot-2023-09-15-182920.jpg",620,413,false],"landscape":["https:\/\/arantv.az\/wp-content\/uploads\/2023\/09\/Screenshot-2023-09-15-182920.jpg",620,413,false],"portraits":["https:\/\/arantv.az\/wp-content\/uploads\/2023\/09\/Screenshot-2023-09-15-182920.jpg",620,413,false],"thumbnail":["https:\/\/arantv.az\/wp-content\/uploads\/2023\/09\/Screenshot-2023-09-15-182920-500x280.jpg",500,280,true],"medium":["https:\/\/arantv.az\/wp-content\/uploads\/2023\/09\/Screenshot-2023-09-15-182920-548x365.jpg",548,365,true],"large":["https:\/\/arantv.az\/wp-content\/uploads\/2023\/09\/Screenshot-2023-09-15-182920.jpg",620,413,false],"1536x1536":["https:\/\/arantv.az\/wp-content\/uploads\/2023\/09\/Screenshot-2023-09-15-182920.jpg",620,413,false],"2048x2048":["https:\/\/arantv.az\/wp-content\/uploads\/2023\/09\/Screenshot-2023-09-15-182920.jpg",620,413,false],"post-thumbnail":["https:\/\/arantv.az\/wp-content\/uploads\/2023\/09\/Screenshot-2023-09-15-182920-240x172.jpg",240,172,true],"advps-thumb-one":["https:\/\/arantv.az\/wp-content\/uploads\/2023\/09\/Screenshot-2023-09-15-182920.jpg",620,413,false]},"rttpg_author":{"display_name":"V\u00fcsal Rafiqo\u011flu","author_link":"https:\/\/arantv.az\/?author=2"},"rttpg_comment":0,"rttpg_category":"<a href=\"https:\/\/arantv.az\/?cat=4\" rel=\"category\">Siyas\u0259t<\/a>","rttpg_excerpt":"Bir m\u00fcdd\u0259t \u0259vv\u0259l beyn\u0259lxalq m\u00fcnasib\u0259tl\u0259r \u00fczr\u0259 tan\u0131nm\u0131\u015f \u0130ran alimi M\u00f6hs\u00fcn C\u0259lilv\u0259nd m\u0259tbuata a\u00e7\u0131qlamas\u0131nda \u0130ran xarici siyas\u0259tinin d\u0259qiq, sistemli v\u0259 strateji proqramlara malik olmad\u0131\u011f\u0131n\u0131 vur\u011fulay\u0131b O qeyd edib ki, \u0130ran xarici siyas\u0259tinin \u0259sas problemi xarici siyas\u0259tin \u00f6z\u00fcn\u00fcn olmamas\u0131d\u0131r: \u201c\u0130ran \u0130slam Respublikas\u0131 ist\u0259r regional, ist\u0259rs\u0259 d\u0259 qlobal s\u0259viyy\u0259d\u0259 yaln\u0131z xarici \u0259laq\u0259l\u0259rl\u0259 kifay\u0259tl\u0259nir. Y\u0259ni xarici siyas\u0259t xarici \u0259laq\u0259l\u0259r&hellip;","_links":{"self":[{"href":"https:\/\/arantv.az\/index.php?rest_route=\/wp\/v2\/posts\/633479"}],"collection":[{"href":"https:\/\/arantv.az\/index.php?rest_route=\/wp\/v2\/posts"}],"about":[{"href":"https:\/\/arantv.az\/index.php?rest_route=\/wp\/v2\/types\/post"}],"author":[{"embeddable":true,"href":"https:\/\/arantv.az\/index.php?rest_route=\/wp\/v2\/users\/2"}],"replies":[{"embeddable":true,"href":"https:\/\/arantv.az\/index.php?rest_route=%2Fwp%2Fv2%2Fcomments&post=633479"}],"version-history":[{"count":0,"href":"https:\/\/arantv.az\/index.php?rest_route=\/wp\/v2\/posts\/633479\/revisions"}],"wp:featuredmedia":[{"embeddable":true,"href":"https:\/\/arantv.az\/index.php?rest_route=\/wp\/v2\/media\/633484"}],"wp:attachment":[{"href":"https:\/\/arantv.az\/index.php?rest_route=%2Fwp%2Fv2%2Fmedia&parent=633479"}],"wp:term":[{"taxonomy":"category","embeddable":true,"href":"https:\/\/arantv.az\/index.php?rest_route=%2Fwp%2Fv2%2Fcategories&post=633479"},{"taxonomy":"post_tag","embeddable":true,"href":"https:\/\/arantv.az\/index.php?rest_route=%2Fwp%2Fv2%2Ftags&post=633479"}],"curies":[{"name":"wp","href":"https:\/\/api.w.org\/{rel}","templated":true}]}}