{"id":633483,"date":"2023-09-15T20:32:34","date_gmt":"2023-09-15T16:32:34","guid":{"rendered":"https:\/\/arantv.az\/?p=633483"},"modified":"2023-09-15T20:32:34","modified_gmt":"2023-09-15T16:32:34","slug":"tbilisid%c9%99-az%c9%99rbaycan-v%c9%99-erm%c9%99nistan-ekspertl%c9%99rinin-gorusu-olub","status":"publish","type":"post","link":"https:\/\/arantv.az\/?p=633483","title":{"rendered":"Tbilisid\u0259 Az\u0259rbaycan v\u0259 Erm\u0259nistan ekspertl\u0259rinin g\u00f6r\u00fc\u015f\u00fc olub"},"content":{"rendered":"<p>Bu g\u00fcn, sentyabr\u0131n 15-d\u0259 Tbilisid\u0259 Az\u0259rbaycan v\u0259 Erm\u0259nistandan olan ekspert hey\u0259tl\u0259ri aras\u0131nda g\u00f6r\u00fc\u015f ke\u00e7irilib.<\/p>\n<p>Bu bar\u0259d\u0259\u00a0\u201cReport\u201da Beyn\u0259lxalq M\u00fcnasib\u0259tl\u0259rin T\u0259hlili M\u0259rk\u0259zind\u0259n (BMTM) bildirilib.<\/p>\n<p>Qeyd olunub ki, hey\u0259tl\u0259r\u0259 Az\u0259rbaycan t\u0259r\u0259fd\u0259n BMTM \u0130dar\u0259 Hey\u0259tinin s\u0259dri F\u0259rid \u015e\u0259fiyev, Erm\u0259nistan t\u0259r\u0259fd\u0259n is\u0259 Qafqaz Ara\u015fd\u0131rmalar\u0131 \u0130nstitutunun direktoru Aleksandr \u0130sk\u0259nd\u0259ryan r\u0259hb\u0259rlik edib.<\/p>\n<p>T\u0259r\u0259fl\u0259rin iki \u00f6lk\u0259 aras\u0131nda m\u00fcnasib\u0259tl\u0259rin normalla\u015fd\u0131rmas\u0131 m\u0259s\u0259l\u0259sini m\u00fczakir\u0259 etdikl\u0259ri vur\u011fulan\u0131b.<\/p>\n","protected":false},"excerpt":{"rendered":"<p>Bu g\u00fcn, sentyabr\u0131n 15-d\u0259 Tbilisid\u0259 Az\u0259rbaycan v\u0259 Erm\u0259nistandan olan ekspert hey\u0259tl\u0259ri aras\u0131nda g\u00f6r\u00fc\u015f ke\u00e7irilib. Bu bar\u0259d\u0259\u00a0\u201cReport\u201da Beyn\u0259lxalq M\u00fcnasib\u0259tl\u0259rin T\u0259hlili M\u0259rk\u0259zind\u0259n (BMTM) bildirilib. Qeyd olunub ki, hey\u0259tl\u0259r\u0259 Az\u0259rbaycan t\u0259r\u0259fd\u0259n BMTM \u0130dar\u0259 Hey\u0259tinin s\u0259dri F\u0259rid \u015e\u0259fiyev, Erm\u0259nistan t\u0259r\u0259fd\u0259n is\u0259 Qafqaz Ara\u015fd\u0131rmalar\u0131 \u0130nstitutunun direktoru Aleksandr \u0130sk\u0259nd\u0259ryan r\u0259hb\u0259rlik edib. T\u0259r\u0259fl\u0259rin iki \u00f6lk\u0259 aras\u0131nda m\u00fcnasib\u0259tl\u0259rin normalla\u015fd\u0131rmas\u0131 m\u0259s\u0259l\u0259sini m\u00fczakir\u0259 etdikl\u0259ri vur\u011fulan\u0131b.<\/p>\n","protected":false},"author":2,"featured_media":633486,"comment_status":"closed","ping_status":"closed","sticky":false,"template":"","format":"standard","meta":{"om_disable_all_campaigns":false,"_monsterinsights_skip_tracking":false,"_monsterinsights_sitenote_active":false,"_monsterinsights_sitenote_note":"","_monsterinsights_sitenote_category":0},"categories":[4],"tags":[],"aioseo_notices":[],"gutentor_comment":0,"rttpg_featured_image_url":{"full":["https:\/\/arantv.az\/wp-content\/uploads\/2023\/09\/19ea5298-69f0-3946-babf-e60814a2a39e_850.jpg",620,413,false],"landscape":["https:\/\/arantv.az\/wp-content\/uploads\/2023\/09\/19ea5298-69f0-3946-babf-e60814a2a39e_850.jpg",620,413,false],"portraits":["https:\/\/arantv.az\/wp-content\/uploads\/2023\/09\/19ea5298-69f0-3946-babf-e60814a2a39e_850.jpg",620,413,false],"thumbnail":["https:\/\/arantv.az\/wp-content\/uploads\/2023\/09\/19ea5298-69f0-3946-babf-e60814a2a39e_850-500x280.jpg",500,280,true],"medium":["https:\/\/arantv.az\/wp-content\/uploads\/2023\/09\/19ea5298-69f0-3946-babf-e60814a2a39e_850-548x365.jpg",548,365,true],"large":["https:\/\/arantv.az\/wp-content\/uploads\/2023\/09\/19ea5298-69f0-3946-babf-e60814a2a39e_850.jpg",620,413,false],"1536x1536":["https:\/\/arantv.az\/wp-content\/uploads\/2023\/09\/19ea5298-69f0-3946-babf-e60814a2a39e_850.jpg",620,413,false],"2048x2048":["https:\/\/arantv.az\/wp-content\/uploads\/2023\/09\/19ea5298-69f0-3946-babf-e60814a2a39e_850.jpg",620,413,false],"post-thumbnail":["https:\/\/arantv.az\/wp-content\/uploads\/2023\/09\/19ea5298-69f0-3946-babf-e60814a2a39e_850-240x172.jpg",240,172,true],"advps-thumb-one":["https:\/\/arantv.az\/wp-content\/uploads\/2023\/09\/19ea5298-69f0-3946-babf-e60814a2a39e_850.jpg",620,413,false]},"rttpg_author":{"display_name":"V\u00fcsal Rafiqo\u011flu","author_link":"https:\/\/arantv.az\/?author=2"},"rttpg_comment":0,"rttpg_category":"<a href=\"https:\/\/arantv.az\/?cat=4\" rel=\"category\">Siyas\u0259t<\/a>","rttpg_excerpt":"Bu g\u00fcn, sentyabr\u0131n 15-d\u0259 Tbilisid\u0259 Az\u0259rbaycan v\u0259 Erm\u0259nistandan olan ekspert hey\u0259tl\u0259ri aras\u0131nda g\u00f6r\u00fc\u015f ke\u00e7irilib. Bu bar\u0259d\u0259\u00a0\u201cReport\u201da Beyn\u0259lxalq M\u00fcnasib\u0259tl\u0259rin T\u0259hlili M\u0259rk\u0259zind\u0259n (BMTM) bildirilib. Qeyd olunub ki, hey\u0259tl\u0259r\u0259 Az\u0259rbaycan t\u0259r\u0259fd\u0259n BMTM \u0130dar\u0259 Hey\u0259tinin s\u0259dri F\u0259rid \u015e\u0259fiyev, Erm\u0259nistan t\u0259r\u0259fd\u0259n is\u0259 Qafqaz Ara\u015fd\u0131rmalar\u0131 \u0130nstitutunun direktoru Aleksandr \u0130sk\u0259nd\u0259ryan r\u0259hb\u0259rlik edib. T\u0259r\u0259fl\u0259rin iki \u00f6lk\u0259 aras\u0131nda m\u00fcnasib\u0259tl\u0259rin normalla\u015fd\u0131rmas\u0131 m\u0259s\u0259l\u0259sini m\u00fczakir\u0259 etdikl\u0259ri vur\u011fulan\u0131b.","_links":{"self":[{"href":"https:\/\/arantv.az\/index.php?rest_route=\/wp\/v2\/posts\/633483"}],"collection":[{"href":"https:\/\/arantv.az\/index.php?rest_route=\/wp\/v2\/posts"}],"about":[{"href":"https:\/\/arantv.az\/index.php?rest_route=\/wp\/v2\/types\/post"}],"author":[{"embeddable":true,"href":"https:\/\/arantv.az\/index.php?rest_route=\/wp\/v2\/users\/2"}],"replies":[{"embeddable":true,"href":"https:\/\/arantv.az\/index.php?rest_route=%2Fwp%2Fv2%2Fcomments&post=633483"}],"version-history":[{"count":0,"href":"https:\/\/arantv.az\/index.php?rest_route=\/wp\/v2\/posts\/633483\/revisions"}],"wp:featuredmedia":[{"embeddable":true,"href":"https:\/\/arantv.az\/index.php?rest_route=\/wp\/v2\/media\/633486"}],"wp:attachment":[{"href":"https:\/\/arantv.az\/index.php?rest_route=%2Fwp%2Fv2%2Fmedia&parent=633483"}],"wp:term":[{"taxonomy":"category","embeddable":true,"href":"https:\/\/arantv.az\/index.php?rest_route=%2Fwp%2Fv2%2Fcategories&post=633483"},{"taxonomy":"post_tag","embeddable":true,"href":"https:\/\/arantv.az\/index.php?rest_route=%2Fwp%2Fv2%2Ftags&post=633483"}],"curies":[{"name":"wp","href":"https:\/\/api.w.org\/{rel}","templated":true}]}}