{"id":633487,"date":"2023-09-15T20:33:23","date_gmt":"2023-09-15T16:33:23","guid":{"rendered":"https:\/\/arantv.az\/?p=633487"},"modified":"2023-09-15T20:33:23","modified_gmt":"2023-09-15T16:33:23","slug":"d%c9%99rman-idxalcilari-maksimum-qiym%c9%99tin-altinda-r%c9%99qab%c9%99t-aparacaqlar-v%c9%99-d%c9%99rmanlar-ucuzlasacaq-s%c9%99rh-foto","status":"publish","type":"post","link":"https:\/\/arantv.az\/?p=633487","title":{"rendered":"\u201cD\u0259rman idxal\u00e7\u0131lar\u0131 maksimum qiym\u0259tin alt\u0131nda r\u0259qab\u0259t aparacaqlar v\u0259 d\u0259rmanlar ucuzla\u015facaq\u201d- \u015e\u018fRH + FOTO"},"content":{"rendered":"<p>\u201cD\u0259rman vasit\u0259l\u0259rinin qiym\u0259tl\u0259rinin a\u015fa\u011f\u0131 sal\u0131nmas\u0131 \u00e7ox m\u00fch\u00fcm add\u0131md\u0131r. Bu add\u0131m \u0259cza\u00e7\u0131l\u0131q sah\u0259sind\u0259 yeni bir inqilabi d\u0259yi\u015fikliyin \u0259sas\u0131n\u0131 qoydu\u201d.<\/p>\n<p>Bu fikirl\u0259ri\u00a0<strong>Oxu.Az<\/strong>-a Milli M\u0259clisin deputat\u0131\u00a0<strong>M\u00fc\u015ffiq M\u0259mm\u0259dli<\/strong>\u00a0deyib. O qeyd edib ki, Tarif \u015euras\u0131 verdiyi q\u0259rarla haz\u0131rda \u00f6lk\u0259 \u0259razisind\u0259 qeydiyyatdan ke\u00e7mi\u015f, sat\u0131lan d\u0259rman preparatlar\u0131n\u0131n qiym\u0259tl\u0259rini \u00fcst s\u0259viyy\u0259y\u0259 q\u0259d\u0259r tan\u0131y\u0131b:<\/p>\n<p>&nbsp;<\/p>\n<div class=\"gallery\">\n<div class=\"gallery-i\"><img src=\"https:\/\/cdn.oxu.az\/uploads\/W1siZiIsIjIwMjMvMDkvMTUvMTcvNTUvMDgvYzVmNWNmNjUtZmI2OS00ZmQzLThkZTEtMjc0MjY2MWE0MGZmL23DvMWfLmpwZyJdLFsicCIsImVuY29kZSIsImpwZyIsIi1xdWFsaXR5IDgwIl0sWyJwIiwidGh1bWIiLCI1OTB4NTkwXHUwMDNlIl1d?sha=4c03c4a730f7dd52\" alt=\"\" \/><\/p>\n<div class=\"gallery-i-caption\"><\/div>\n<\/div>\n<\/div>\n<p>\u201cBu, o dem\u0259kdir ki, haz\u0131rk\u0131 qiym\u0259tl\u0259r maksimal qiym\u0259tdir. Bundan sonrak\u0131 d\u00f6vrd\u0259 \u00f6lk\u0259d\u0259 istehsal olunan v\u0259 idxal edil\u0259n d\u0259rman preparatlar\u0131 daha a\u015fa\u011f\u0131 qiym\u0259t\u0259 sat\u0131la bil\u0259c\u0259k.<\/p>\n<p>\u0130ki m\u0259qam\u0131 qeyd etm\u0259k x\u00fcsusil\u0259 vacibdir. Birincisi, p\u0259rak\u0259nd\u0259 v\u0259 topdansat\u0131\u015fla m\u0259\u015f\u011ful olan \u0259cza\u00e7\u0131l\u0131q \u015firk\u0259tl\u0259ri, d\u0259rman preparat\u0131n\u0131n \u00f6lk\u0259y\u0259 idxal\u0131n\u0131 h\u0259yata ke\u00e7ir\u0259n qurumlar \u00f6lk\u0259 \u0259razisind\u0259 qeydiyyata al\u0131nm\u0131\u015f d\u0259rmanlar\u0131 rahatl\u0131qla sata bil\u0259c\u0259kl\u0259r. Bu i\u015fl\u0259 m\u0259\u015f\u011ful olan \u015firk\u0259tl\u0259r tavan qiym\u0259tinin alt\u0131nda r\u0259qab\u0259t aparacaqlar. N\u0259tic\u0259d\u0259, daha ucuz v\u0259 qeydiyyatdan ke\u00e7mi\u015f, d\u00f6vl\u0259tin keyfiyy\u0259tin\u0259 n\u0259zar\u0259t etdiyi d\u0259rmanlar\u0131n idxal\u0131 stimulla\u015facaq. Yeni idxal yollar\u0131, yeni m\u00fcqavil\u0259l\u0259r \u0259sas\u0131nda daha \u00e7ox d\u0259rman \u00e7e\u015fidl\u0259rinin \u00f6lk\u0259miz\u0259 g\u0259tirilm\u0259si m\u00fcmk\u00fcn olacaq.<\/p>\n<p>\u018fg\u0259r bu d\u0259yi\u015fiklikd\u0259n \u00f6nc\u0259ki v\u0259ziyy\u0259t\u0259 n\u0259z\u0259r yetirs\u0259k, konkret olaraq m\u00fc\u0259yy\u0259nl\u0259\u015fmi\u015f qiym\u0259t var idi v\u0259 bu, \u0259hali \u00fc\u00e7\u00fcn \u0259lveri\u015fli deyildi. \u00c7\u00fcnki b\u0259z\u0259n qiym\u0259tl\u0259r m\u00fcxt\u0259lif \u00fcsullarla s\u00fcni \u015f\u0259kild\u0259 bahala\u015fd\u0131r\u0131l\u0131rd\u0131. Milli M\u0259clisd\u0259 d\u0259 d\u0259rman preparatlar\u0131n\u0131n qiym\u0259tl\u0259rinin istehsal\u00e7\u0131 \u00f6lk\u0259l\u0259rd\u0259kind\u0259n 3-4 d\u0259f\u0259 baha oldu\u011fu bildirilirdi. Bu is\u0259 r\u0259qab\u0259t m\u00fchitinin a\u015fa\u011f\u0131 olmas\u0131 il\u0259 \u0259laq\u0259dar idi. Haz\u0131rk\u0131 d\u0259yi\u015fiklikl\u0259r f\u0259rqli r\u0259qab\u0259t m\u00fchitinin yaranmas\u0131na g\u0259tirib \u00e7\u0131xaracaq\u201d.<\/p>\n<p>H\u0259kim-deputat d\u00fc\u015f\u00fcn\u00fcr ki, yeni d\u0259yi\u015fiklikl\u0259r d\u0259rman preparatlar\u0131n\u0131n qeydiyyata al\u0131nmas\u0131, g\u00f6mr\u00fckd\u0259 yoxlan\u0131lmas\u0131 prosesl\u0259rini d\u0259 daha \u00e7evik hala g\u0259tir\u0259c\u0259k:<\/p>\n<p>\u201c\u0130dxal\u0131n aktivl\u0259\u015fm\u0259si, \u00e7e\u015fidin \u00e7oxalmas\u0131 bazarda hans\u0131sa d\u0259rman\u0131n tap\u0131lmamas\u0131 kimi neqativ hallar\u0131 aradan qald\u0131racaq.<\/p>\n<p>D\u0259rmanlar\u0131n ucuzla\u015fmas\u0131 c\u0259miyy\u0259t t\u0259r\u0259find\u0259n \u00e7ox m\u00fcsb\u0259t qar\u015f\u0131lanacaq. \u00c7\u00fcnki indiy\u0259 q\u0259d\u0259r bu, \u0259sas m\u00fczakir\u0259 olunan m\u0259s\u0259l\u0259l\u0259rd\u0259n biri idi\u201d.<\/p>\n<p>Qeyd ed\u0259k ki, 15 sentyabr 2023-c\u00fc il tarixind\u0259 Tarif (qiym\u0259t) \u015euras\u0131n\u0131n ke\u00e7iril\u0259n n\u00f6vb\u0259ti iclas\u0131nda d\u0259rman vasit\u0259l\u0259rinin ucuzla\u015fmas\u0131na s\u0259b\u0259b olacaq q\u0259rar q\u0259bul edilib. Bel\u0259 ki, iclasda Tarif \u015euras\u0131 haz\u0131rk\u0131 vaxtad\u0259k t\u0259sdiq edilmi\u015f b\u00fct\u00fcn d\u0259rman vasit\u0259l\u0259rinin topdan v\u0259 p\u0259rak\u0259nd\u0259 sat\u0131\u015f qiym\u0259tl\u0259rinin yuxar\u0131 h\u0259dd olaraq t\u0259tbiq edilm\u0259si bar\u0259d\u0259 q\u0259rar q\u0259bul edib.<\/p>\n","protected":false},"excerpt":{"rendered":"<p>\u201cD\u0259rman vasit\u0259l\u0259rinin qiym\u0259tl\u0259rinin a\u015fa\u011f\u0131 sal\u0131nmas\u0131 \u00e7ox m\u00fch\u00fcm add\u0131md\u0131r. Bu add\u0131m \u0259cza\u00e7\u0131l\u0131q sah\u0259sind\u0259 yeni bir inqilabi d\u0259yi\u015fikliyin \u0259sas\u0131n\u0131 qoydu\u201d. Bu fikirl\u0259ri\u00a0Oxu.Az-a Milli M\u0259clisin deputat\u0131\u00a0M\u00fc\u015ffiq M\u0259mm\u0259dli\u00a0deyib. O qeyd edib ki, Tarif \u015euras\u0131 verdiyi q\u0259rarla haz\u0131rda \u00f6lk\u0259 \u0259razisind\u0259 qeydiyyatdan ke\u00e7mi\u015f, sat\u0131lan d\u0259rman preparatlar\u0131n\u0131n qiym\u0259tl\u0259rini \u00fcst s\u0259viyy\u0259y\u0259 q\u0259d\u0259r tan\u0131y\u0131b: &nbsp; \u201cBu, o dem\u0259kdir ki, haz\u0131rk\u0131 qiym\u0259tl\u0259r maksimal qiym\u0259tdir. Bundan sonrak\u0131 d\u00f6vrd\u0259 \u00f6lk\u0259d\u0259 istehsal olunan v\u0259 idxal edil\u0259n d\u0259rman preparatlar\u0131 daha a\u015fa\u011f\u0131 qiym\u0259t\u0259 sat\u0131la bil\u0259c\u0259k. \u0130ki m\u0259qam\u0131 qeyd etm\u0259k x\u00fcsusil\u0259 vacibdir. Birincisi, p\u0259rak\u0259nd\u0259 v\u0259 topdansat\u0131\u015fla m\u0259\u015f\u011ful olan \u0259cza\u00e7\u0131l\u0131q \u015firk\u0259tl\u0259ri, d\u0259rman preparat\u0131n\u0131n \u00f6lk\u0259y\u0259 idxal\u0131n\u0131 h\u0259yata ke\u00e7ir\u0259n&hellip;<\/p>\n","protected":false},"author":2,"featured_media":600218,"comment_status":"closed","ping_status":"closed","sticky":false,"template":"","format":"standard","meta":{"om_disable_all_campaigns":false,"_monsterinsights_skip_tracking":false,"_monsterinsights_sitenote_active":false,"_monsterinsights_sitenote_note":"","_monsterinsights_sitenote_category":0},"categories":[19],"tags":[],"aioseo_notices":[],"gutentor_comment":0,"rttpg_featured_image_url":{"full":["https:\/\/arantv.az\/wp-content\/uploads\/2023\/05\/derman_0152.jpg",800,600,false],"landscape":["https:\/\/arantv.az\/wp-content\/uploads\/2023\/05\/derman_0152.jpg",800,600,false],"portraits":["https:\/\/arantv.az\/wp-content\/uploads\/2023\/05\/derman_0152.jpg",800,600,false],"thumbnail":["https:\/\/arantv.az\/wp-content\/uploads\/2023\/05\/derman_0152-500x280.jpg",500,280,true],"medium":["https:\/\/arantv.az\/wp-content\/uploads\/2023\/05\/derman_0152-487x365.jpg",487,365,true],"large":["https:\/\/arantv.az\/wp-content\/uploads\/2023\/05\/derman_0152.jpg",640,480,false],"1536x1536":["https:\/\/arantv.az\/wp-content\/uploads\/2023\/05\/derman_0152.jpg",800,600,false],"2048x2048":["https:\/\/arantv.az\/wp-content\/uploads\/2023\/05\/derman_0152.jpg",800,600,false],"post-thumbnail":["https:\/\/arantv.az\/wp-content\/uploads\/2023\/05\/derman_0152-240x172.jpg",240,172,true],"advps-thumb-one":["https:\/\/arantv.az\/wp-content\/uploads\/2023\/05\/derman_0152.jpg",800,600,false]},"rttpg_author":{"display_name":"V\u00fcsal Rafiqo\u011flu","author_link":"https:\/\/arantv.az\/?author=2"},"rttpg_comment":0,"rttpg_category":"<a href=\"https:\/\/arantv.az\/?cat=19\" rel=\"category\">G\u00fcnd\u0259m<\/a>","rttpg_excerpt":"\u201cD\u0259rman vasit\u0259l\u0259rinin qiym\u0259tl\u0259rinin a\u015fa\u011f\u0131 sal\u0131nmas\u0131 \u00e7ox m\u00fch\u00fcm add\u0131md\u0131r. Bu add\u0131m \u0259cza\u00e7\u0131l\u0131q sah\u0259sind\u0259 yeni bir inqilabi d\u0259yi\u015fikliyin \u0259sas\u0131n\u0131 qoydu\u201d. Bu fikirl\u0259ri\u00a0Oxu.Az-a Milli M\u0259clisin deputat\u0131\u00a0M\u00fc\u015ffiq M\u0259mm\u0259dli\u00a0deyib. O qeyd edib ki, Tarif \u015euras\u0131 verdiyi q\u0259rarla haz\u0131rda \u00f6lk\u0259 \u0259razisind\u0259 qeydiyyatdan ke\u00e7mi\u015f, sat\u0131lan d\u0259rman preparatlar\u0131n\u0131n qiym\u0259tl\u0259rini \u00fcst s\u0259viyy\u0259y\u0259 q\u0259d\u0259r tan\u0131y\u0131b: &nbsp; \u201cBu, o dem\u0259kdir ki, haz\u0131rk\u0131 qiym\u0259tl\u0259r maksimal qiym\u0259tdir. Bundan&hellip;","_links":{"self":[{"href":"https:\/\/arantv.az\/index.php?rest_route=\/wp\/v2\/posts\/633487"}],"collection":[{"href":"https:\/\/arantv.az\/index.php?rest_route=\/wp\/v2\/posts"}],"about":[{"href":"https:\/\/arantv.az\/index.php?rest_route=\/wp\/v2\/types\/post"}],"author":[{"embeddable":true,"href":"https:\/\/arantv.az\/index.php?rest_route=\/wp\/v2\/users\/2"}],"replies":[{"embeddable":true,"href":"https:\/\/arantv.az\/index.php?rest_route=%2Fwp%2Fv2%2Fcomments&post=633487"}],"version-history":[{"count":0,"href":"https:\/\/arantv.az\/index.php?rest_route=\/wp\/v2\/posts\/633487\/revisions"}],"wp:featuredmedia":[{"embeddable":true,"href":"https:\/\/arantv.az\/index.php?rest_route=\/wp\/v2\/media\/600218"}],"wp:attachment":[{"href":"https:\/\/arantv.az\/index.php?rest_route=%2Fwp%2Fv2%2Fmedia&parent=633487"}],"wp:term":[{"taxonomy":"category","embeddable":true,"href":"https:\/\/arantv.az\/index.php?rest_route=%2Fwp%2Fv2%2Fcategories&post=633487"},{"taxonomy":"post_tag","embeddable":true,"href":"https:\/\/arantv.az\/index.php?rest_route=%2Fwp%2Fv2%2Ftags&post=633487"}],"curies":[{"name":"wp","href":"https:\/\/api.w.org\/{rel}","templated":true}]}}