{"id":633490,"date":"2023-09-15T20:34:17","date_gmt":"2023-09-15T16:34:17","guid":{"rendered":"https:\/\/arantv.az\/?p=633490"},"modified":"2023-09-15T20:34:17","modified_gmt":"2023-09-15T16:34:17","slug":"d%c9%99rmanlarin-ucuzlasmasi-sosial-baximdan-xususi-%c9%99h%c9%99miyy%c9%99tli-addimdir-s%c9%99rh-foto","status":"publish","type":"post","link":"https:\/\/arantv.az\/?p=633490","title":{"rendered":"\u201cD\u0259rmanlar\u0131n ucuzla\u015fmas\u0131 sosial bax\u0131mdan x\u00fcsusi \u0259h\u0259miyy\u0259tli add\u0131md\u0131r\u201d \u2013 \u015e\u018fRH + FOTO"},"content":{"rendered":"<p>\u201cD\u0259rmanlar\u0131n keyfiyy\u0259tin\u0259 n\u0259zar\u0259tin g\u00fccl\u0259ndirilm\u0259si, bununla yana\u015f\u0131 qiym\u0259tl\u0259rin optimalla\u015fd\u0131r\u0131lmas\u0131 v\u0259t\u0259nda\u015flar\u0131n d\u0259rman preparatlar\u0131na \u0259l\u00e7atanl\u0131\u011f\u0131n\u0131n art\u0131r\u0131lmas\u0131 \u00fc\u00e7\u00fcn vacibdir\u201d.<\/p>\n<p>Bunu\u00a0<strong>Oxu.Az<\/strong>-a a\u00e7\u0131qlamas\u0131nda Milli M\u0259clisin \u0130qtisadi siyas\u0259t, s\u0259naye v\u0259 sahibkarl\u0131q komit\u0259sinin \u00fczv\u00fc\u00a0<strong>V\u00fcqar Bayramov\u00a0<\/strong>deyib. O qeyd edib ki, Tarif \u015euras\u0131n\u0131n yeni q\u0259rar\u0131 v\u0259t\u0259nda\u015flar\u0131n d\u0259rmanlar\u0131 daha ucuz ala bilm\u0259sin\u0259, \u0259vv\u0259lki d\u00f6vrl\u0259rd\u0259 tap\u0131lmayan, q\u0131t hesab edil\u0259n d\u0259rmanlar\u0131n aptekl\u0259rd\u0259 optimal qiym\u0259tl\u0259 sat\u0131lmas\u0131na imkan ver\u0259c\u0259k:<\/p>\n<p>&nbsp;<\/p>\n<div class=\"gallery\">\n<div class=\"gallery-i\"><img src=\"https:\/\/cdn.oxu.az\/uploads\/W1siZiIsIjIwMjMvMDkvMTUvMTgvMTUvMTUvZTUyOTcyNzMtNTNhMS00MWU3LWIyMzktYzFlOTlmYjkzMzZiL3Zxci5qcGciXSxbInAiLCJlbmNvZGUiLCJqcGciLCItcXVhbGl0eSA4MCJdLFsicCIsInRodW1iIiwiNTkweDU5MFx1MDAzZSJdXQ?sha=a70e8655c4164a03\" alt=\"\" \/><\/p>\n<div class=\"gallery-i-caption\"><\/div>\n<\/div>\n<\/div>\n<p>\u201cBu bax\u0131mdan d\u0259rman preparatlar\u0131n\u0131n qiym\u0259tl\u0259rinin ucuzla\u015fd\u0131r\u0131lmas\u0131 r\u0259qab\u0259tin d\u0259 art\u0131r\u0131lmas\u0131na \u015f\u0259rait yaradacaq.<\/p>\n<p>Art\u0131q b\u0259zi d\u0259rmanlar\u0131n, x\u00fcsusil\u0259 tap\u0131lmayan d\u0259rmanlar\u0131n aptekl\u0259r\u0259 g\u0259tirildiyini, bu sah\u0259d\u0259 narahatl\u0131qlar\u0131n azald\u0131\u011f\u0131n\u0131 m\u00fc\u015fahid\u0259 edirik. M\u0259rh\u0259l\u0259li \u015f\u0259kild\u0259 d\u0259rman bazar\u0131nda keyfiyy\u0259tin y\u00fcks\u0259lm\u0259si, qiym\u0259tl\u0259rin ciddi \u015f\u0259kild\u0259 ucuzla\u015fmas\u0131 m\u00fc\u015fahid\u0259 olunacaq.<\/p>\n<p>V\u0259t\u0259nda\u015flar\u0131n d\u0259rman x\u0259rcl\u0259rinin azalmas\u0131 ail\u0259 b\u00fcdc\u0259sinin nizamlanmas\u0131na m\u00fcsb\u0259t t\u0259sir g\u00f6st\u0259r\u0259c\u0259k. N\u0259tic\u0259d\u0259, bunu sosial bax\u0131mdan x\u00fcsusi \u0259h\u0259miyy\u0259tli add\u0131m hesab ed\u0259 bil\u0259rik.<\/p>\n<p>H\u0259m\u00e7inin, d\u0259rman bazar\u0131 ciddi \u0259h\u0259miyy\u0259t da\u015f\u0131yan sah\u0259dir v\u0259 burada sa\u011flam r\u0259qab\u0259tin t\u0259min edilm\u0259si dig\u0259r sah\u0259l\u0259r\u0259 d\u0259 t\u0259sirsiz \u00f6t\u00fc\u015fm\u0259y\u0259c\u0259k\u201d.<\/p>\n<p>Qeyd ed\u0259k ki, 15 sentyabr 2023-c\u00fc il tarixind\u0259 Tarif (qiym\u0259t) \u015euras\u0131n\u0131n ke\u00e7iril\u0259n n\u00f6vb\u0259ti iclas\u0131nda d\u0259rman vasit\u0259l\u0259rinin ucuzla\u015fmas\u0131na s\u0259b\u0259b olacaq q\u0259rar q\u0259bul edilib. Bel\u0259 ki, iclasda Tarif \u015euras\u0131 haz\u0131rk\u0131 vaxtad\u0259k t\u0259sdiq edilmi\u015f b\u00fct\u00fcn d\u0259rman vasit\u0259l\u0259rinin topdan v\u0259 p\u0259rak\u0259nd\u0259 sat\u0131\u015f qiym\u0259tl\u0259rinin yuxar\u0131 h\u0259dd olaraq t\u0259tbiq edilm\u0259si bar\u0259d\u0259 q\u0259rar q\u0259bul edib.<\/p>\n","protected":false},"excerpt":{"rendered":"<p>\u201cD\u0259rmanlar\u0131n keyfiyy\u0259tin\u0259 n\u0259zar\u0259tin g\u00fccl\u0259ndirilm\u0259si, bununla yana\u015f\u0131 qiym\u0259tl\u0259rin optimalla\u015fd\u0131r\u0131lmas\u0131 v\u0259t\u0259nda\u015flar\u0131n d\u0259rman preparatlar\u0131na \u0259l\u00e7atanl\u0131\u011f\u0131n\u0131n art\u0131r\u0131lmas\u0131 \u00fc\u00e7\u00fcn vacibdir\u201d. Bunu\u00a0Oxu.Az-a a\u00e7\u0131qlamas\u0131nda Milli M\u0259clisin \u0130qtisadi siyas\u0259t, s\u0259naye v\u0259 sahibkarl\u0131q komit\u0259sinin \u00fczv\u00fc\u00a0V\u00fcqar Bayramov\u00a0deyib. O qeyd edib ki, Tarif \u015euras\u0131n\u0131n yeni q\u0259rar\u0131 v\u0259t\u0259nda\u015flar\u0131n d\u0259rmanlar\u0131 daha ucuz ala bilm\u0259sin\u0259, \u0259vv\u0259lki d\u00f6vrl\u0259rd\u0259 tap\u0131lmayan, q\u0131t hesab edil\u0259n d\u0259rmanlar\u0131n aptekl\u0259rd\u0259 optimal qiym\u0259tl\u0259 sat\u0131lmas\u0131na imkan ver\u0259c\u0259k: &nbsp; \u201cBu bax\u0131mdan d\u0259rman preparatlar\u0131n\u0131n qiym\u0259tl\u0259rinin ucuzla\u015fd\u0131r\u0131lmas\u0131 r\u0259qab\u0259tin d\u0259 art\u0131r\u0131lmas\u0131na \u015f\u0259rait yaradacaq. Art\u0131q b\u0259zi d\u0259rmanlar\u0131n, x\u00fcsusil\u0259 tap\u0131lmayan d\u0259rmanlar\u0131n aptekl\u0259r\u0259 g\u0259tirildiyini, bu sah\u0259d\u0259 narahatl\u0131qlar\u0131n azald\u0131\u011f\u0131n\u0131 m\u00fc\u015fahid\u0259 edirik. M\u0259rh\u0259l\u0259li \u015f\u0259kild\u0259 d\u0259rman bazar\u0131nda keyfiyy\u0259tin y\u00fcks\u0259lm\u0259si, qiym\u0259tl\u0259rin ciddi \u015f\u0259kild\u0259 ucuzla\u015fmas\u0131&hellip;<\/p>\n","protected":false},"author":2,"featured_media":633493,"comment_status":"closed","ping_status":"closed","sticky":false,"template":"","format":"standard","meta":{"om_disable_all_campaigns":false,"_monsterinsights_skip_tracking":false,"_monsterinsights_sitenote_active":false,"_monsterinsights_sitenote_note":"","_monsterinsights_sitenote_category":0},"categories":[19],"tags":[],"aioseo_notices":[],"gutentor_comment":0,"rttpg_featured_image_url":{"full":["https:\/\/arantv.az\/wp-content\/uploads\/2023\/09\/drrr.jpg",620,413,false],"landscape":["https:\/\/arantv.az\/wp-content\/uploads\/2023\/09\/drrr.jpg",620,413,false],"portraits":["https:\/\/arantv.az\/wp-content\/uploads\/2023\/09\/drrr.jpg",620,413,false],"thumbnail":["https:\/\/arantv.az\/wp-content\/uploads\/2023\/09\/drrr-500x280.jpg",500,280,true],"medium":["https:\/\/arantv.az\/wp-content\/uploads\/2023\/09\/drrr-548x365.jpg",548,365,true],"large":["https:\/\/arantv.az\/wp-content\/uploads\/2023\/09\/drrr.jpg",620,413,false],"1536x1536":["https:\/\/arantv.az\/wp-content\/uploads\/2023\/09\/drrr.jpg",620,413,false],"2048x2048":["https:\/\/arantv.az\/wp-content\/uploads\/2023\/09\/drrr.jpg",620,413,false],"post-thumbnail":["https:\/\/arantv.az\/wp-content\/uploads\/2023\/09\/drrr-240x172.jpg",240,172,true],"advps-thumb-one":["https:\/\/arantv.az\/wp-content\/uploads\/2023\/09\/drrr.jpg",620,413,false]},"rttpg_author":{"display_name":"V\u00fcsal Rafiqo\u011flu","author_link":"https:\/\/arantv.az\/?author=2"},"rttpg_comment":0,"rttpg_category":"<a href=\"https:\/\/arantv.az\/?cat=19\" rel=\"category\">G\u00fcnd\u0259m<\/a>","rttpg_excerpt":"\u201cD\u0259rmanlar\u0131n keyfiyy\u0259tin\u0259 n\u0259zar\u0259tin g\u00fccl\u0259ndirilm\u0259si, bununla yana\u015f\u0131 qiym\u0259tl\u0259rin optimalla\u015fd\u0131r\u0131lmas\u0131 v\u0259t\u0259nda\u015flar\u0131n d\u0259rman preparatlar\u0131na \u0259l\u00e7atanl\u0131\u011f\u0131n\u0131n art\u0131r\u0131lmas\u0131 \u00fc\u00e7\u00fcn vacibdir\u201d. Bunu\u00a0Oxu.Az-a a\u00e7\u0131qlamas\u0131nda Milli M\u0259clisin \u0130qtisadi siyas\u0259t, s\u0259naye v\u0259 sahibkarl\u0131q komit\u0259sinin \u00fczv\u00fc\u00a0V\u00fcqar Bayramov\u00a0deyib. O qeyd edib ki, Tarif \u015euras\u0131n\u0131n yeni q\u0259rar\u0131 v\u0259t\u0259nda\u015flar\u0131n d\u0259rmanlar\u0131 daha ucuz ala bilm\u0259sin\u0259, \u0259vv\u0259lki d\u00f6vrl\u0259rd\u0259 tap\u0131lmayan, q\u0131t hesab edil\u0259n d\u0259rmanlar\u0131n aptekl\u0259rd\u0259 optimal qiym\u0259tl\u0259 sat\u0131lmas\u0131na imkan ver\u0259c\u0259k: &nbsp;&hellip;","_links":{"self":[{"href":"https:\/\/arantv.az\/index.php?rest_route=\/wp\/v2\/posts\/633490"}],"collection":[{"href":"https:\/\/arantv.az\/index.php?rest_route=\/wp\/v2\/posts"}],"about":[{"href":"https:\/\/arantv.az\/index.php?rest_route=\/wp\/v2\/types\/post"}],"author":[{"embeddable":true,"href":"https:\/\/arantv.az\/index.php?rest_route=\/wp\/v2\/users\/2"}],"replies":[{"embeddable":true,"href":"https:\/\/arantv.az\/index.php?rest_route=%2Fwp%2Fv2%2Fcomments&post=633490"}],"version-history":[{"count":0,"href":"https:\/\/arantv.az\/index.php?rest_route=\/wp\/v2\/posts\/633490\/revisions"}],"wp:featuredmedia":[{"embeddable":true,"href":"https:\/\/arantv.az\/index.php?rest_route=\/wp\/v2\/media\/633493"}],"wp:attachment":[{"href":"https:\/\/arantv.az\/index.php?rest_route=%2Fwp%2Fv2%2Fmedia&parent=633490"}],"wp:term":[{"taxonomy":"category","embeddable":true,"href":"https:\/\/arantv.az\/index.php?rest_route=%2Fwp%2Fv2%2Fcategories&post=633490"},{"taxonomy":"post_tag","embeddable":true,"href":"https:\/\/arantv.az\/index.php?rest_route=%2Fwp%2Fv2%2Ftags&post=633490"}],"curies":[{"name":"wp","href":"https:\/\/api.w.org\/{rel}","templated":true}]}}