{"id":633492,"date":"2023-09-15T20:34:48","date_gmt":"2023-09-15T16:34:48","guid":{"rendered":"https:\/\/arantv.az\/?p=633492"},"modified":"2023-09-15T20:34:48","modified_gmt":"2023-09-15T16:34:48","slug":"c%c9%99lilabadda-yeni-tikil%c9%99n-bes-m%c9%99kt%c9%99b-binasi-istifad%c9%99y%c9%99-verilib-foto","status":"publish","type":"post","link":"https:\/\/arantv.az\/?p=633492","title":{"rendered":"C\u0259lilabadda yeni tikil\u0259n be\u015f m\u0259kt\u0259b binas\u0131 istifad\u0259y\u0259 verilib &#8211; FOTO"},"content":{"rendered":"<p>C\u0259lilabad rayonunda Bilik G\u00fcn\u00fc yeni m\u0259kt\u0259b a\u00e7\u0131l\u0131\u015flar\u0131 il\u0259 qeyd edilib. Rayonda be\u015f m\u0259kt\u0259b binas\u0131 istifad\u0259y\u0259 verilib.<\/p>\n<p>\u201cReport\u201dun Mu\u011fan b\u00fcrosunun m\u0259lumat\u0131na g\u00f6r\u0259, a\u00e7\u0131l\u0131\u015f\u0131 olan t\u0259hsil m\u00fc\u0259ssis\u0259l\u0259rind\u0259n biri Moranl\u0131 k\u0259nd \u00fcmumi orta m\u0259kt\u0259bidir. A\u00e7\u0131l\u0131\u015f m\u0259rasimind\u0259 C\u0259lilabad Rayon \u0130cra Hakimiyy\u0259tinin (R\u0130H) ba\u015f\u00e7\u0131s\u0131 Rafiq C\u0259lilov, L\u0259nk\u0259ran-Astara Regional T\u0259hsil \u0130dar\u0259sinin m\u00fcdiri Elxan N\u0259c\u0259fov, R\u0130H-in m\u0259sul \u015f\u0259xsl\u0259ri, m\u0259kt\u0259blil\u0259r, m\u0259kt\u0259bin pedaqoji kollektivi v\u0259 ictimaiyy\u0259t n\u00fcmay\u0259nd\u0259l\u0259ri i\u015ftirak edibl\u0259r.<\/p>\n<p>R\u0130H ba\u015f\u00e7\u0131s\u0131 R.C\u0259lilov bildirib ki, Prezident<strong>\u00a0\u0130lham \u018fliyevin<\/strong>\u00a0r\u0259hb\u0259rliyi il\u0259 bu g\u00fcn Az\u0259rbaycanda t\u0259hsil\u0259 qay\u011f\u0131 \u0259n y\u00fcks\u0259k s\u0259viyy\u0259d\u0259dir:<\/p>\n<p>\u201cBu sah\u0259d\u0259 h\u0259yata ke\u00e7iril\u0259n islahatlar, ba\u015f ver\u0259n h\u0259r bir hadis\u0259, ilk n\u00f6vb\u0259d\u0259, Az\u0259rbaycan\u0131n xo\u015fb\u0259xt g\u0259l\u0259c\u0259yin\u0259 hesablan\u0131b. Bu istiqam\u0259td\u0259 C\u0259lilabadda da t\u0259hsilin inki\u015faf\u0131 sah\u0259sind\u0259 layih\u0259l\u0259r icra olunur, d\u00f6vl\u0259t proqramlar\u0131 h\u0259yata ke\u00e7irilir, m\u00fcasir t\u0259l\u0259bl\u0259r s\u0259viyy\u0259sind\u0259 v\u0259 y\u00fcks\u0259k standartlara cavab ver\u0259n yeni-yeni t\u0259hsil m\u00fc\u0259ssis\u0259l\u0259ri tikilir v\u0259 t\u0259mir olunur. Bu il d\u0259 Elm v\u0259 T\u0259hsil Nazirliyi t\u0259r\u0259find\u0259n in\u015fa edilmi\u015f 96 \u015fagird yerlik \u018fs\u0259dli k\u0259nd tam orta, 96 \u015fagird yerlik Sarxanl\u0131 k\u0259nd \u00fcmumi orta, 96 \u015fagird yerlik Moranl\u0131 k\u0259nd \u00fcmumi orta, 80 \u015fagird yerlik H\u0259s\u0259nli k\u0259nd \u00fcmumi orta v\u0259 80 \u015fagird yerlik V\u0259nlik k\u0259nd \u00fcmumi orta m\u0259kt\u0259bin modul tipli binalar\u0131 istifad\u0259y\u0259 verilir. \u0130nan\u0131r\u0131q ki, bu m\u0259kt\u0259bl\u0259rd\u0259 d\u0259rs dey\u0259n m\u00fc\u0259lliml\u0259r v\u0259 valideynl\u0259r d\u0259 g\u00f6r\u00fcl\u0259n i\u015fl\u0259r\u0259 \u00f6z t\u00f6hf\u0259l\u0259rini ver\u0259r\u0259k daha savadl\u0131 v\u0259 v\u0259t\u0259np\u0259rv\u0259r g\u0259ncl\u0259r yeti\u015fdir\u0259c\u0259kl\u0259r\u201d.<\/p>\n<p>A\u00e7\u0131l\u0131\u015f m\u0259rasimind\u0259 \u00e7\u0131x\u0131\u015f ed\u0259n L\u0259nk\u0259ran-Astara Regional T\u0259hsil \u0130dar\u0259sinin m\u00fcdiri Elxan N\u0259c\u0259fov Bilik G\u00fcn\u00fc v\u0259 yeni t\u0259dris ilinin ba\u015flanmas\u0131 m\u00fcnasib\u0259til\u0259 pedaqoji kollektivi, \u015fagirdl\u0259ri v\u0259 valideynl\u0259ri t\u0259brik edib, yeni m\u0259kt\u0259bd\u0259 daha savadl\u0131 u\u015faqlar\u0131n haz\u0131rlanmas\u0131 yolunda kollektiv\u0259 u\u011furlar arzulay\u0131b.<\/p>\n<p>M\u0259kt\u0259bin kollektivi v\u0259 valideynl\u0259r t\u0259hsil sah\u0259sin\u0259 g\u00f6st\u0259ril\u0259n y\u00fcks\u0259k d\u00f6vl\u0259t qay\u011f\u0131s\u0131na g\u00f6r\u0259 Prezident \u0130lham \u018fliyev\u0259, Birinci vitse-prezident\u00a0<strong>Mehriban \u018fliyevaya<\/strong>\u00a0minn\u0259tdarl\u0131qlar\u0131n\u0131 bildiribl\u0259r.<\/p>\n<p>Sonra i\u015ftirak\u00e7\u0131lar m\u0259kt\u0259b binas\u0131na bax\u0131\u015f ke\u00e7irib, yarad\u0131lan \u015f\u0259raitl\u0259 tan\u0131\u015f olublar.<\/p>\n<p>&nbsp;<\/p>\n<div class=\"gallery\">\n<div class=\"gallery-i\"><img src=\"https:\/\/cdn.oxu.az\/uploads\/W1siZiIsIjIwMjMvMDkvMTUvMTcvMTgvMjkvYWFiMDJlNDMtNjRhZS00NzRmLWJmZmYtZmQ3NDA0ZmUzMTU5LzhkMWIyMTRiLTY2OWUtM2JlYS04MGE4LTkxN2ZmNWMwZTk4ZC5qcGVnIl0sWyJwIiwiZW5jb2RlIiwianBnIiwiLXF1YWxpdHkgODAiXSxbInAiLCJ0aHVtYiIsIjU5MHg1OTBcdTAwM2UiXV0?sha=6d8d3e66adfc800a\" alt=\"\" \/><\/p>\n<div class=\"gallery-i-caption\"><\/div>\n<\/div>\n<div class=\"gallery-i\"><img src=\"https:\/\/cdn.oxu.az\/uploads\/W1siZiIsIjIwMjMvMDkvMTUvMTcvMTgvMjkvOGFjZmI4OWEtZDU2Zi00OGFlLThmNzAtOTljMjdlMTY0MzczL2Y5MTkwNzk4LTZmZjQtM2FmYy05MzAwLTk2MzRiY2IyYTdjYS5qcGVnIl0sWyJwIiwiZW5jb2RlIiwianBnIiwiLXF1YWxpdHkgODAiXSxbInAiLCJ0aHVtYiIsIjU5MHg1OTBcdTAwM2UiXV0?sha=3600d0b66c59f7be\" alt=\"\" \/><\/p>\n<div class=\"gallery-i-caption\"><\/div>\n<\/div>\n<div class=\"gallery-i\"><img src=\"https:\/\/cdn.oxu.az\/uploads\/W1siZiIsIjIwMjMvMDkvMTUvMTcvMTgvMjkvYzkxZWM4NTYtMjY1Yy00ZGE2LWFjZWMtMTMxOGU2Mzk0M2RkLzkzODU4OGM4LTM5ZTQtMzkxZC1iZjgxLTRmZTk4MzYyZDlmZi5qcGVnIl0sWyJwIiwiZW5jb2RlIiwianBnIiwiLXF1YWxpdHkgODAiXSxbInAiLCJ0aHVtYiIsIjU5MHg1OTBcdTAwM2UiXV0?sha=79109e5fbec08e7d\" alt=\"\" \/><\/p>\n<div class=\"gallery-i-caption\"><\/div>\n<\/div>\n<div class=\"gallery-i\"><img src=\"https:\/\/cdn.oxu.az\/uploads\/W1siZiIsIjIwMjMvMDkvMTUvMTcvMTgvMjkvNTMwNDBhYjUtNWYxMS00NTJmLWI5OGItOGUwNmNlMmFhYThkLzFiYTMwODA4LTRhODYtMzdhZS1iNTAwLTgzMzRlZTdhNjQ4OS5qcGVnIl0sWyJwIiwiZW5jb2RlIiwianBnIiwiLXF1YWxpdHkgODAiXSxbInAiLCJ0aHVtYiIsIjU5MHg1OTBcdTAwM2UiXV0?sha=b8ec73a3739ded7f\" alt=\"\" \/><\/div>\n<\/div>\n","protected":false},"excerpt":{"rendered":"<p>C\u0259lilabad rayonunda Bilik G\u00fcn\u00fc yeni m\u0259kt\u0259b a\u00e7\u0131l\u0131\u015flar\u0131 il\u0259 qeyd edilib. Rayonda be\u015f m\u0259kt\u0259b binas\u0131 istifad\u0259y\u0259 verilib. \u201cReport\u201dun Mu\u011fan b\u00fcrosunun m\u0259lumat\u0131na g\u00f6r\u0259, a\u00e7\u0131l\u0131\u015f\u0131 olan t\u0259hsil m\u00fc\u0259ssis\u0259l\u0259rind\u0259n biri Moranl\u0131 k\u0259nd \u00fcmumi orta m\u0259kt\u0259bidir. A\u00e7\u0131l\u0131\u015f m\u0259rasimind\u0259 C\u0259lilabad Rayon \u0130cra Hakimiyy\u0259tinin (R\u0130H) ba\u015f\u00e7\u0131s\u0131 Rafiq C\u0259lilov, L\u0259nk\u0259ran-Astara Regional T\u0259hsil \u0130dar\u0259sinin m\u00fcdiri Elxan N\u0259c\u0259fov, R\u0130H-in m\u0259sul \u015f\u0259xsl\u0259ri, m\u0259kt\u0259blil\u0259r, m\u0259kt\u0259bin pedaqoji kollektivi v\u0259 ictimaiyy\u0259t n\u00fcmay\u0259nd\u0259l\u0259ri i\u015ftirak edibl\u0259r. R\u0130H ba\u015f\u00e7\u0131s\u0131 R.C\u0259lilov bildirib ki, Prezident\u00a0\u0130lham \u018fliyevin\u00a0r\u0259hb\u0259rliyi il\u0259 bu g\u00fcn Az\u0259rbaycanda t\u0259hsil\u0259 qay\u011f\u0131 \u0259n y\u00fcks\u0259k s\u0259viyy\u0259d\u0259dir: \u201cBu sah\u0259d\u0259 h\u0259yata ke\u00e7iril\u0259n islahatlar, ba\u015f ver\u0259n h\u0259r bir hadis\u0259, ilk n\u00f6vb\u0259d\u0259, Az\u0259rbaycan\u0131n xo\u015fb\u0259xt&hellip;<\/p>\n","protected":false},"author":2,"featured_media":633496,"comment_status":"closed","ping_status":"closed","sticky":false,"template":"","format":"standard","meta":{"om_disable_all_campaigns":false,"_monsterinsights_skip_tracking":false,"_monsterinsights_sitenote_active":false,"_monsterinsights_sitenote_note":"","_monsterinsights_sitenote_category":0},"categories":[1],"tags":[],"aioseo_notices":[],"gutentor_comment":0,"rttpg_featured_image_url":{"full":["https:\/\/arantv.az\/wp-content\/uploads\/2023\/09\/5b848808-ed37-36c3-a9b5-17adb8e2d256_850.jpg",620,413,false],"landscape":["https:\/\/arantv.az\/wp-content\/uploads\/2023\/09\/5b848808-ed37-36c3-a9b5-17adb8e2d256_850.jpg",620,413,false],"portraits":["https:\/\/arantv.az\/wp-content\/uploads\/2023\/09\/5b848808-ed37-36c3-a9b5-17adb8e2d256_850.jpg",620,413,false],"thumbnail":["https:\/\/arantv.az\/wp-content\/uploads\/2023\/09\/5b848808-ed37-36c3-a9b5-17adb8e2d256_850-500x280.jpg",500,280,true],"medium":["https:\/\/arantv.az\/wp-content\/uploads\/2023\/09\/5b848808-ed37-36c3-a9b5-17adb8e2d256_850-548x365.jpg",548,365,true],"large":["https:\/\/arantv.az\/wp-content\/uploads\/2023\/09\/5b848808-ed37-36c3-a9b5-17adb8e2d256_850.jpg",620,413,false],"1536x1536":["https:\/\/arantv.az\/wp-content\/uploads\/2023\/09\/5b848808-ed37-36c3-a9b5-17adb8e2d256_850.jpg",620,413,false],"2048x2048":["https:\/\/arantv.az\/wp-content\/uploads\/2023\/09\/5b848808-ed37-36c3-a9b5-17adb8e2d256_850.jpg",620,413,false],"post-thumbnail":["https:\/\/arantv.az\/wp-content\/uploads\/2023\/09\/5b848808-ed37-36c3-a9b5-17adb8e2d256_850-240x172.jpg",240,172,true],"advps-thumb-one":["https:\/\/arantv.az\/wp-content\/uploads\/2023\/09\/5b848808-ed37-36c3-a9b5-17adb8e2d256_850.jpg",620,413,false]},"rttpg_author":{"display_name":"V\u00fcsal Rafiqo\u011flu","author_link":"https:\/\/arantv.az\/?author=2"},"rttpg_comment":0,"rttpg_category":"<a href=\"https:\/\/arantv.az\/?cat=1\" rel=\"category\">C\u0259miyy\u0259t<\/a>","rttpg_excerpt":"C\u0259lilabad rayonunda Bilik G\u00fcn\u00fc yeni m\u0259kt\u0259b a\u00e7\u0131l\u0131\u015flar\u0131 il\u0259 qeyd edilib. Rayonda be\u015f m\u0259kt\u0259b binas\u0131 istifad\u0259y\u0259 verilib. \u201cReport\u201dun Mu\u011fan b\u00fcrosunun m\u0259lumat\u0131na g\u00f6r\u0259, a\u00e7\u0131l\u0131\u015f\u0131 olan t\u0259hsil m\u00fc\u0259ssis\u0259l\u0259rind\u0259n biri Moranl\u0131 k\u0259nd \u00fcmumi orta m\u0259kt\u0259bidir. A\u00e7\u0131l\u0131\u015f m\u0259rasimind\u0259 C\u0259lilabad Rayon \u0130cra Hakimiyy\u0259tinin (R\u0130H) ba\u015f\u00e7\u0131s\u0131 Rafiq C\u0259lilov, L\u0259nk\u0259ran-Astara Regional T\u0259hsil \u0130dar\u0259sinin m\u00fcdiri Elxan N\u0259c\u0259fov, R\u0130H-in m\u0259sul \u015f\u0259xsl\u0259ri, m\u0259kt\u0259blil\u0259r, m\u0259kt\u0259bin pedaqoji kollektivi&hellip;","_links":{"self":[{"href":"https:\/\/arantv.az\/index.php?rest_route=\/wp\/v2\/posts\/633492"}],"collection":[{"href":"https:\/\/arantv.az\/index.php?rest_route=\/wp\/v2\/posts"}],"about":[{"href":"https:\/\/arantv.az\/index.php?rest_route=\/wp\/v2\/types\/post"}],"author":[{"embeddable":true,"href":"https:\/\/arantv.az\/index.php?rest_route=\/wp\/v2\/users\/2"}],"replies":[{"embeddable":true,"href":"https:\/\/arantv.az\/index.php?rest_route=%2Fwp%2Fv2%2Fcomments&post=633492"}],"version-history":[{"count":0,"href":"https:\/\/arantv.az\/index.php?rest_route=\/wp\/v2\/posts\/633492\/revisions"}],"wp:featuredmedia":[{"embeddable":true,"href":"https:\/\/arantv.az\/index.php?rest_route=\/wp\/v2\/media\/633496"}],"wp:attachment":[{"href":"https:\/\/arantv.az\/index.php?rest_route=%2Fwp%2Fv2%2Fmedia&parent=633492"}],"wp:term":[{"taxonomy":"category","embeddable":true,"href":"https:\/\/arantv.az\/index.php?rest_route=%2Fwp%2Fv2%2Fcategories&post=633492"},{"taxonomy":"post_tag","embeddable":true,"href":"https:\/\/arantv.az\/index.php?rest_route=%2Fwp%2Fv2%2Ftags&post=633492"}],"curies":[{"name":"wp","href":"https:\/\/api.w.org\/{rel}","templated":true}]}}