{"id":633495,"date":"2023-09-15T20:35:22","date_gmt":"2023-09-15T16:35:22","guid":{"rendered":"https:\/\/arantv.az\/?p=633495"},"modified":"2023-09-15T20:35:22","modified_gmt":"2023-09-15T16:35:22","slug":"lacinda-ilk-d%c9%99f%c9%99-%c9%99m%c9%99k-yarmarkasi-keciril%c9%99c%c9%99k-foto","status":"publish","type":"post","link":"https:\/\/arantv.az\/?p=633495","title":{"rendered":"La\u00e7\u0131nda ilk d\u0259f\u0259 \u0259m\u0259k yarmarkas\u0131 ke\u00e7iril\u0259c\u0259k &#8211; FOTO"},"content":{"rendered":"<p>La\u00e7\u0131nda ilk d\u0259f\u0259 \u0259m\u0259k yarmarkas\u0131 ke\u00e7iril\u0259c\u0259k.<\/p>\n<p>\u018fm\u0259k v\u0259 \u018fhalinin Sosial M\u00fcdafi\u0259si Nazirliyind\u0259n veril\u0259n m\u0259lumata g\u00f6r\u0259, \u015f\u0259h\u0259rin Seyrangah \u0259razisind\u0259 t\u0259\u015fkil olunacaq yarmarkada 20 m\u00fc\u0259ssis\u0259 \u00fczr\u0259 130 vakansiya t\u0259qdim edil\u0259c\u0259k.<\/p>\n<p>B\u00f6y\u00fck Qay\u0131d\u0131\u015f proqram\u0131 \u00fczr\u0259 La\u00e7\u0131n rayonuna k\u00f6\u00e7\u00fcr\u00fcl\u0259n sakinl\u0259rin m\u0259\u015f\u011fullu\u011funa d\u0259st\u0259k t\u0259dbirl\u0259ri davam etdirilir.<\/p>\n<p>\u018fm\u0259k v\u0259 \u018fhalinin Sosial M\u00fcdafi\u0259si Nazirliyinin tabeliyind\u0259 D\u00f6vl\u0259t M\u0259\u015f\u011fulluq Agentliyi t\u0259r\u0259find\u0259n sentyabr\u0131n 20-d\u0259 La\u00e7\u0131n \u015f\u0259h\u0259rind\u0259 ilk d\u0259f\u0259 \u0259m\u0259k yarmarkas\u0131 t\u0259\u015fkil edil\u0259c\u0259k. Yarmarka i\u015ftirak\u00e7\u0131lar\u0131na agentliyin icra etdiyi layih\u0259 v\u0259 t\u0259dbirl\u0259r bar\u0259d\u0259 d\u0259 \u0259trafl\u0131 m\u0259lumatlar veril\u0259c\u0259k.<\/p>\n<p>Yarmarka saat 10:00-dan 13:00-\u0259 kimi davam ed\u0259c\u0259k.<\/p>\n<p>&nbsp;<\/p>\n<div class=\"gallery\">\n<div class=\"gallery-i\"><img src=\"https:\/\/cdn.oxu.az\/uploads\/W1siZiIsIjIwMjMvMDkvMTUvMTcvMjYvMzUvZThkY2UyZTUtZmY3Yy00ZmNhLTk5YTktMDhhZTg4MTI0Y2VhL2Y0NGQ4MzRkLWJmODgtMzkzYy04ZTZlLTJkY2Q3NjMxNjU2NS5qcGciXSxbInAiLCJlbmNvZGUiLCJqcGciLCItcXVhbGl0eSA4MCJdLFsicCIsInRodW1iIiwiNTkweDU5MFx1MDAzZSJdXQ?sha=e2ae04d3a7745453\" alt=\"\" \/><\/div>\n<\/div>\n","protected":false},"excerpt":{"rendered":"<p>La\u00e7\u0131nda ilk d\u0259f\u0259 \u0259m\u0259k yarmarkas\u0131 ke\u00e7iril\u0259c\u0259k. \u018fm\u0259k v\u0259 \u018fhalinin Sosial M\u00fcdafi\u0259si Nazirliyind\u0259n veril\u0259n m\u0259lumata g\u00f6r\u0259, \u015f\u0259h\u0259rin Seyrangah \u0259razisind\u0259 t\u0259\u015fkil olunacaq yarmarkada 20 m\u00fc\u0259ssis\u0259 \u00fczr\u0259 130 vakansiya t\u0259qdim edil\u0259c\u0259k. B\u00f6y\u00fck Qay\u0131d\u0131\u015f proqram\u0131 \u00fczr\u0259 La\u00e7\u0131n rayonuna k\u00f6\u00e7\u00fcr\u00fcl\u0259n sakinl\u0259rin m\u0259\u015f\u011fullu\u011funa d\u0259st\u0259k t\u0259dbirl\u0259ri davam etdirilir. \u018fm\u0259k v\u0259 \u018fhalinin Sosial M\u00fcdafi\u0259si Nazirliyinin tabeliyind\u0259 D\u00f6vl\u0259t M\u0259\u015f\u011fulluq Agentliyi t\u0259r\u0259find\u0259n sentyabr\u0131n 20-d\u0259 La\u00e7\u0131n \u015f\u0259h\u0259rind\u0259 ilk d\u0259f\u0259 \u0259m\u0259k yarmarkas\u0131 t\u0259\u015fkil edil\u0259c\u0259k. Yarmarka i\u015ftirak\u00e7\u0131lar\u0131na agentliyin icra etdiyi layih\u0259 v\u0259 t\u0259dbirl\u0259r bar\u0259d\u0259 d\u0259 \u0259trafl\u0131 m\u0259lumatlar veril\u0259c\u0259k. Yarmarka saat 10:00-dan 13:00-\u0259 kimi davam ed\u0259c\u0259k. &nbsp;<\/p>\n","protected":false},"author":2,"featured_media":540038,"comment_status":"closed","ping_status":"closed","sticky":false,"template":"","format":"standard","meta":{"om_disable_all_campaigns":false,"_monsterinsights_skip_tracking":false,"_monsterinsights_sitenote_active":false,"_monsterinsights_sitenote_note":"","_monsterinsights_sitenote_category":0},"categories":[1],"tags":[],"aioseo_notices":[],"gutentor_comment":0,"rttpg_featured_image_url":{"full":["https:\/\/arantv.az\/wp-content\/uploads\/2022\/12\/lacin.jpg",850,530,false],"landscape":["https:\/\/arantv.az\/wp-content\/uploads\/2022\/12\/lacin.jpg",850,530,false],"portraits":["https:\/\/arantv.az\/wp-content\/uploads\/2022\/12\/lacin.jpg",850,530,false],"thumbnail":["https:\/\/arantv.az\/wp-content\/uploads\/2022\/12\/lacin-500x280.jpg",500,280,true],"medium":["https:\/\/arantv.az\/wp-content\/uploads\/2022\/12\/lacin-585x365.jpg",585,365,true],"large":["https:\/\/arantv.az\/wp-content\/uploads\/2022\/12\/lacin-840x524.jpg",640,399,true],"1536x1536":["https:\/\/arantv.az\/wp-content\/uploads\/2022\/12\/lacin.jpg",850,530,false],"2048x2048":["https:\/\/arantv.az\/wp-content\/uploads\/2022\/12\/lacin.jpg",850,530,false],"post-thumbnail":["https:\/\/arantv.az\/wp-content\/uploads\/2022\/12\/lacin-240x172.jpg",240,172,true],"advps-thumb-one":["https:\/\/arantv.az\/wp-content\/uploads\/2022\/12\/lacin.jpg",850,530,false]},"rttpg_author":{"display_name":"V\u00fcsal Rafiqo\u011flu","author_link":"https:\/\/arantv.az\/?author=2"},"rttpg_comment":0,"rttpg_category":"<a href=\"https:\/\/arantv.az\/?cat=1\" rel=\"category\">C\u0259miyy\u0259t<\/a>","rttpg_excerpt":"La\u00e7\u0131nda ilk d\u0259f\u0259 \u0259m\u0259k yarmarkas\u0131 ke\u00e7iril\u0259c\u0259k. \u018fm\u0259k v\u0259 \u018fhalinin Sosial M\u00fcdafi\u0259si Nazirliyind\u0259n veril\u0259n m\u0259lumata g\u00f6r\u0259, \u015f\u0259h\u0259rin Seyrangah \u0259razisind\u0259 t\u0259\u015fkil olunacaq yarmarkada 20 m\u00fc\u0259ssis\u0259 \u00fczr\u0259 130 vakansiya t\u0259qdim edil\u0259c\u0259k. B\u00f6y\u00fck Qay\u0131d\u0131\u015f proqram\u0131 \u00fczr\u0259 La\u00e7\u0131n rayonuna k\u00f6\u00e7\u00fcr\u00fcl\u0259n sakinl\u0259rin m\u0259\u015f\u011fullu\u011funa d\u0259st\u0259k t\u0259dbirl\u0259ri davam etdirilir. \u018fm\u0259k v\u0259 \u018fhalinin Sosial M\u00fcdafi\u0259si Nazirliyinin tabeliyind\u0259 D\u00f6vl\u0259t M\u0259\u015f\u011fulluq Agentliyi t\u0259r\u0259find\u0259n sentyabr\u0131n 20-d\u0259 La\u00e7\u0131n&hellip;","_links":{"self":[{"href":"https:\/\/arantv.az\/index.php?rest_route=\/wp\/v2\/posts\/633495"}],"collection":[{"href":"https:\/\/arantv.az\/index.php?rest_route=\/wp\/v2\/posts"}],"about":[{"href":"https:\/\/arantv.az\/index.php?rest_route=\/wp\/v2\/types\/post"}],"author":[{"embeddable":true,"href":"https:\/\/arantv.az\/index.php?rest_route=\/wp\/v2\/users\/2"}],"replies":[{"embeddable":true,"href":"https:\/\/arantv.az\/index.php?rest_route=%2Fwp%2Fv2%2Fcomments&post=633495"}],"version-history":[{"count":0,"href":"https:\/\/arantv.az\/index.php?rest_route=\/wp\/v2\/posts\/633495\/revisions"}],"wp:featuredmedia":[{"embeddable":true,"href":"https:\/\/arantv.az\/index.php?rest_route=\/wp\/v2\/media\/540038"}],"wp:attachment":[{"href":"https:\/\/arantv.az\/index.php?rest_route=%2Fwp%2Fv2%2Fmedia&parent=633495"}],"wp:term":[{"taxonomy":"category","embeddable":true,"href":"https:\/\/arantv.az\/index.php?rest_route=%2Fwp%2Fv2%2Fcategories&post=633495"},{"taxonomy":"post_tag","embeddable":true,"href":"https:\/\/arantv.az\/index.php?rest_route=%2Fwp%2Fv2%2Ftags&post=633495"}],"curies":[{"name":"wp","href":"https:\/\/api.w.org\/{rel}","templated":true}]}}