{"id":634343,"date":"2023-09-18T16:49:28","date_gmt":"2023-09-18T12:49:28","guid":{"rendered":"https:\/\/arantv.az\/?p=634343"},"modified":"2023-09-18T16:49:28","modified_gmt":"2023-09-18T12:49:28","slug":"prezidentin-xususi-tapsiriqlar-uzr%c9%99-numay%c9%99nd%c9%99sinin-statusu-artirilib","status":"publish","type":"post","link":"https:\/\/arantv.az\/?p=634343","title":{"rendered":"Prezidentin x\u00fcsusi tap\u015f\u0131r\u0131qlar \u00fczr\u0259 n\u00fcmay\u0259nd\u0259sinin statusu art\u0131r\u0131l\u0131b"},"content":{"rendered":"<p>Prezident\u00a0<strong>\u0130lham \u018fliyev\u00a0<\/strong>4 avqust 2003-c\u00fc il tarixli f\u0259rman\u0131 il\u0259 t\u0259sdiq edilmi\u015f \u201c\u0130nzibati v\u0259 yard\u0131m\u00e7\u0131 v\u0259zif\u0259l\u0259rin T\u0259snifat Toplusu\u201dnda d\u0259yi\u015fiklik edib.<\/p>\n<p>\u201cReport\u201d x\u0259b\u0259r verir ki, bununla ba\u011fl\u0131 d\u00f6vl\u0259t ba\u015f\u00e7\u0131s\u0131 yeni f\u0259rman imzalay\u0131b.<\/p>\n<p>F\u0259rmana \u0259sas\u0259n, Prezidentin x\u00fcsusi tap\u015f\u0131r\u0131qlar \u00fczr\u0259 n\u00fcmay\u0259nd\u0259si v\u0259zif\u0259si d\u00f6vl\u0259t orqanlar\u0131ndak\u0131 inzibati v\u0259zif\u0259l\u0259rin siyah\u0131s\u0131na aid edilib.<\/p>\n<p>\u0130.\u018fliyevin imzalad\u0131\u011f\u0131 dig\u0259r f\u0259rmana g\u00f6r\u0259 is\u0259 Prezidentin x\u00fcsusi tap\u015f\u0131r\u0131qlar \u00fczr\u0259 n\u00fcmay\u0259nd\u0259si d\u00f6vl\u0259t qulluq\u00e7ular\u0131 il\u0259 eyni s\u0259viyy\u0259d\u0259 sosial m\u00fcdafi\u0259y\u0259 malik olacaq, ayl\u0131q v\u0259zif\u0259 maa\u015f\u0131 alacaq.<\/p>\n","protected":false},"excerpt":{"rendered":"<p>Prezident\u00a0\u0130lham \u018fliyev\u00a04 avqust 2003-c\u00fc il tarixli f\u0259rman\u0131 il\u0259 t\u0259sdiq edilmi\u015f \u201c\u0130nzibati v\u0259 yard\u0131m\u00e7\u0131 v\u0259zif\u0259l\u0259rin T\u0259snifat Toplusu\u201dnda d\u0259yi\u015fiklik edib. \u201cReport\u201d x\u0259b\u0259r verir ki, bununla ba\u011fl\u0131 d\u00f6vl\u0259t ba\u015f\u00e7\u0131s\u0131 yeni f\u0259rman imzalay\u0131b. F\u0259rmana \u0259sas\u0259n, Prezidentin x\u00fcsusi tap\u015f\u0131r\u0131qlar \u00fczr\u0259 n\u00fcmay\u0259nd\u0259si v\u0259zif\u0259si d\u00f6vl\u0259t orqanlar\u0131ndak\u0131 inzibati v\u0259zif\u0259l\u0259rin siyah\u0131s\u0131na aid edilib. \u0130.\u018fliyevin imzalad\u0131\u011f\u0131 dig\u0259r f\u0259rmana g\u00f6r\u0259 is\u0259 Prezidentin x\u00fcsusi tap\u015f\u0131r\u0131qlar \u00fczr\u0259 n\u00fcmay\u0259nd\u0259si d\u00f6vl\u0259t qulluq\u00e7ular\u0131 il\u0259 eyni s\u0259viyy\u0259d\u0259 sosial m\u00fcdafi\u0259y\u0259 malik olacaq, ayl\u0131q v\u0259zif\u0259 maa\u015f\u0131 alacaq.<\/p>\n","protected":false},"author":2,"featured_media":634346,"comment_status":"closed","ping_status":"closed","sticky":false,"template":"","format":"standard","meta":{"om_disable_all_campaigns":false,"_monsterinsights_skip_tracking":false,"_monsterinsights_sitenote_active":false,"_monsterinsights_sitenote_note":"","_monsterinsights_sitenote_category":0},"categories":[4],"tags":[],"aioseo_notices":[],"gutentor_comment":0,"rttpg_featured_image_url":{"full":["https:\/\/arantv.az\/wp-content\/uploads\/2023\/09\/ferman-1.jpg",620,413,false],"landscape":["https:\/\/arantv.az\/wp-content\/uploads\/2023\/09\/ferman-1.jpg",620,413,false],"portraits":["https:\/\/arantv.az\/wp-content\/uploads\/2023\/09\/ferman-1.jpg",620,413,false],"thumbnail":["https:\/\/arantv.az\/wp-content\/uploads\/2023\/09\/ferman-1-500x280.jpg",500,280,true],"medium":["https:\/\/arantv.az\/wp-content\/uploads\/2023\/09\/ferman-1-548x365.jpg",548,365,true],"large":["https:\/\/arantv.az\/wp-content\/uploads\/2023\/09\/ferman-1.jpg",620,413,false],"1536x1536":["https:\/\/arantv.az\/wp-content\/uploads\/2023\/09\/ferman-1.jpg",620,413,false],"2048x2048":["https:\/\/arantv.az\/wp-content\/uploads\/2023\/09\/ferman-1.jpg",620,413,false],"post-thumbnail":["https:\/\/arantv.az\/wp-content\/uploads\/2023\/09\/ferman-1-240x172.jpg",240,172,true],"advps-thumb-one":["https:\/\/arantv.az\/wp-content\/uploads\/2023\/09\/ferman-1.jpg",620,413,false]},"rttpg_author":{"display_name":"V\u00fcsal Rafiqo\u011flu","author_link":"https:\/\/arantv.az\/?author=2"},"rttpg_comment":0,"rttpg_category":"<a href=\"https:\/\/arantv.az\/?cat=4\" rel=\"category\">Siyas\u0259t<\/a>","rttpg_excerpt":"Prezident\u00a0\u0130lham \u018fliyev\u00a04 avqust 2003-c\u00fc il tarixli f\u0259rman\u0131 il\u0259 t\u0259sdiq edilmi\u015f \u201c\u0130nzibati v\u0259 yard\u0131m\u00e7\u0131 v\u0259zif\u0259l\u0259rin T\u0259snifat Toplusu\u201dnda d\u0259yi\u015fiklik edib. \u201cReport\u201d x\u0259b\u0259r verir ki, bununla ba\u011fl\u0131 d\u00f6vl\u0259t ba\u015f\u00e7\u0131s\u0131 yeni f\u0259rman imzalay\u0131b. F\u0259rmana \u0259sas\u0259n, Prezidentin x\u00fcsusi tap\u015f\u0131r\u0131qlar \u00fczr\u0259 n\u00fcmay\u0259nd\u0259si v\u0259zif\u0259si d\u00f6vl\u0259t orqanlar\u0131ndak\u0131 inzibati v\u0259zif\u0259l\u0259rin siyah\u0131s\u0131na aid edilib. \u0130.\u018fliyevin imzalad\u0131\u011f\u0131 dig\u0259r f\u0259rmana g\u00f6r\u0259 is\u0259 Prezidentin x\u00fcsusi tap\u015f\u0131r\u0131qlar \u00fczr\u0259 n\u00fcmay\u0259nd\u0259si&hellip;","_links":{"self":[{"href":"https:\/\/arantv.az\/index.php?rest_route=\/wp\/v2\/posts\/634343"}],"collection":[{"href":"https:\/\/arantv.az\/index.php?rest_route=\/wp\/v2\/posts"}],"about":[{"href":"https:\/\/arantv.az\/index.php?rest_route=\/wp\/v2\/types\/post"}],"author":[{"embeddable":true,"href":"https:\/\/arantv.az\/index.php?rest_route=\/wp\/v2\/users\/2"}],"replies":[{"embeddable":true,"href":"https:\/\/arantv.az\/index.php?rest_route=%2Fwp%2Fv2%2Fcomments&post=634343"}],"version-history":[{"count":0,"href":"https:\/\/arantv.az\/index.php?rest_route=\/wp\/v2\/posts\/634343\/revisions"}],"wp:featuredmedia":[{"embeddable":true,"href":"https:\/\/arantv.az\/index.php?rest_route=\/wp\/v2\/media\/634346"}],"wp:attachment":[{"href":"https:\/\/arantv.az\/index.php?rest_route=%2Fwp%2Fv2%2Fmedia&parent=634343"}],"wp:term":[{"taxonomy":"category","embeddable":true,"href":"https:\/\/arantv.az\/index.php?rest_route=%2Fwp%2Fv2%2Fcategories&post=634343"},{"taxonomy":"post_tag","embeddable":true,"href":"https:\/\/arantv.az\/index.php?rest_route=%2Fwp%2Fv2%2Ftags&post=634343"}],"curies":[{"name":"wp","href":"https:\/\/api.w.org\/{rel}","templated":true}]}}