{"id":634347,"date":"2023-09-18T16:50:02","date_gmt":"2023-09-18T12:50:02","guid":{"rendered":"https:\/\/arantv.az\/?p=634347"},"modified":"2023-09-18T16:50:02","modified_gmt":"2023-09-18T12:50:02","slug":"prezident-ilham-%c9%99liyev-az%c9%99rbaycanin-musiqi-ictimaiyy%c9%99tini-t%c9%99brik-edib","status":"publish","type":"post","link":"https:\/\/arantv.az\/?p=634347","title":{"rendered":"Prezident \u0130lham \u018fliyev Az\u0259rbaycan\u0131n musiqi ictimaiyy\u0259tini t\u0259brik edib"},"content":{"rendered":"<p>Prezident\u00a0<strong>\u0130lham \u018fliyev<\/strong>\u00a0Az\u0259rbaycan musiqi ictimaiyy\u0259tini, b\u00fct\u00fcn musiqisev\u0259rl\u0259ri 18 Sentyabr &#8211; Milli Musiqi G\u00fcn\u00fc m\u00fcnasib\u0259til\u0259 t\u0259brik edib.<\/p>\n<p><a href=\"https:\/\/president.az\/az\/articles\/view\/61089\" target=\"_blank\" rel=\"noopener\"><strong>President.az<\/strong><\/a>-\u0131n x\u0259b\u0259rin\u0259 g\u00f6r\u0259, t\u0259brikd\u0259 deyilir:<\/p>\n<p>\u201cBu m\u0259d\u0259niyy\u0259t bayram\u0131 ulu \u00f6nd\u0259r Heyd\u0259r \u018fliyevin t\u0259\u015f\u0259bb\u00fcs\u00fc il\u0259 1995-ci ild\u0259n h\u0259r il \u00f6lk\u0259mizd\u0259 dahi b\u0259st\u0259kar\u0131m\u0131z \u00dczeyir Hac\u0131b\u0259ylinin do\u011fum g\u00fcn\u00fcnd\u0259 t\u0259nt\u0259n\u0259 il\u0259 qeyd edilir.<\/p>\n<p>Builki Milli Musiqi G\u00fcn\u00fc h\u0259m d\u0259 Az\u0259rbaycan m\u0259d\u0259niyy\u0259tinin \u0259n parlaq simalar\u0131ndan biri, g\u00f6rk\u0259mli b\u0259st\u0259kar, SSR\u0130 v\u0259 Az\u0259rbaycan Respublikas\u0131n\u0131n Xalq artisti Arif M\u0259likovun 90 illik yubileyinin qeyd edilm\u0259si il\u0259 \u0259lam\u0259tdard\u0131r.<\/p>\n<p>Arif M\u0259likov Az\u0259rbaycan m\u0259d\u0259niyy\u0259tinin yetirdiyi s\u0259n\u0259tkarlar n\u0259slinin parlaq yarad\u0131c\u0131l\u0131q \u0259n\u0259n\u0259l\u0259rini l\u0259yaq\u0259tl\u0259 davam etdirmi\u015f v\u0259 milli musiqi salnam\u0259miz\u0259 yeni s\u0259hif\u0259l\u0259r yazm\u0131\u015fd\u0131r. B\u0259st\u0259kar\u0131n musiqinin \u0259n m\u00fcxt\u0259lif janrlar\u0131nda yaratd\u0131\u011f\u0131 \u0259s\u0259rl\u0259r Az\u0259rbaycan m\u0259d\u0259niyy\u0259tinin q\u0131z\u0131l fonduna daxildir.<\/p>\n<p>M\u00f6vzu z\u0259nginliyi v\u0259 r\u0259ngar\u0259ngliyi, milli musiqi \u0259n\u0259n\u0259l\u0259ri il\u0259 yeni d\u00fc\u015f\u00fcnc\u0259nin v\u0259hd\u0259tind\u0259 formala\u015fan \u00f6z\u00fcn\u0259m\u0259xsus \u00fcslub, dol\u011fun m\u0259zmun, obrazlar\u0131n d\u0259rin emosional-psixoloji v\u0259 f\u0259ls\u0259fi ifad\u0259si Arif M\u0259likov yarad\u0131c\u0131l\u0131\u011f\u0131n\u0131n s\u0259ciyy\u0259vi x\u00fcsusiyy\u0259tidir.<\/p>\n<p>Arif M\u0259likov b\u00fct\u00fcn h\u0259yat\u0131 boyu Az\u0259rbaycana ba\u011fl\u0131, onu \u00fcr\u0259kd\u0259n sev\u0259n b\u00f6y\u00fck \u015f\u0259xsiyy\u0259t idi. \u018fsl ziyal\u0131l\u0131q v\u0259 v\u0259t\u0259nda\u015fl\u0131q m\u00f6vqeyi, \u00f6z xalq\u0131na ba\u011fl\u0131l\u0131\u011f\u0131 v\u0259 d\u00f6vl\u0259tin\u0259 s\u0259daq\u0259ti ona \u00fcmumxalq m\u0259h\u0259bb\u0259ti qazand\u0131r\u0131b.<\/p>\n<p>B\u0259st\u0259kar\u0131n \u015fah \u0259s\u0259ri g\u00f6rk\u0259mli t\u00fcrk \u015fairi Nazim Hikm\u0259tin librettosu \u0259sas\u0131nda yaratd\u0131\u011f\u0131 \u201cM\u0259h\u0259bb\u0259t \u0259fsan\u0259si\u201d baletidir. XX \u0259sr d\u00fcnya balet musiqisinin incil\u0259rind\u0259n say\u0131lan, yar\u0131m \u0259srd\u0259n art\u0131q bir d\u00f6vrd\u0259 m\u0259\u015fhur teatr s\u0259hn\u0259l\u0259rini b\u0259z\u0259y\u0259n bu \u0259s\u0259r musiqi m\u0259d\u0259niyy\u0259timizin m\u00f6ht\u0259\u015f\u0259m nailiyy\u0259tl\u0259rind\u0259ndir.<\/p>\n<p>\u0130lk d\u0259f\u0259 1961-ci ild\u0259 Sankt-Peterburqun Mariinski Teatr\u0131nda s\u0259hn\u0259l\u0259\u015fdirilmi\u015f \u201cM\u0259h\u0259bb\u0259t \u0259fsan\u0259si\u201d baleti sonralar 60-dan \u00e7ox \u00f6lk\u0259d\u0259 n\u00fcmayi\u015f etdiril\u0259r\u0259k, m\u00fc\u0259llif\u0259 d\u00fcnya \u015f\u00f6hr\u0259ti qazand\u0131r\u0131b.<\/p>\n<p>Sevindirici hald\u0131r ki, b\u0259st\u0259kar\u0131n yarad\u0131c\u0131l\u0131\u011f\u0131n\u0131n zirv\u0259si hesab olunan \u201cM\u0259h\u0259bb\u0259t \u0259fsan\u0259si\u201d baleti uzun fasil\u0259d\u0259n sonra Heyd\u0259r \u018fliyev Fondunun d\u0259st\u0259yi il\u0259 bu g\u00fcn yenid\u0259n m\u00fc\u0259llifin V\u0259t\u0259nind\u0259 s\u0259hn\u0259y\u0259 qoyulur.<\/p>\n<p>Arif M\u0259likovun yarad\u0131c\u0131l\u0131q irsi Az\u0259rbaycan xalq\u0131n\u0131n m\u0259d\u0259ni s\u0259rv\u0259tidir. Zaman\u0131n y\u00fcks\u0259k s\u0259n\u0259t qar\u015f\u0131s\u0131nda ir\u0259li s\u00fcrd\u00fcy\u00fc t\u0259l\u0259bl\u0259r\u0259 cavab ver\u0259n, insanlar\u0131 m\u0259n\u0259vi kamilliy\u0259 s\u0259sl\u0259y\u0259n Arif M\u0259likov musiqisi \u0259b\u0259di ya\u015fayacaq\u201d.<\/p>\n","protected":false},"excerpt":{"rendered":"<p>Prezident\u00a0\u0130lham \u018fliyev\u00a0Az\u0259rbaycan musiqi ictimaiyy\u0259tini, b\u00fct\u00fcn musiqisev\u0259rl\u0259ri 18 Sentyabr &#8211; Milli Musiqi G\u00fcn\u00fc m\u00fcnasib\u0259til\u0259 t\u0259brik edib. President.az-\u0131n x\u0259b\u0259rin\u0259 g\u00f6r\u0259, t\u0259brikd\u0259 deyilir: \u201cBu m\u0259d\u0259niyy\u0259t bayram\u0131 ulu \u00f6nd\u0259r Heyd\u0259r \u018fliyevin t\u0259\u015f\u0259bb\u00fcs\u00fc il\u0259 1995-ci ild\u0259n h\u0259r il \u00f6lk\u0259mizd\u0259 dahi b\u0259st\u0259kar\u0131m\u0131z \u00dczeyir Hac\u0131b\u0259ylinin do\u011fum g\u00fcn\u00fcnd\u0259 t\u0259nt\u0259n\u0259 il\u0259 qeyd edilir. Builki Milli Musiqi G\u00fcn\u00fc h\u0259m d\u0259 Az\u0259rbaycan m\u0259d\u0259niyy\u0259tinin \u0259n parlaq simalar\u0131ndan biri, g\u00f6rk\u0259mli b\u0259st\u0259kar, SSR\u0130 v\u0259 Az\u0259rbaycan Respublikas\u0131n\u0131n Xalq artisti Arif M\u0259likovun 90 illik yubileyinin qeyd edilm\u0259si il\u0259 \u0259lam\u0259tdard\u0131r. Arif M\u0259likov Az\u0259rbaycan m\u0259d\u0259niyy\u0259tinin yetirdiyi s\u0259n\u0259tkarlar n\u0259slinin parlaq yarad\u0131c\u0131l\u0131q \u0259n\u0259n\u0259l\u0259rini l\u0259yaq\u0259tl\u0259 davam etdirmi\u015f v\u0259 milli musiqi salnam\u0259miz\u0259&hellip;<\/p>\n","protected":false},"author":2,"featured_media":634349,"comment_status":"closed","ping_status":"closed","sticky":false,"template":"","format":"standard","meta":{"om_disable_all_campaigns":false,"_monsterinsights_skip_tracking":false,"_monsterinsights_sitenote_active":false,"_monsterinsights_sitenote_note":"","_monsterinsights_sitenote_category":0},"categories":[4],"tags":[],"aioseo_notices":[],"gutentor_comment":0,"rttpg_featured_image_url":{"full":["https:\/\/arantv.az\/wp-content\/uploads\/2023\/09\/158333732023421631-3.jpg",620,413,false],"landscape":["https:\/\/arantv.az\/wp-content\/uploads\/2023\/09\/158333732023421631-3.jpg",620,413,false],"portraits":["https:\/\/arantv.az\/wp-content\/uploads\/2023\/09\/158333732023421631-3.jpg",620,413,false],"thumbnail":["https:\/\/arantv.az\/wp-content\/uploads\/2023\/09\/158333732023421631-3-500x280.jpg",500,280,true],"medium":["https:\/\/arantv.az\/wp-content\/uploads\/2023\/09\/158333732023421631-3-548x365.jpg",548,365,true],"large":["https:\/\/arantv.az\/wp-content\/uploads\/2023\/09\/158333732023421631-3.jpg",620,413,false],"1536x1536":["https:\/\/arantv.az\/wp-content\/uploads\/2023\/09\/158333732023421631-3.jpg",620,413,false],"2048x2048":["https:\/\/arantv.az\/wp-content\/uploads\/2023\/09\/158333732023421631-3.jpg",620,413,false],"post-thumbnail":["https:\/\/arantv.az\/wp-content\/uploads\/2023\/09\/158333732023421631-3-240x172.jpg",240,172,true],"advps-thumb-one":["https:\/\/arantv.az\/wp-content\/uploads\/2023\/09\/158333732023421631-3.jpg",620,413,false]},"rttpg_author":{"display_name":"V\u00fcsal Rafiqo\u011flu","author_link":"https:\/\/arantv.az\/?author=2"},"rttpg_comment":0,"rttpg_category":"<a href=\"https:\/\/arantv.az\/?cat=4\" rel=\"category\">Siyas\u0259t<\/a>","rttpg_excerpt":"Prezident\u00a0\u0130lham \u018fliyev\u00a0Az\u0259rbaycan musiqi ictimaiyy\u0259tini, b\u00fct\u00fcn musiqisev\u0259rl\u0259ri 18 Sentyabr &#8211; Milli Musiqi G\u00fcn\u00fc m\u00fcnasib\u0259til\u0259 t\u0259brik edib. President.az-\u0131n x\u0259b\u0259rin\u0259 g\u00f6r\u0259, t\u0259brikd\u0259 deyilir: \u201cBu m\u0259d\u0259niyy\u0259t bayram\u0131 ulu \u00f6nd\u0259r Heyd\u0259r \u018fliyevin t\u0259\u015f\u0259bb\u00fcs\u00fc il\u0259 1995-ci ild\u0259n h\u0259r il \u00f6lk\u0259mizd\u0259 dahi b\u0259st\u0259kar\u0131m\u0131z \u00dczeyir Hac\u0131b\u0259ylinin do\u011fum g\u00fcn\u00fcnd\u0259 t\u0259nt\u0259n\u0259 il\u0259 qeyd edilir. Builki Milli Musiqi G\u00fcn\u00fc h\u0259m d\u0259 Az\u0259rbaycan m\u0259d\u0259niyy\u0259tinin \u0259n parlaq simalar\u0131ndan&hellip;","_links":{"self":[{"href":"https:\/\/arantv.az\/index.php?rest_route=\/wp\/v2\/posts\/634347"}],"collection":[{"href":"https:\/\/arantv.az\/index.php?rest_route=\/wp\/v2\/posts"}],"about":[{"href":"https:\/\/arantv.az\/index.php?rest_route=\/wp\/v2\/types\/post"}],"author":[{"embeddable":true,"href":"https:\/\/arantv.az\/index.php?rest_route=\/wp\/v2\/users\/2"}],"replies":[{"embeddable":true,"href":"https:\/\/arantv.az\/index.php?rest_route=%2Fwp%2Fv2%2Fcomments&post=634347"}],"version-history":[{"count":0,"href":"https:\/\/arantv.az\/index.php?rest_route=\/wp\/v2\/posts\/634347\/revisions"}],"wp:featuredmedia":[{"embeddable":true,"href":"https:\/\/arantv.az\/index.php?rest_route=\/wp\/v2\/media\/634349"}],"wp:attachment":[{"href":"https:\/\/arantv.az\/index.php?rest_route=%2Fwp%2Fv2%2Fmedia&parent=634347"}],"wp:term":[{"taxonomy":"category","embeddable":true,"href":"https:\/\/arantv.az\/index.php?rest_route=%2Fwp%2Fv2%2Fcategories&post=634347"},{"taxonomy":"post_tag","embeddable":true,"href":"https:\/\/arantv.az\/index.php?rest_route=%2Fwp%2Fv2%2Ftags&post=634347"}],"curies":[{"name":"wp","href":"https:\/\/api.w.org\/{rel}","templated":true}]}}