{"id":634490,"date":"2023-09-19T08:43:23","date_gmt":"2023-09-19T04:43:23","guid":{"rendered":"https:\/\/arantv.az\/?p=634490"},"modified":"2023-09-19T08:43:23","modified_gmt":"2023-09-19T04:43:23","slug":"az%c9%99rbaycan-s%c9%99firi-meksika-m%c9%99tbuatinda-erm%c9%99ni-nazir-muavininin-yalan-v%c9%99-bohtanlarini-ifsa-edib-foto","status":"publish","type":"post","link":"https:\/\/arantv.az\/?p=634490","title":{"rendered":"Az\u0259rbaycan s\u0259firi Meksika m\u0259tbuat\u0131nda erm\u0259ni nazir m\u00fcavininin yalan v\u0259 b\u00f6htanlar\u0131n\u0131 if\u015fa edib &#8211; FOTO"},"content":{"rendered":"<article class=\"news\">\n<div class=\"news-inner\">\n<p>Meksikan\u0131n \u0259n \u00e7ox oxunan \u201cEl Universal\u201d q\u0259zetind\u0259 Az\u0259rbaycan\u0131n bu \u00f6lk\u0259d\u0259ki s\u0259firi M\u0259mm\u0259d Tal\u0131bovun m\u00fc\u0259llifi oldu\u011fu \u201cYalan ayaq tutar, yerim\u0259z: Erm\u0259nistan\u0131n s\u0259mimi olma\u011f\u0131n\u0131n vaxt\u0131 \u00e7at\u0131b\u201d s\u0259rl\u00f6vh\u0259li geni\u015f m\u0259qal\u0259 d\u0259rc olunub.<\/p>\n<p>S\u0259firlikd\u0259n\u00a0bildiribl\u0259r ki, m\u0259qal\u0259 s\u00f6z\u00fcged\u0259n n\u0259\u015frd\u0259 bir ne\u00e7\u0259 g\u00fcn \u0259vv\u0259l yay\u0131mlanm\u0131\u015f Erm\u0259nistan\u0131n xarici i\u015fl\u0259r nazirinin m\u00fcavininin yalan v\u0259 q\u0259r\u0259z dolu yaz\u0131s\u0131na cavab olaraq haz\u0131rlan\u0131b.<\/p>\n<p>Yaz\u0131da erm\u0259ni yalanlar\u0131 n\u00f6vb\u0259ti d\u0259f\u0259 a\u00e7\u0131q \u015f\u0259kild\u0259 if\u015fa olunur, iki\u00fczl\u00fcl\u00fck v\u0259 riyakarl\u0131q xisl\u0259tind\u0259n \u0259l \u00e7\u0259km\u0259y\u0259n Erm\u0259nistan\u0131n t\u0259cav\u00fczkar siyas\u0259tinin a\u011f\u0131r n\u0259tic\u0259l\u0259rin\u0259 toxunulur v\u0259 Erm\u0259nistan r\u0259hb\u0259rliyi \u00f6lk\u0259miz\u0259 qar\u015f\u0131 \u0259razi iddialar\u0131ndan, qarayaxma kampaniyas\u0131ndan \u0259l \u00e7\u0259km\u0259y\u0259 \u00e7a\u011f\u0131r\u0131l\u0131r.<\/p>\n<p>Bildirilir ki, Erm\u0259nistan beyn\u0259lxalq m\u00fcnasib\u0259tl\u0259rd\u0259 s\u0259mimiliyi v\u0259 beyn\u0259lxalq h\u00fcquqa h\u00f6rm\u0259ti il\u0259 tan\u0131nan Meksikan\u0131n xo\u015fm\u0259raml\u0131l\u0131\u011f\u0131ndan v\u0259 qonaqp\u0259rv\u0259rliyind\u0259n d\u0259f\u0259l\u0259rl\u0259 \u00f6z \u00e7irkin m\u0259qs\u0259dl\u0259ri \u00fc\u00e7\u00fcn sui-istifad\u0259 edib, he\u00e7 bir h\u0259qiq\u0259t\u0259 \u0259saslanmayan v\u0259 q\u0259r\u0259zli yaz\u0131n\u0131n \u201cMeksika-Erm\u0259nistan m\u00fcnasib\u0259tl\u0259rinin inki\u015faf perspektivl\u0259ri\u201d ad\u0131 alt\u0131nda d\u0259rc etdirilm\u0259si m\u0259hz bu maraqlara xidm\u0259t edir.<\/p>\n<p>M\u0259qal\u0259d\u0259 Erm\u0259nistan\u0131n \u00f6lk\u0259miz\u0259 qar\u015f\u0131 t\u0259cav\u00fczkar siyas\u0259tind\u0259n bu g\u00fcn d\u0259 \u0259l \u00e7\u0259km\u0259diyi, 2020-ci il 10 noyabr tarixli B\u0259yanata \u0259sas\u0259n \u00fcz\u0259rin\u0259 g\u00f6t\u00fcrd\u00fcy\u00fc \u00f6hd\u0259likl\u0259ri yerin\u0259 yetirm\u0259y\u0259r\u0259k, 10 mind\u0259n \u00e7ox h\u0259rbi\u00e7isini qanunsuz olaraq Az\u0259rbaycan \u0259razisind\u0259 saxlamaqda v\u0259 separat\u00e7\u0131 rejimi maliyy\u0259l\u0259\u015fdirm\u0259kd\u0259 davam etdiyi, el\u0259c\u0259 d\u0259 \u00f6lk\u0259mizin \u0259sas hiss\u0259sini Nax\u00e7\u0131vanla birl\u0259\u015fdir\u0259n Z\u0259ng\u0259zur d\u0259hlizinin a\u00e7\u0131lmas\u0131na mane oldu\u011fu vur\u011fulan\u0131r. H\u0259tta Erm\u0259nistan ba\u015f nazirinin Az\u0259rbaycan\u0131n \u0259razi b\u00fct\u00f6vl\u00fcy\u00fcn\u00fc v\u0259 Qaraba\u011f\u0131 onun t\u0259rkib hiss\u0259si kimi tan\u0131d\u0131\u011f\u0131n\u0131 b\u0259yan etm\u0259sin\u0259 baxmayaraq, bunun dan\u0131\u015f\u0131qlarda vaxt qazanmaq \u00fc\u00e7\u00fcn istifad\u0259 edilmi\u015f erm\u0259ni hiyl\u0259si oldu\u011fu ortaya \u00e7\u0131x\u0131r.<\/p>\n<p>Eyni zamanda La\u00e7\u0131n yolu v\u0259 \u201chumanitar b\u00f6hran\u201dla ba\u011fl\u0131 erm\u0259ni yalanlar\u0131na ayd\u0131nl\u0131q g\u0259tirilir. M\u00fcharib\u0259d\u0259n sonrak\u0131 iki il \u0259rzind\u0259 Az\u0259rbaycan\u0131n xo\u015f niyy\u0259t n\u00fcmayi\u015f etdir\u0259r\u0259k La\u00e7\u0131n yolunda h\u0259r hans\u0131 n\u0259zar\u0259t mexanizmi t\u0259sis etm\u0259diyi halda, Erm\u0259nistan t\u0259r\u0259find\u0259n \u0259razil\u0259rimiz\u0259 silah-sursat, h\u0259rbi qulluq\u00e7ular\u0131n v\u0259 terror\u00e7ular\u0131n da\u015f\u0131nmas\u0131, o c\u00fcml\u0259d\u0259n t\u0259bii s\u0259rv\u0259tl\u0259rimizin talan edilm\u0259si il\u0259 ba\u011fl\u0131 a\u015fkarlanm\u0131\u015f \u00e7oxsayl\u0131 pozuntular\u0131n qar\u015f\u0131s\u0131n\u0131 almaq m\u0259qs\u0259dil\u0259 \u201cLa\u00e7\u0131n\u201d s\u0259rh\u0259d-burax\u0131l\u0131\u015f m\u0259nt\u0259q\u0259sinin yarad\u0131ld\u0131\u011f\u0131 v\u0259 he\u00e7 bir m\u0259hdudiyy\u0259t olmadan f\u0259aliyy\u0259t g\u00f6st\u0259rdiyi qeyd olunur. Guya \u201chumanitar f\u0259lak\u0259t\u201d ya\u015fayan erm\u0259nil\u0259rin Bak\u0131n\u0131n A\u011fdam-Xank\u0259ndi yolu il\u0259 g\u00f6nd\u0259rdiyi yard\u0131m\u0131 q\u0259bul etm\u0259m\u0259l\u0259ri v\u0259ziyy\u0259ti \u201cacl\u0131q\u201d kart\u0131 il\u0259 manipulyasiya etm\u0259k v\u0259 siyasil\u0259\u015fdirm\u0259k m\u0259qs\u0259di da\u015f\u0131y\u0131r. Diplomat t\u0259l\u0259sik haz\u0131rlanm\u0131\u015f q\u0259r\u0259zli v\u0259 he\u00e7 bir fakta \u0259saslanmayan \u201cOkampo hesabat\u0131\u201dn\u0131n etibarl\u0131l\u0131\u011f\u0131n\u0131n is\u0259 beyn\u0259lxalq h\u00fcquq\u015f\u00fcnas Rodni Dikson t\u0259r\u0259find\u0259n \u0259sasl\u0131 s\u00fcbutlarla iflasa u\u011frad\u0131ld\u0131\u011f\u0131na, onun \u00f6lk\u0259miz\u0259 qar\u015f\u0131 apar\u0131lan qarayaxma kampaniyas\u0131n\u0131n bir hiss\u0259si oldu\u011funa diqq\u0259t \u00e7\u0259kir.<\/p>\n<p>Eyni zamanda, qeyd olunur ki, Erm\u0259nistan\u0131n h\u0259yata ke\u00e7irdiyi etnik t\u0259mizl\u0259m\u0259 siyas\u0259ti n\u0259tic\u0259sind\u0259 \u00f6z do\u011fma torpaqlar\u0131ndan deportasiya edilmi\u015f y\u00fcz minl\u0259rl\u0259 Q\u0259rbi az\u0259rbaycanl\u0131n\u0131n h\u00fcquqlar\u0131 b\u0259rpa edilm\u0259li v\u0259 onlar d\u0259d\u0259-baba yurdlar\u0131na qay\u0131tmal\u0131d\u0131rlar. Erm\u0259nistan ba\u015f nazirinin bu qay\u0131d\u0131\u015f\u0131 \u201cmilli t\u0259hl\u00fck\u0259sizliy\u0259 t\u0259hdid\u201d kimi g\u00f6rm\u0259si iki\u00fczl\u00fcl\u00fcy\u00fcn n\u00f6vb\u0259ti n\u00fcmun\u0259sidir.<\/p>\n<p>Yaz\u0131da o da vur\u011fulan\u0131r ki, Erm\u0259nistan xarici i\u015fl\u0259r nazirinin m\u00fcavini v\u0259 h\u0259min \u00f6lk\u0259nin r\u0259hb\u0259rliyi qon\u015fu d\u00f6vl\u0259tl\u0259r\u0259 \u0259razi iddialar\u0131na, qarayaxma kampaniyalar\u0131na v\u0259 h\u0259rbi t\u0259xribatlara son qoyulmas\u0131n\u0131n vacibliyini d\u0259rk etm\u0259lidirl\u0259r. Bel\u0259 \u0259m\u0259ll\u0259r regionda uzun zaman g\u00f6zl\u0259nil\u0259n s\u00fclh\u00fcn v\u0259 sabitliyin b\u0259rq\u0259rar olmas\u0131na mane\u0259 t\u00f6r\u0259dir. Separat\u00e7\u0131 rejim l\u0259\u011fv edilm\u0259kl\u0259 Erm\u0259nistan silahl\u0131 q\u00fcvv\u0259l\u0259rinin qal\u0131qlar\u0131 Az\u0259rbaycan \u0259razisind\u0259n \u00e7\u0131xar\u0131lmal\u0131, b\u00fct\u00fcn kommunikasiyalar, o c\u00fcml\u0259d\u0259n Z\u0259ng\u0259zur d\u0259hlizi a\u00e7\u0131lmal\u0131d\u0131r.<\/p>\n<p>&nbsp;<\/p>\n<div class=\"gallery\">\n<div class=\"gallery-i\"><img src=\"https:\/\/cdn.oxu.az\/uploads\/W1siZiIsIjIwMjMvMDkvMTkvMDgvMjEvMjQvMTY5NjVlNzUtMzBkYS00M2EzLWIzMTktOWExZWI4OGFmMTNiL0lNR181NTc2LmpwZyJdLFsicCIsImVuY29kZSIsImpwZyIsIi1xdWFsaXR5IDgwIl0sWyJwIiwidGh1bWIiLCI1OTB4NTkwXHUwMDNlIl1d?sha=a2ab9a2eabc1043b\" alt=\"\" \/><\/p>\n<div class=\"gallery-i-caption\"><\/div>\n<\/div>\n<\/div>\n<\/div>\n<\/article>\n","protected":false},"excerpt":{"rendered":"<p>Meksikan\u0131n \u0259n \u00e7ox oxunan \u201cEl Universal\u201d q\u0259zetind\u0259 Az\u0259rbaycan\u0131n bu \u00f6lk\u0259d\u0259ki s\u0259firi M\u0259mm\u0259d Tal\u0131bovun m\u00fc\u0259llifi oldu\u011fu \u201cYalan ayaq tutar, yerim\u0259z: Erm\u0259nistan\u0131n s\u0259mimi olma\u011f\u0131n\u0131n vaxt\u0131 \u00e7at\u0131b\u201d s\u0259rl\u00f6vh\u0259li geni\u015f m\u0259qal\u0259 d\u0259rc olunub. S\u0259firlikd\u0259n\u00a0bildiribl\u0259r ki, m\u0259qal\u0259 s\u00f6z\u00fcged\u0259n n\u0259\u015frd\u0259 bir ne\u00e7\u0259 g\u00fcn \u0259vv\u0259l yay\u0131mlanm\u0131\u015f Erm\u0259nistan\u0131n xarici i\u015fl\u0259r nazirinin m\u00fcavininin yalan v\u0259 q\u0259r\u0259z dolu yaz\u0131s\u0131na cavab olaraq haz\u0131rlan\u0131b. Yaz\u0131da erm\u0259ni yalanlar\u0131 n\u00f6vb\u0259ti d\u0259f\u0259 a\u00e7\u0131q \u015f\u0259kild\u0259 if\u015fa olunur, iki\u00fczl\u00fcl\u00fck v\u0259 riyakarl\u0131q xisl\u0259tind\u0259n \u0259l \u00e7\u0259km\u0259y\u0259n Erm\u0259nistan\u0131n t\u0259cav\u00fczkar siyas\u0259tinin a\u011f\u0131r n\u0259tic\u0259l\u0259rin\u0259 toxunulur v\u0259 Erm\u0259nistan r\u0259hb\u0259rliyi \u00f6lk\u0259miz\u0259 qar\u015f\u0131 \u0259razi iddialar\u0131ndan, qarayaxma kampaniyas\u0131ndan \u0259l \u00e7\u0259km\u0259y\u0259 \u00e7a\u011f\u0131r\u0131l\u0131r. Bildirilir ki, Erm\u0259nistan beyn\u0259lxalq m\u00fcnasib\u0259tl\u0259rd\u0259&hellip;<\/p>\n","protected":false},"author":2,"featured_media":634492,"comment_status":"closed","ping_status":"closed","sticky":false,"template":"","format":"standard","meta":{"om_disable_all_campaigns":false,"_monsterinsights_skip_tracking":false,"_monsterinsights_sitenote_active":false,"_monsterinsights_sitenote_note":"","_monsterinsights_sitenote_category":0},"categories":[4],"tags":[],"aioseo_notices":[],"gutentor_comment":0,"rttpg_featured_image_url":{"full":["https:\/\/arantv.az\/wp-content\/uploads\/2023\/09\/19ea5298-69f0-3946-babf-e60814a2a39e_850-1.jpg",620,413,false],"landscape":["https:\/\/arantv.az\/wp-content\/uploads\/2023\/09\/19ea5298-69f0-3946-babf-e60814a2a39e_850-1.jpg",620,413,false],"portraits":["https:\/\/arantv.az\/wp-content\/uploads\/2023\/09\/19ea5298-69f0-3946-babf-e60814a2a39e_850-1.jpg",620,413,false],"thumbnail":["https:\/\/arantv.az\/wp-content\/uploads\/2023\/09\/19ea5298-69f0-3946-babf-e60814a2a39e_850-1-500x280.jpg",500,280,true],"medium":["https:\/\/arantv.az\/wp-content\/uploads\/2023\/09\/19ea5298-69f0-3946-babf-e60814a2a39e_850-1-548x365.jpg",548,365,true],"large":["https:\/\/arantv.az\/wp-content\/uploads\/2023\/09\/19ea5298-69f0-3946-babf-e60814a2a39e_850-1.jpg",620,413,false],"1536x1536":["https:\/\/arantv.az\/wp-content\/uploads\/2023\/09\/19ea5298-69f0-3946-babf-e60814a2a39e_850-1.jpg",620,413,false],"2048x2048":["https:\/\/arantv.az\/wp-content\/uploads\/2023\/09\/19ea5298-69f0-3946-babf-e60814a2a39e_850-1.jpg",620,413,false],"post-thumbnail":["https:\/\/arantv.az\/wp-content\/uploads\/2023\/09\/19ea5298-69f0-3946-babf-e60814a2a39e_850-1-240x172.jpg",240,172,true],"advps-thumb-one":["https:\/\/arantv.az\/wp-content\/uploads\/2023\/09\/19ea5298-69f0-3946-babf-e60814a2a39e_850-1.jpg",620,413,false]},"rttpg_author":{"display_name":"V\u00fcsal Rafiqo\u011flu","author_link":"https:\/\/arantv.az\/?author=2"},"rttpg_comment":0,"rttpg_category":"<a href=\"https:\/\/arantv.az\/?cat=4\" rel=\"category\">Siyas\u0259t<\/a>","rttpg_excerpt":"Meksikan\u0131n \u0259n \u00e7ox oxunan \u201cEl Universal\u201d q\u0259zetind\u0259 Az\u0259rbaycan\u0131n bu \u00f6lk\u0259d\u0259ki s\u0259firi M\u0259mm\u0259d Tal\u0131bovun m\u00fc\u0259llifi oldu\u011fu \u201cYalan ayaq tutar, yerim\u0259z: Erm\u0259nistan\u0131n s\u0259mimi olma\u011f\u0131n\u0131n vaxt\u0131 \u00e7at\u0131b\u201d s\u0259rl\u00f6vh\u0259li geni\u015f m\u0259qal\u0259 d\u0259rc olunub. S\u0259firlikd\u0259n\u00a0bildiribl\u0259r ki, m\u0259qal\u0259 s\u00f6z\u00fcged\u0259n n\u0259\u015frd\u0259 bir ne\u00e7\u0259 g\u00fcn \u0259vv\u0259l yay\u0131mlanm\u0131\u015f Erm\u0259nistan\u0131n xarici i\u015fl\u0259r nazirinin m\u00fcavininin yalan v\u0259 q\u0259r\u0259z dolu yaz\u0131s\u0131na cavab olaraq haz\u0131rlan\u0131b. Yaz\u0131da erm\u0259ni yalanlar\u0131&hellip;","_links":{"self":[{"href":"https:\/\/arantv.az\/index.php?rest_route=\/wp\/v2\/posts\/634490"}],"collection":[{"href":"https:\/\/arantv.az\/index.php?rest_route=\/wp\/v2\/posts"}],"about":[{"href":"https:\/\/arantv.az\/index.php?rest_route=\/wp\/v2\/types\/post"}],"author":[{"embeddable":true,"href":"https:\/\/arantv.az\/index.php?rest_route=\/wp\/v2\/users\/2"}],"replies":[{"embeddable":true,"href":"https:\/\/arantv.az\/index.php?rest_route=%2Fwp%2Fv2%2Fcomments&post=634490"}],"version-history":[{"count":0,"href":"https:\/\/arantv.az\/index.php?rest_route=\/wp\/v2\/posts\/634490\/revisions"}],"wp:featuredmedia":[{"embeddable":true,"href":"https:\/\/arantv.az\/index.php?rest_route=\/wp\/v2\/media\/634492"}],"wp:attachment":[{"href":"https:\/\/arantv.az\/index.php?rest_route=%2Fwp%2Fv2%2Fmedia&parent=634490"}],"wp:term":[{"taxonomy":"category","embeddable":true,"href":"https:\/\/arantv.az\/index.php?rest_route=%2Fwp%2Fv2%2Fcategories&post=634490"},{"taxonomy":"post_tag","embeddable":true,"href":"https:\/\/arantv.az\/index.php?rest_route=%2Fwp%2Fv2%2Ftags&post=634490"}],"curies":[{"name":"wp","href":"https:\/\/api.w.org\/{rel}","templated":true}]}}