{"id":634608,"date":"2023-09-19T10:56:39","date_gmt":"2023-09-19T06:56:39","guid":{"rendered":"https:\/\/arantv.az\/?p=634608"},"modified":"2023-09-19T10:56:39","modified_gmt":"2023-09-19T06:56:39","slug":"stoltenberq-v%c9%99-%c9%99rdogan-nyu-yorkda-gorusubl%c9%99r-foto","status":"publish","type":"post","link":"https:\/\/arantv.az\/?p=634608","title":{"rendered":"Stoltenberq v\u0259 \u018frdo\u011fan Nyu-Yorkda g\u00f6r\u00fc\u015f\u00fcbl\u0259r &#8211; FOTO"},"content":{"rendered":"<article class=\"news\">\n<div class=\"news-inner\">\n<p>NATO-nun ba\u015f katibi Yens Stoltenberq v\u0259 T\u00fcrkiy\u0259 Prezidenti R\u0259c\u0259b Tayyib \u018frdo\u011fan Nyu-Yorkda g\u00f6r\u00fc\u015f\u00fcbl\u0259r.<\/p>\n<p>Bu bar\u0259d\u0259 NATO-nun ba\u015f katibi \u00f6z\u00fcn\u00fcn \u201cX\u201d hesab\u0131nda m\u0259lumat verib.<\/p>\n<p>\u201cPrezident \u018frdo\u011fanla Nyu-Yorkda g\u00f6r\u00fc\u015fm\u0259kd\u0259n m\u0259mnunam. Terrorla m\u00fcbariz\u0259mizi g\u00fccl\u0259ndirm\u0259yi m\u00fczakir\u0259 etdik v\u0259 m\u0259n T\u00fcrkiy\u0259y\u0259 Qara d\u0259niz tax\u0131l sazi\u015fini canland\u0131rmaq \u00fc\u00e7\u00fcn g\u00f6rd\u00fcy\u00fc i\u015fl\u0259r\u0259 g\u00f6r\u0259 t\u0259\u015f\u0259kk\u00fcr etdim. Viln\u00fcsd\u0259 raz\u0131la\u015fd\u0131r\u0131ld\u0131\u011f\u0131 kimi, T\u00fcrkiy\u0259 parlamenti \u0130sve\u00e7in NATO-ya q\u0259bulu m\u0259s\u0259l\u0259sin\u0259 \u0259n q\u0131sa zamanda baxacaq\u201d, &#8211; dey\u0259 o, payla\u015f\u0131mda qeyd edib.<\/p>\n<div>\n<div class=\"twitter-tweet twitter-tweet-rendered\"><iframe id=\"twitter-widget-0\" class=\"\" title=\"Twitter Tweet\" src=\"https:\/\/platform.twitter.com\/embed\/Tweet.html?creatorScreenName=oxuaz&amp;dnt=false&amp;embedId=twitter-widget-0&amp;features=eyJ0ZndfdGltZWxpbmVfbGlzdCI6eyJidWNrZXQiOltdLCJ2ZXJzaW9uIjpudWxsfSwidGZ3X2ZvbGxvd2VyX2NvdW50X3N1bnNldCI6eyJidWNrZXQiOnRydWUsInZlcnNpb24iOm51bGx9LCJ0ZndfdHdlZXRfZWRpdF9iYWNrZW5kIjp7ImJ1Y2tldCI6Im9uIiwidmVyc2lvbiI6bnVsbH0sInRmd19yZWZzcmNfc2Vzc2lvbiI6eyJidWNrZXQiOiJvbiIsInZlcnNpb24iOm51bGx9LCJ0ZndfZm9zbnJfc29mdF9pbnRlcnZlbnRpb25zX2VuYWJsZWQiOnsiYnVja2V0Ijoib24iLCJ2ZXJzaW9uIjpudWxsfSwidGZ3X21peGVkX21lZGlhXzE1ODk3Ijp7ImJ1Y2tldCI6InRyZWF0bWVudCIsInZlcnNpb24iOm51bGx9LCJ0ZndfZXhwZXJpbWVudHNfY29va2llX2V4cGlyYXRpb24iOnsiYnVja2V0IjoxMjA5NjAwLCJ2ZXJzaW9uIjpudWxsfSwidGZ3X3Nob3dfYmlyZHdhdGNoX3Bpdm90c19lbmFibGVkIjp7ImJ1Y2tldCI6Im9uIiwidmVyc2lvbiI6bnVsbH0sInRmd19kdXBsaWNhdGVfc2NyaWJlc190b19zZXR0aW5ncyI6eyJidWNrZXQiOiJvbiIsInZlcnNpb24iOm51bGx9LCJ0ZndfdXNlX3Byb2ZpbGVfaW1hZ2Vfc2hhcGVfZW5hYmxlZCI6eyJidWNrZXQiOiJvbiIsInZlcnNpb24iOm51bGx9LCJ0ZndfdmlkZW9faGxzX2R5bmFtaWNfbWFuaWZlc3RzXzE1MDgyIjp7ImJ1Y2tldCI6InRydWVfYml0cmF0ZSIsInZlcnNpb24iOm51bGx9LCJ0ZndfbGVnYWN5X3RpbWVsaW5lX3N1bnNldCI6eyJidWNrZXQiOnRydWUsInZlcnNpb24iOm51bGx9LCJ0ZndfdHdlZXRfZWRpdF9mcm9udGVuZCI6eyJidWNrZXQiOiJvbiIsInZlcnNpb24iOm51bGx9fQ%3D%3D&amp;frame=false&amp;hideCard=false&amp;hideThread=false&amp;id=1703918648392388787&amp;lang=en&amp;origin=https%3A%2F%2Foxu.az%2Fworld%2F778996&amp;sessionId=f5f1206bd9fdfc3e977bd5a1819cc1a9247a56cd&amp;siteScreenName=oxuaz&amp;theme=light&amp;widgetsVersion=aaf4084522e3a%3A1674595607486&amp;width=550px\" frameborder=\"0\" scrolling=\"no\" allowfullscreen=\"allowfullscreen\" data-mce-fragment=\"1\"><\/iframe><\/div>\n<blockquote class=\"twitter-tweet\" data-twitter-extracted-i1695106563578217996=\"true\">\n<p dir=\"ltr\" lang=\"en\">Glad to meet President\u00a0<a href=\"https:\/\/twitter.com\/RTErdogan?ref_src=twsrc%5Etfw\">@RTErdogan<\/a>\u00a0in New York. We discussed stepping up our fight against terrorism &amp; I thanked him for\u00a0<a href=\"https:\/\/twitter.com\/hashtag\/T%C3%BCrkiye?src=hash&amp;ref_src=twsrc%5Etfw\">#T\u00fcrkiye<\/a>\u2019s work to revive the Black Sea grain deal. As agreed at Vilnius the Turkish parliament will take up Sweden\u2019s NATO membership as soon as possible.\u00a0<a href=\"https:\/\/twitter.com\/hashtag\/UNGA?src=hash&amp;ref_src=twsrc%5Etfw\">#UNGA<\/a>\u00a0<a href=\"https:\/\/t.co\/YUG81lVXh8\">pic.twitter.com\/YUG81lVXh8<\/a><\/p>\n<p>\u2014 Jens Stoltenberg (@jensstoltenberg)\u00a0<a href=\"https:\/\/twitter.com\/jensstoltenberg\/status\/1703918648392388787?ref_src=twsrc%5Etfw\">September 18, 2023<\/a><\/p><\/blockquote>\n<\/div>\n<p>&nbsp;<\/p>\n<\/div>\n<\/article>\n","protected":false},"excerpt":{"rendered":"<p>NATO-nun ba\u015f katibi Yens Stoltenberq v\u0259 T\u00fcrkiy\u0259 Prezidenti R\u0259c\u0259b Tayyib \u018frdo\u011fan Nyu-Yorkda g\u00f6r\u00fc\u015f\u00fcbl\u0259r. Bu bar\u0259d\u0259 NATO-nun ba\u015f katibi \u00f6z\u00fcn\u00fcn \u201cX\u201d hesab\u0131nda m\u0259lumat verib. \u201cPrezident \u018frdo\u011fanla Nyu-Yorkda g\u00f6r\u00fc\u015fm\u0259kd\u0259n m\u0259mnunam. Terrorla m\u00fcbariz\u0259mizi g\u00fccl\u0259ndirm\u0259yi m\u00fczakir\u0259 etdik v\u0259 m\u0259n T\u00fcrkiy\u0259y\u0259 Qara d\u0259niz tax\u0131l sazi\u015fini canland\u0131rmaq \u00fc\u00e7\u00fcn g\u00f6rd\u00fcy\u00fc i\u015fl\u0259r\u0259 g\u00f6r\u0259 t\u0259\u015f\u0259kk\u00fcr etdim. Viln\u00fcsd\u0259 raz\u0131la\u015fd\u0131r\u0131ld\u0131\u011f\u0131 kimi, T\u00fcrkiy\u0259 parlamenti \u0130sve\u00e7in NATO-ya q\u0259bulu m\u0259s\u0259l\u0259sin\u0259 \u0259n q\u0131sa zamanda baxacaq\u201d, &#8211; dey\u0259 o, payla\u015f\u0131mda qeyd edib. Glad to meet President\u00a0@RTErdogan\u00a0in New York. We discussed stepping up our fight against terrorism &amp; I thanked him for\u00a0#T\u00fcrkiye\u2019s work to revive the Black&hellip;<\/p>\n","protected":false},"author":2,"featured_media":634610,"comment_status":"closed","ping_status":"closed","sticky":false,"template":"","format":"standard","meta":{"om_disable_all_campaigns":false,"_monsterinsights_skip_tracking":false,"_monsterinsights_sitenote_active":false,"_monsterinsights_sitenote_note":"","_monsterinsights_sitenote_category":0},"categories":[7],"tags":[],"aioseo_notices":[],"gutentor_comment":0,"rttpg_featured_image_url":{"full":["https:\/\/arantv.az\/wp-content\/uploads\/2023\/09\/378249897_243074632067217_3169947883688801439_n.jpg",620,413,false],"landscape":["https:\/\/arantv.az\/wp-content\/uploads\/2023\/09\/378249897_243074632067217_3169947883688801439_n.jpg",620,413,false],"portraits":["https:\/\/arantv.az\/wp-content\/uploads\/2023\/09\/378249897_243074632067217_3169947883688801439_n.jpg",620,413,false],"thumbnail":["https:\/\/arantv.az\/wp-content\/uploads\/2023\/09\/378249897_243074632067217_3169947883688801439_n-500x280.jpg",500,280,true],"medium":["https:\/\/arantv.az\/wp-content\/uploads\/2023\/09\/378249897_243074632067217_3169947883688801439_n-548x365.jpg",548,365,true],"large":["https:\/\/arantv.az\/wp-content\/uploads\/2023\/09\/378249897_243074632067217_3169947883688801439_n.jpg",620,413,false],"1536x1536":["https:\/\/arantv.az\/wp-content\/uploads\/2023\/09\/378249897_243074632067217_3169947883688801439_n.jpg",620,413,false],"2048x2048":["https:\/\/arantv.az\/wp-content\/uploads\/2023\/09\/378249897_243074632067217_3169947883688801439_n.jpg",620,413,false],"post-thumbnail":["https:\/\/arantv.az\/wp-content\/uploads\/2023\/09\/378249897_243074632067217_3169947883688801439_n-240x172.jpg",240,172,true],"advps-thumb-one":["https:\/\/arantv.az\/wp-content\/uploads\/2023\/09\/378249897_243074632067217_3169947883688801439_n.jpg",620,413,false]},"rttpg_author":{"display_name":"V\u00fcsal Rafiqo\u011flu","author_link":"https:\/\/arantv.az\/?author=2"},"rttpg_comment":0,"rttpg_category":"<a href=\"https:\/\/arantv.az\/?cat=7\" rel=\"category\">D\u00fcnya<\/a>","rttpg_excerpt":"NATO-nun ba\u015f katibi Yens Stoltenberq v\u0259 T\u00fcrkiy\u0259 Prezidenti R\u0259c\u0259b Tayyib \u018frdo\u011fan Nyu-Yorkda g\u00f6r\u00fc\u015f\u00fcbl\u0259r. Bu bar\u0259d\u0259 NATO-nun ba\u015f katibi \u00f6z\u00fcn\u00fcn \u201cX\u201d hesab\u0131nda m\u0259lumat verib. \u201cPrezident \u018frdo\u011fanla Nyu-Yorkda g\u00f6r\u00fc\u015fm\u0259kd\u0259n m\u0259mnunam. Terrorla m\u00fcbariz\u0259mizi g\u00fccl\u0259ndirm\u0259yi m\u00fczakir\u0259 etdik v\u0259 m\u0259n T\u00fcrkiy\u0259y\u0259 Qara d\u0259niz tax\u0131l sazi\u015fini canland\u0131rmaq \u00fc\u00e7\u00fcn g\u00f6rd\u00fcy\u00fc i\u015fl\u0259r\u0259 g\u00f6r\u0259 t\u0259\u015f\u0259kk\u00fcr etdim. Viln\u00fcsd\u0259 raz\u0131la\u015fd\u0131r\u0131ld\u0131\u011f\u0131 kimi, T\u00fcrkiy\u0259 parlamenti \u0130sve\u00e7in NATO-ya q\u0259bulu&hellip;","_links":{"self":[{"href":"https:\/\/arantv.az\/index.php?rest_route=\/wp\/v2\/posts\/634608"}],"collection":[{"href":"https:\/\/arantv.az\/index.php?rest_route=\/wp\/v2\/posts"}],"about":[{"href":"https:\/\/arantv.az\/index.php?rest_route=\/wp\/v2\/types\/post"}],"author":[{"embeddable":true,"href":"https:\/\/arantv.az\/index.php?rest_route=\/wp\/v2\/users\/2"}],"replies":[{"embeddable":true,"href":"https:\/\/arantv.az\/index.php?rest_route=%2Fwp%2Fv2%2Fcomments&post=634608"}],"version-history":[{"count":0,"href":"https:\/\/arantv.az\/index.php?rest_route=\/wp\/v2\/posts\/634608\/revisions"}],"wp:featuredmedia":[{"embeddable":true,"href":"https:\/\/arantv.az\/index.php?rest_route=\/wp\/v2\/media\/634610"}],"wp:attachment":[{"href":"https:\/\/arantv.az\/index.php?rest_route=%2Fwp%2Fv2%2Fmedia&parent=634608"}],"wp:term":[{"taxonomy":"category","embeddable":true,"href":"https:\/\/arantv.az\/index.php?rest_route=%2Fwp%2Fv2%2Fcategories&post=634608"},{"taxonomy":"post_tag","embeddable":true,"href":"https:\/\/arantv.az\/index.php?rest_route=%2Fwp%2Fv2%2Ftags&post=634608"}],"curies":[{"name":"wp","href":"https:\/\/api.w.org\/{rel}","templated":true}]}}