{"id":63580,"date":"2019-06-01T16:06:35","date_gmt":"2019-06-01T13:06:35","guid":{"rendered":"http:\/\/arantv.az\/?p=63580"},"modified":"2019-06-01T16:06:35","modified_gmt":"2019-06-01T13:06:35","slug":"l%c9%99nk%c9%99randa-iftar-sufr%c9%99l%c9%99ri-t%c9%99skil-olunub-video","status":"publish","type":"post","link":"https:\/\/arantv.az\/?p=63580","title":{"rendered":"L\u0259nk\u0259randa iftar s\u00fcfr\u0259l\u0259ri t\u0259\u015fkil olunub &#8211; V\u0130DEO"},"content":{"rendered":"<p>Heyd\u0259r \u018fliyev Fondu t\u0259r\u0259find\u0259n m\u00fcq\u0259dd\u0259s Ramazan ay\u0131 m\u00fcnasib\u0259til\u0259 L\u0259nk\u0259randa iftar s\u00fcfr\u0259l\u0259ri t\u0259\u015fkil olunub.<\/p>\n<p><strong>ARANTV.AZ\u00a0<\/strong>\u00a0x\u0259b\u0259r verir ki, L\u0259nk\u0259randa a\u00e7\u0131lan iftar s\u00fcfr\u0259sind\u0259 din xadiml\u0259ri, \u015f\u0259hid ail\u0259l\u0259rinin \u00fczvl\u0259ri, Qaraba\u011f m\u00fcharib\u0259si i\u015ftirak\u00e7\u0131lar\u0131, ictimaiyy\u0259t n\u00fcmay\u0259nd\u0259l\u0259ri i\u015ftirak edibl\u0259r.<\/p>\n<div id=\"AdviadNativeVideo0\" class=\"AdviadNativeVideo\"><\/div>\n<p>M\u0259rasimd\u0259 \u00e7\u0131x\u0131\u015f ed\u0259n rayonun din xadiml\u0259ri \u00f6lk\u0259mizd\u0259 d\u00f6vl\u0259t-din m\u00fcnasib\u0259tl\u0259rinin sa\u011flam prinsipl\u0259r \u00fcz\u0259rind\u0259 quruldu\u011funu, d\u00f6vl\u0259tin dini sah\u0259y\u0259, din xadiml\u0259rin\u0259 g\u00f6st\u0259rdiyi diqq\u0259t v\u0259 qay\u011f\u0131n\u0131 y\u00fcks\u0259k qiym\u0259tl\u0259ndiribl\u0259r.<\/p>\n<p><iframe loading=\"lazy\" src=\"https:\/\/player.baku.tv\/embed\/8729\" width=\"560\" height=\"315\" frameborder=\"0\" allowfullscreen=\"allowfullscreen\" data-mce-fragment=\"1\"><\/iframe><\/p>\n<div>oxu.az<\/div>\n","protected":false},"excerpt":{"rendered":"<p>Heyd\u0259r \u018fliyev Fondu t\u0259r\u0259find\u0259n m\u00fcq\u0259dd\u0259s Ramazan ay\u0131 m\u00fcnasib\u0259til\u0259 L\u0259nk\u0259randa iftar s\u00fcfr\u0259l\u0259ri t\u0259\u015fkil olunub. ARANTV.AZ\u00a0\u00a0x\u0259b\u0259r verir ki, L\u0259nk\u0259randa a\u00e7\u0131lan iftar s\u00fcfr\u0259sind\u0259 din xadiml\u0259ri, \u015f\u0259hid ail\u0259l\u0259rinin \u00fczvl\u0259ri, Qaraba\u011f m\u00fcharib\u0259si i\u015ftirak\u00e7\u0131lar\u0131, ictimaiyy\u0259t n\u00fcmay\u0259nd\u0259l\u0259ri i\u015ftirak edibl\u0259r. M\u0259rasimd\u0259 \u00e7\u0131x\u0131\u015f ed\u0259n rayonun din xadiml\u0259ri \u00f6lk\u0259mizd\u0259 d\u00f6vl\u0259t-din m\u00fcnasib\u0259tl\u0259rinin sa\u011flam prinsipl\u0259r \u00fcz\u0259rind\u0259 quruldu\u011funu, d\u00f6vl\u0259tin dini sah\u0259y\u0259, din xadiml\u0259rin\u0259 g\u00f6st\u0259rdiyi diqq\u0259t v\u0259 qay\u011f\u0131n\u0131 y\u00fcks\u0259k qiym\u0259tl\u0259ndiribl\u0259r. oxu.az<\/p>\n","protected":false},"author":2,"featured_media":63581,"comment_status":"closed","ping_status":"closed","sticky":false,"template":"","format":"standard","meta":{"om_disable_all_campaigns":false,"_monsterinsights_skip_tracking":false,"_monsterinsights_sitenote_active":false,"_monsterinsights_sitenote_note":"","_monsterinsights_sitenote_category":0},"categories":[2],"tags":[],"aioseo_notices":[],"gutentor_comment":0,"rttpg_featured_image_url":{"full":["https:\/\/arantv.az\/wp-content\/uploads\/2019\/06\/molla.jpg",620,349,false],"landscape":["https:\/\/arantv.az\/wp-content\/uploads\/2019\/06\/molla.jpg",620,349,false],"portraits":["https:\/\/arantv.az\/wp-content\/uploads\/2019\/06\/molla.jpg",620,349,false],"thumbnail":["https:\/\/arantv.az\/wp-content\/uploads\/2019\/06\/molla-150x150.jpg",150,150,true],"medium":["https:\/\/arantv.az\/wp-content\/uploads\/2019\/06\/molla-300x169.jpg",300,169,true],"large":["https:\/\/arantv.az\/wp-content\/uploads\/2019\/06\/molla.jpg",620,349,false],"1536x1536":["https:\/\/arantv.az\/wp-content\/uploads\/2019\/06\/molla.jpg",620,349,false],"2048x2048":["https:\/\/arantv.az\/wp-content\/uploads\/2019\/06\/molla.jpg",620,349,false],"post-thumbnail":["https:\/\/arantv.az\/wp-content\/uploads\/2019\/06\/molla-240x172.jpg",240,172,true],"advps-thumb-one":["https:\/\/arantv.az\/wp-content\/uploads\/2019\/06\/molla.jpg",620,349,false]},"rttpg_author":{"display_name":"V\u00fcsal Rafiqo\u011flu","author_link":"https:\/\/arantv.az\/?author=2"},"rttpg_comment":0,"rttpg_category":"<a href=\"https:\/\/arantv.az\/?cat=2\" rel=\"category\">Region X\u0259b\u0259rl\u0259ri<\/a>","rttpg_excerpt":"Heyd\u0259r \u018fliyev Fondu t\u0259r\u0259find\u0259n m\u00fcq\u0259dd\u0259s Ramazan ay\u0131 m\u00fcnasib\u0259til\u0259 L\u0259nk\u0259randa iftar s\u00fcfr\u0259l\u0259ri t\u0259\u015fkil olunub. ARANTV.AZ\u00a0\u00a0x\u0259b\u0259r verir ki, L\u0259nk\u0259randa a\u00e7\u0131lan iftar s\u00fcfr\u0259sind\u0259 din xadiml\u0259ri, \u015f\u0259hid ail\u0259l\u0259rinin \u00fczvl\u0259ri, Qaraba\u011f m\u00fcharib\u0259si i\u015ftirak\u00e7\u0131lar\u0131, ictimaiyy\u0259t n\u00fcmay\u0259nd\u0259l\u0259ri i\u015ftirak edibl\u0259r. M\u0259rasimd\u0259 \u00e7\u0131x\u0131\u015f ed\u0259n rayonun din xadiml\u0259ri \u00f6lk\u0259mizd\u0259 d\u00f6vl\u0259t-din m\u00fcnasib\u0259tl\u0259rinin sa\u011flam prinsipl\u0259r \u00fcz\u0259rind\u0259 quruldu\u011funu, d\u00f6vl\u0259tin dini sah\u0259y\u0259, din xadiml\u0259rin\u0259 g\u00f6st\u0259rdiyi diqq\u0259t v\u0259 qay\u011f\u0131n\u0131 y\u00fcks\u0259k&hellip;","_links":{"self":[{"href":"https:\/\/arantv.az\/index.php?rest_route=\/wp\/v2\/posts\/63580"}],"collection":[{"href":"https:\/\/arantv.az\/index.php?rest_route=\/wp\/v2\/posts"}],"about":[{"href":"https:\/\/arantv.az\/index.php?rest_route=\/wp\/v2\/types\/post"}],"author":[{"embeddable":true,"href":"https:\/\/arantv.az\/index.php?rest_route=\/wp\/v2\/users\/2"}],"replies":[{"embeddable":true,"href":"https:\/\/arantv.az\/index.php?rest_route=%2Fwp%2Fv2%2Fcomments&post=63580"}],"version-history":[{"count":0,"href":"https:\/\/arantv.az\/index.php?rest_route=\/wp\/v2\/posts\/63580\/revisions"}],"wp:featuredmedia":[{"embeddable":true,"href":"https:\/\/arantv.az\/index.php?rest_route=\/wp\/v2\/media\/63581"}],"wp:attachment":[{"href":"https:\/\/arantv.az\/index.php?rest_route=%2Fwp%2Fv2%2Fmedia&parent=63580"}],"wp:term":[{"taxonomy":"category","embeddable":true,"href":"https:\/\/arantv.az\/index.php?rest_route=%2Fwp%2Fv2%2Fcategories&post=63580"},{"taxonomy":"post_tag","embeddable":true,"href":"https:\/\/arantv.az\/index.php?rest_route=%2Fwp%2Fv2%2Ftags&post=63580"}],"curies":[{"name":"wp","href":"https:\/\/api.w.org\/{rel}","templated":true}]}}