{"id":636494,"date":"2023-09-22T20:26:48","date_gmt":"2023-09-22T16:26:48","guid":{"rendered":"https:\/\/arantv.az\/?p=636494"},"modified":"2023-09-22T20:26:48","modified_gmt":"2023-09-22T16:26:48","slug":"antiterrorun-n%c9%99tic%c9%99l%c9%99ri-haqda-m%c9%99lumat-x%c9%99sisliyi-haralari-geri-aldiq","status":"publish","type":"post","link":"https:\/\/arantv.az\/?p=636494","title":{"rendered":"Antiterrorun n\u0259tic\u0259l\u0259ri haqda m\u0259lumat \u201cx\u0259sisliyi\u201d &#8211; haralar\u0131 geri ald\u0131q?"},"content":{"rendered":"<h3><em><strong>D\u00f6vl\u0259t sonad\u0259k \u00e7al\u0131\u015fd\u0131 ki, n\u0259 bu lokal h\u0259rbi \u0259m\u0259liyyatlar olsun, n\u0259 d\u0259 itkil\u0259r, amma olmad\u0131, \u015f\u0259hidl\u0259rimiz \u00fc\u00e7\u00fcn \u00e7ox k\u0259d\u0259rliyik&#8230;; Bunu Qaraba\u011f\u0131n azadl\u0131\u011f\u0131 \u00fc\u00e7\u00fcn SON SAVA\u015e kimi qiym\u0259tl\u0259ndirm\u0259k daha m\u0259ntiqlidir&#8230;<\/strong><\/em><\/h3>\n<p>Bir g\u00f6z\u00fcm\u00fcz sevinirs\u0259, bir g\u00f6z\u00fcm\u00fczd\u0259 \u015f\u0259hidl\u0259rimiz \u00fc\u00e7\u00fcn d\u0259rin k\u0259d\u0259r var. Sevinirik ona g\u00f6r\u0259 ki, bu antiterror t\u0259dbirl\u0259ri \u0259slind\u0259, Qaraba\u011fdak\u0131 qalan \u0259razil\u0259rimiz\u0259, k\u0259ndl\u0259rimiz\u0259, q\u0259s\u0259b\u0259l\u0259rimiz\u0259 tam n\u0259zar\u0259t\u0259 imkan verib. Bu u\u011fur bar\u0259d\u0259 bilgili olan Rusiya medias\u0131 a\u00e7\u0131q yaz\u0131r. D\u00f6vl\u0259tin is\u0259 bu bar\u0259d\u0259ki informasiya \u201cx\u0259sisliyini\u201d ba\u015fa d\u00fc\u015fm\u0259k laz\u0131md\u0131r. T\u0259kc\u0259 onu deyim ki, \u015eu\u015fan\u0131n 44 g\u00fcnl\u00fck m\u00fcharib\u0259d\u0259n sonra erm\u0259ni silahl\u0131lar\u0131n\u0131n n\u0259zar\u0259tind\u0259 qalan k\u0259ndl\u0259ri-hans\u0131 ki, onlar\u0131n b\u0259zil\u0259ri Xank\u0259ndinin \u00e7ox yax\u0131nl\u0131\u011f\u0131nda yerl\u0259\u015fir &#8211; ordumuzun n\u0259zar\u0259tin\u0259 ke\u00e7ib!<\/p>\n<p><img loading=\"lazy\" src=\"https:\/\/cdn.musavat.com\/news\/thumbnails\/de07fe7835b1525d89ad57e270e5508d.jpg\" alt=\"WhatsApp Image 2023-09-22 at 19.48.36 (4).jpeg (227 KB)\" width=\"800\" height=\"450\" \/><\/p>\n<p>\u00c7ox miqyasl\u0131 u\u011furdur v\u0259 19-20 sentyabrda ba\u015f ver\u0259nl\u0259ri Qaraba\u011f\u0131n tam azadl\u0131\u011f\u0131 \u00fc\u00e7\u00fcn SON SAVA\u015e kimi qiym\u0259tl\u0259ndirm\u0259k daha m\u0259ntiqlidir. 23 saat s\u00fcr\u0259n antiteror t\u0259dbirinin \u0259sas u\u011fur kodunu T\u00fcrkiy\u0259 Prezidenti a\u00e7d\u0131: \u201c\u0130lham \u018fliyev dedi ki, \u201ci\u015fi bitirdik, buna son qoyduq\u201d. Bu, art\u0131q \u201charalar\u0131 geri qaytard\u0131q\u201d sual\u0131na \u0259n bilgili \u015f\u0259xsin birm\u0259nal\u0131 cavab\u0131d\u0131r.<\/p>\n<p>Qaraba\u011fdak\u0131 n\u0259zar\u0259tsiz (\u201cboz zonalar\u201d) \u0259razil\u0259rin n\u0259zar\u0259t\u0259 g\u00f6t\u00fcrlm\u0259si haqda \u00e7oxsayl\u0131 videolar var, amma h\u0259l\u0259 ki, tam r\u0259smi m\u0259lumat yay\u0131lmay\u0131b. Bunun s\u0259b\u0259bi d\u0259 ayd\u0131nd\u0131r. Az\u0259rbaycan m\u0259ntiql\u0259 \u00f6z \u0259razini i\u015f\u011fal etm\u0259y\u0259c\u0259k ki? Terror\u00e7ulardan t\u0259mizl\u0259n\u0259n yerl\u0259r\u0259 Az\u0259rbaycan\u0131n m\u00fcvafiq b\u00f6lm\u0259l\u0259rinin yerl\u0259\u015fm\u0259si \u00fc\u00e7\u00fcn uzun zaman laz\u0131m olmayacaq, bu s\u00fcr\u0259ci g\u00f6zl\u0259m\u0259miz laz\u0131m. \u00dcst\u0259lik, erm\u0259nil\u0259r v\u0259 onlar\u0131n d\u0259st\u0259k\u00e7il\u0259ri d\u00fcnyada \u00e7ox ciddi hay-k\u00fcy yarad\u0131blar, bu ajiotaj\u0131n da s\u0259ngim\u0259sini g\u00f6zl\u0259m\u0259k m\u0259ntiqli olar. Bu m\u0259s\u0259l\u0259l\u0259r tam ayd\u0131nla\u015fandan sonra biz bu antiterror t\u0259dbirl\u0259rinin tam n\u0259tic\u0259l\u0259rini in\u015fallah ki, ham\u0131l\u0131qla bil\u0259c\u0259yik.<\/p>\n<p><img loading=\"lazy\" src=\"https:\/\/cdn.musavat.com\/news\/thumbnails\/231d8def2ea371c8962c80e79745c2d4.jpg\" alt=\"WhatsApp Image 2023-09-22 at 19.48.36 (2).jpeg (349 KB)\" width=\"800\" height=\"450\" \/><\/p>\n<p>Son g\u00fcnl\u0259r soru\u015furlar: \u201cNiy\u0259 ax\u0131 bu m\u00fcharib\u0259 bitmir, niy\u0259 ax\u0131&#8230;\u201d B\u00f6y\u00fck \u0259ks\u0259riyy\u0259t bu uzanan sava\u015f\u0131n ger\u00e7\u0259k s\u0259b\u0259bini \u0259lb\u0259tt\u0259 anlay\u0131r, bu h\u0259rbi m\u00fcnaqi\u015f\u0259nin uzanmas\u0131nda revan\u015fist erm\u0259nil\u0259rin v\u0259 onlar\u0131n arxas\u0131nda duran d\u00f6vl\u0259tl\u0259rin s\u0259b\u0259bkar oldu\u011funu da bilir. 2020-ci ilin noyabr\u0131ndan sonra erm\u0259ni d\u00f6vl\u0259ti m\u0259\u011flubiyy\u0259ti tam q\u0259bul ets\u0259ydi, bu antiterrora t\u0259dbirin\u0259 ehtiyac yox idi. D\u0259f\u0259l\u0259rl\u0259 yazm\u0131\u015fam, d\u00f6vl\u0259t \u00fc\u00e7\u00fcn bir \u0259sg\u0259rin d\u0259y\u0259ri 100 d\u00fc\u015fm\u0259n le\u015find\u0259n ir\u0259lidir. D\u00f6vl\u0259t sonunad\u0259k \u00e7al\u0131\u015fd\u0131 ki, n\u0259 bu antiterror t\u0259dbirl\u0259ri olsun, n\u0259 itkil\u0259r. Olmad\u0131, d\u00fc\u015fm\u0259n yen\u0259 dinclikl\u0259 3 il \u0259vv\u0259l \u00fcz\u0259rin\u0259 g\u00f6t\u00fcrd\u00fcy\u00fc \u00f6hd\u0259liy\u0259 \u0259m\u0259l etm\u0259di. Biz bu antiterror t\u0259dbirl\u0259rin\u0259 m\u0259cbur qald\u0131q. \u00c7\u00fcnki bu silahl\u0131 ordu Qaraba\u011f\u0131n me\u015f\u0259l\u0259rind\u0259, da\u011flar\u0131nda qald\u0131qca h\u0259r bir \u0259sg\u0259rimiz, polisimiz, h\u0259tta m\u00fclki \u015f\u0259xsl\u0259rin h\u0259yat\u0131na t\u0259hl\u00fck\u0259 qalacaqd\u0131, son mina terroru da g\u00f6st\u0259rdi ki, silahl\u0131 d\u00fc\u015fm\u0259n ba\u015f\u0131na od \u0259l\u0259nm\u0259s\u0259, t\u0259slim olmayacaqd\u0131. D\u00f6vl\u0259t s\u0259b\u0259bsiz yer\u0259 \u201cat izinin, it izin\u0259 qar\u0131\u015f\u0131d\u0131\u011f\u0131\u201d bu g\u0259rgin d\u00fcnyada niy\u0259 \u00f6z \u0259razisi olsa da, bu q\u0259d\u0259r q\u0259r\u0259zli t\u0259\u015fkilatlar\u0131n, b\u0259zi bizd\u0259n a\u011fz\u0131 \u0259yri \u00f6lk\u0259l\u0259rin t\u0259zyiql\u0259ri \u00fcz\u0259rin\u0259 \u00e7\u0259ksin ki?<\/p>\n<p>\u018flb\u0259tt\u0259 \u00e7ox k\u0259d\u0259rliyik, \u00e7\u00fcnki s\u0259hid analar\u0131na, atalar\u0131na, \u00f6vladlar\u0131na t\u0259skinlik \u00fc\u00e7\u00fcn s\u00f6z tap\u0131b dem\u0259k \u015f\u0259xs\u0259n m\u0259nim \u00fc\u00e7\u00fcn \u00e7ox \u00e7\u0259tindir. Biz o torpaqlar\u0131n h\u0259r qar\u0131\u015f\u0131n\u0131n n\u0259 q\u0259d\u0259r d\u0259y\u0259rli oldu\u011fu haqda saatlarla dan\u0131\u015fa bil\u0259rik, amma \u015f\u0259hid valideynl\u0259ri \u00fc\u00e7\u00fcn s\u00f6z\u00fcn bitdiyi yerdir o \u00f6vlad tabutu. \u0130kinci Qaraba\u011f m\u00fcharib\u0259sind\u0259 \u00f6vlad\u0131n\u0131 itir\u0259n ne\u00e7\u0259-ne\u00e7\u0259 ana-atan\u0131n v\u0259fat x\u0259b\u0259rl\u0259rini e\u015fidirik. Dem\u0259k, bizim dild\u0259 dediyimiz s\u00f6zl\u0259r onlar\u0131n yaralar\u0131na \u00e7\u0259tin m\u0259rh\u0259m olur, bu o q\u0259d\u0259r ayd\u0131n bir ger\u00e7\u0259kdir ki, onu yazmaq b\u0259lk\u0259 d\u0259 art\u0131qd\u0131r, b\u0259lk\u0259 d\u0259 yaran\u0131 de\u015fm\u0259kdir.<\/p>\n<p><img loading=\"lazy\" src=\"https:\/\/cdn.musavat.com\/news\/thumbnails\/7d0015db47ffa2d7eb0b5753e08ffc6c.jpg\" alt=\"WhatsApp Image 2023-09-22 at 19.48.36 (3).jpeg (154 KB)\" width=\"800\" height=\"450\" \/><\/p>\n<p>D\u00f6vl\u0259t \u015f\u0259hid\u0259 sahib \u00e7\u0131x\u0131r, onlar\u0131n \u00f6vladlar\u0131 \u00fc\u00e7\u00fcn m\u00fcmk\u00fcn b\u00fct\u00fcn g\u00fcz\u0259\u015ftl\u0259r edilir. Amma etiraf ed\u0259k ki, bunlar\u0131n he\u00e7 biri bir atan\u0131n \u00f6vlad\u0131n\u0131n ba\u015f\u0131na \u00e7\u0259kdiyi s\u0131\u011fal\u0131 \u0259v\u0259z ed\u0259 bilm\u0259z. Bax\u0131n, art\u0131q ya\u015flan\u0131r\u0131q, ham\u0131m\u0131z atay\u0131q, amma atan\u0131m\u0131z\u0131 h\u0259mi\u015f\u0259 g\u00f6z\u00fcm\u00fcz axtar\u0131r. Onlar\u0131n atalar\u0131 f\u0259rqlidir, se\u00e7ilmi\u015fl\u0259rdir, \u0259lb\u0259tt\u0259 ki, d\u00f6vl\u0259t \u00fc\u00e7\u00fcn d\u0259, bizim \u00fc\u00e7\u00fcn d\u0259 \u00f6z\u0259ldirl\u0259r, ill\u0259r ke\u00e7s\u0259 d\u0259, adlar\u0131 unudulmayacaq. Amma inan\u0131n ki, he\u00e7 kim \u201cm\u0259n \u015f\u0259hid o\u011fluyam\u201d, \u201cm\u0259n \u015f\u0259hid anas\u0131yam\u201d dem\u0259k d\u0259 ist\u0259m\u0259z. O s\u0259b\u0259bd\u0259n bu erm\u0259ni b\u0259las\u0131ndan qurtulmal\u0131y\u0131q ki, he\u00e7 bir \u00f6vlad bel\u0259 sava\u015f x\u0259b\u0259rl\u0259rini e\u015fidib atas\u0131n\u0131n da bir g\u00fcn yan\u0131nda olmayaca\u011f\u0131ndan qorxmas\u0131n, gec\u0259 g\u0259lib ona \u201cata, s\u0259n d\u0259 m\u00fcharib\u0259d\u0259 \u00f6l\u0259c\u0259ks\u0259n\u201d sual\u0131 verm\u0259sin. El\u0259c\u0259 d\u0259 b\u00f6y\u00fcm\u0259kd\u0259 olan g\u0259l\u0259c\u0259k n\u0259sill\u0259r bu b\u0259ladan qurtulsunlar, \u00f6vladlar\u0131n\u0131 h\u0259rbi xidm\u0259t\u0259 yola salan analar \u201cyen\u0259 m\u00fcharib\u0259 olacaq\u201d s\u0259ks\u0259k\u0259si il\u0259 ya\u015famas\u0131nlar, ni\u015fanl\u0131 q\u0131zlar yola sald\u0131qlar\u0131 sevdikl\u0259rini sa\u011f-salamat qar\u015f\u0131las\u0131nlar&#8230;<\/p>\n<p><img loading=\"lazy\" src=\"https:\/\/cdn.musavat.com\/news\/thumbnails\/d68f47462e762ea621ed9a38e976cddc.jpg\" alt=\"WhatsApp Image 2023-09-22 at 19.48.36 (1).jpeg (146 KB)\" width=\"800\" height=\"600\" \/><\/p>\n<p>&#8230;Albertin vurdu\u011fu tank erm\u0259ni i\u015f\u011fal\u0131n\u0131n \u0259sas simvolu idi. Erm\u0259nil\u0259r Albertin vurdu\u011fu T-72 tank\u0131n\u0131 b\u0259rpa edib, t\u0259p\u0259nin ba\u015f\u0131nda, h\u0259m d\u0259 \u015eu\u015faya tu\u015flanm\u0131\u015f v\u0259ziyy\u0259td\u0259 i\u015f\u011fal\u00e7\u0131lar\u0131n xatir\u0259sin\u0259 qoymu\u015fdular. Albertin ilk at\u0131\u015f\u0131nda o tank s\u0131radan \u00e7\u0131xm\u0131\u015f, ikinci at\u0131\u015f\u0131da kabin\u0259d\u0259 olan tank komandiri v\u0259 daha iki n\u0259f\u0259r c\u0259h\u0259nn\u0259m\u0259 vasil olmu\u015fdular. H\u0259r 8 mayda i\u015f\u011fal\u00e7\u0131 d\u00f6vl\u0259tin n\u00fcmay\u0259nd\u0259l\u0259ri o abid\u0259y\u0259 g\u00fcl qoyub, sonra \u015eu\u015faya bayram etm\u0259y\u0259 gedirdil\u0259r. Azad \u015eu\u015fadan baxanda g\u00f6r\u00fcn\u0259n i\u015f\u011fal\u0131n simvolu daha oradan g\u00f6t\u00fcr\u00fcld\u00fc! Albertin ruhu indi daha rahatd\u0131r.<\/p>\n<p>Allah b\u00fct\u00fcn \u015f\u0259hidl\u0259rimiz\u0259 r\u0259hm\u0259t el\u0259sin. D\u00f6vl\u0259timizin bayra\u011f\u0131 uca olsun!<\/p>\n","protected":false},"excerpt":{"rendered":"<p>D\u00f6vl\u0259t sonad\u0259k \u00e7al\u0131\u015fd\u0131 ki, n\u0259 bu lokal h\u0259rbi \u0259m\u0259liyyatlar olsun, n\u0259 d\u0259 itkil\u0259r, amma olmad\u0131, \u015f\u0259hidl\u0259rimiz \u00fc\u00e7\u00fcn \u00e7ox k\u0259d\u0259rliyik&#8230;; Bunu Qaraba\u011f\u0131n azadl\u0131\u011f\u0131 \u00fc\u00e7\u00fcn SON SAVA\u015e kimi qiym\u0259tl\u0259ndirm\u0259k daha m\u0259ntiqlidir&#8230; Bir g\u00f6z\u00fcm\u00fcz sevinirs\u0259, bir g\u00f6z\u00fcm\u00fczd\u0259 \u015f\u0259hidl\u0259rimiz \u00fc\u00e7\u00fcn d\u0259rin k\u0259d\u0259r var. Sevinirik ona g\u00f6r\u0259 ki, bu antiterror t\u0259dbirl\u0259ri \u0259slind\u0259, Qaraba\u011fdak\u0131 qalan \u0259razil\u0259rimiz\u0259, k\u0259ndl\u0259rimiz\u0259, q\u0259s\u0259b\u0259l\u0259rimiz\u0259 tam n\u0259zar\u0259t\u0259 imkan verib. Bu u\u011fur bar\u0259d\u0259 bilgili olan Rusiya medias\u0131 a\u00e7\u0131q yaz\u0131r. D\u00f6vl\u0259tin is\u0259 bu bar\u0259d\u0259ki informasiya \u201cx\u0259sisliyini\u201d ba\u015fa d\u00fc\u015fm\u0259k laz\u0131md\u0131r. T\u0259kc\u0259 onu deyim ki, \u015eu\u015fan\u0131n 44 g\u00fcnl\u00fck m\u00fcharib\u0259d\u0259n sonra erm\u0259ni silahl\u0131lar\u0131n\u0131n n\u0259zar\u0259tind\u0259 qalan k\u0259ndl\u0259ri-hans\u0131 ki, onlar\u0131n&hellip;<\/p>\n","protected":false},"author":2,"featured_media":636497,"comment_status":"closed","ping_status":"closed","sticky":false,"template":"","format":"standard","meta":{"om_disable_all_campaigns":false,"_monsterinsights_skip_tracking":false,"_monsterinsights_sitenote_active":false,"_monsterinsights_sitenote_note":"","_monsterinsights_sitenote_category":0},"categories":[1],"tags":[],"aioseo_notices":[],"gutentor_comment":0,"rttpg_featured_image_url":{"full":["https:\/\/arantv.az\/wp-content\/uploads\/2023\/09\/e3bc97212b44b1a19b675982a74d6d72.jpg",800,500,false],"landscape":["https:\/\/arantv.az\/wp-content\/uploads\/2023\/09\/e3bc97212b44b1a19b675982a74d6d72.jpg",800,500,false],"portraits":["https:\/\/arantv.az\/wp-content\/uploads\/2023\/09\/e3bc97212b44b1a19b675982a74d6d72.jpg",800,500,false],"thumbnail":["https:\/\/arantv.az\/wp-content\/uploads\/2023\/09\/e3bc97212b44b1a19b675982a74d6d72-500x280.jpg",500,280,true],"medium":["https:\/\/arantv.az\/wp-content\/uploads\/2023\/09\/e3bc97212b44b1a19b675982a74d6d72-584x365.jpg",584,365,true],"large":["https:\/\/arantv.az\/wp-content\/uploads\/2023\/09\/e3bc97212b44b1a19b675982a74d6d72.jpg",640,400,false],"1536x1536":["https:\/\/arantv.az\/wp-content\/uploads\/2023\/09\/e3bc97212b44b1a19b675982a74d6d72.jpg",800,500,false],"2048x2048":["https:\/\/arantv.az\/wp-content\/uploads\/2023\/09\/e3bc97212b44b1a19b675982a74d6d72.jpg",800,500,false],"post-thumbnail":["https:\/\/arantv.az\/wp-content\/uploads\/2023\/09\/e3bc97212b44b1a19b675982a74d6d72-240x172.jpg",240,172,true],"advps-thumb-one":["https:\/\/arantv.az\/wp-content\/uploads\/2023\/09\/e3bc97212b44b1a19b675982a74d6d72.jpg",800,500,false]},"rttpg_author":{"display_name":"V\u00fcsal Rafiqo\u011flu","author_link":"https:\/\/arantv.az\/?author=2"},"rttpg_comment":0,"rttpg_category":"<a href=\"https:\/\/arantv.az\/?cat=1\" rel=\"category\">C\u0259miyy\u0259t<\/a>","rttpg_excerpt":"D\u00f6vl\u0259t sonad\u0259k \u00e7al\u0131\u015fd\u0131 ki, n\u0259 bu lokal h\u0259rbi \u0259m\u0259liyyatlar olsun, n\u0259 d\u0259 itkil\u0259r, amma olmad\u0131, \u015f\u0259hidl\u0259rimiz \u00fc\u00e7\u00fcn \u00e7ox k\u0259d\u0259rliyik&#8230;; Bunu Qaraba\u011f\u0131n azadl\u0131\u011f\u0131 \u00fc\u00e7\u00fcn SON SAVA\u015e kimi qiym\u0259tl\u0259ndirm\u0259k daha m\u0259ntiqlidir&#8230; Bir g\u00f6z\u00fcm\u00fcz sevinirs\u0259, bir g\u00f6z\u00fcm\u00fczd\u0259 \u015f\u0259hidl\u0259rimiz \u00fc\u00e7\u00fcn d\u0259rin k\u0259d\u0259r var. Sevinirik ona g\u00f6r\u0259 ki, bu antiterror t\u0259dbirl\u0259ri \u0259slind\u0259, Qaraba\u011fdak\u0131 qalan \u0259razil\u0259rimiz\u0259, k\u0259ndl\u0259rimiz\u0259, q\u0259s\u0259b\u0259l\u0259rimiz\u0259 tam n\u0259zar\u0259t\u0259 imkan&hellip;","_links":{"self":[{"href":"https:\/\/arantv.az\/index.php?rest_route=\/wp\/v2\/posts\/636494"}],"collection":[{"href":"https:\/\/arantv.az\/index.php?rest_route=\/wp\/v2\/posts"}],"about":[{"href":"https:\/\/arantv.az\/index.php?rest_route=\/wp\/v2\/types\/post"}],"author":[{"embeddable":true,"href":"https:\/\/arantv.az\/index.php?rest_route=\/wp\/v2\/users\/2"}],"replies":[{"embeddable":true,"href":"https:\/\/arantv.az\/index.php?rest_route=%2Fwp%2Fv2%2Fcomments&post=636494"}],"version-history":[{"count":0,"href":"https:\/\/arantv.az\/index.php?rest_route=\/wp\/v2\/posts\/636494\/revisions"}],"wp:featuredmedia":[{"embeddable":true,"href":"https:\/\/arantv.az\/index.php?rest_route=\/wp\/v2\/media\/636497"}],"wp:attachment":[{"href":"https:\/\/arantv.az\/index.php?rest_route=%2Fwp%2Fv2%2Fmedia&parent=636494"}],"wp:term":[{"taxonomy":"category","embeddable":true,"href":"https:\/\/arantv.az\/index.php?rest_route=%2Fwp%2Fv2%2Fcategories&post=636494"},{"taxonomy":"post_tag","embeddable":true,"href":"https:\/\/arantv.az\/index.php?rest_route=%2Fwp%2Fv2%2Ftags&post=636494"}],"curies":[{"name":"wp","href":"https:\/\/api.w.org\/{rel}","templated":true}]}}