{"id":636560,"date":"2023-09-23T09:27:29","date_gmt":"2023-09-23T05:27:29","guid":{"rendered":"https:\/\/arantv.az\/?p=636560"},"modified":"2023-09-23T09:27:29","modified_gmt":"2023-09-23T05:27:29","slug":"ir%c9%99vanda-ara-qarisir-pasinyan-impicment-m%c9%99ng%c9%99n%c9%99sind%c9%99","status":"publish","type":"post","link":"https:\/\/arantv.az\/?p=636560","title":{"rendered":"\u0130r\u0259vanda ara qar\u0131\u015f\u0131r: Pa\u015finyan impi\u00e7ment m\u0259ng\u0259n\u0259sind\u0259"},"content":{"rendered":"<p><em><strong>Art\u0131q 3 g\u00fcnd\u00fcr ki, Erm\u0259nistan paytaxt\u0131nda m\u00fcxalif\u0259tin Pa\u015finyan hakimiyy\u0259tini devirm\u0259k m\u0259qs\u0259dil\u0259 t\u0259\u015fkil etdiyi k\u00fctl\u0259vi i\u011fti\u015fa\u015flar s\u0259ngim\u0259k bilmir<\/strong><\/em><\/p>\n<p>Bu g\u00fcn Erm\u0259nistanda s\u00f6z\u00fcn \u0259sl m\u0259nas\u0131nda anarxiya ya\u015fan\u0131r. \u0130\u015f\u011fal\u00e7\u0131 \u00f6lk\u0259d\u0259 insanlar\u0131, c\u0259miyy\u0259tin m\u00fcxt\u0259lif t\u0259b\u0259q\u0259l\u0259rini bir araya g\u0259tir\u0259c\u0259k yegan\u0259 \u00fcmummilli ideya b\u0259dnam \u201cmiatsum\u201d idi ki, art\u0131q o da pu\u00e7 olub. Nikol Pa\u015finyan iqtidar\u0131na m\u00fcxalif\u0259td\u0259 olan q\u00fcvv\u0259l\u0259r yaranm\u0131\u015f bo\u015fluqdan istifad\u0259 ed\u0259r\u0259k insanlar\u0131 asanl\u0131qla m\u00fcxt\u0259lif istiqam\u0259tl\u0259r\u0259 \u00e7\u0259kir, onlar\u0131 bir-biri v\u0259 yaxud hakimiyy\u0259tl\u0259 qar\u015f\u0131-qar\u015f\u0131ya qoyurlar.<\/p>\n<p>Az\u0259rbaycan\u0131n \u00f6z\u00fcn\u00fcn suverenliyini v\u0259 konstitusiya qurulu\u015funu b\u0259rpa etm\u0259k m\u0259qs\u0259dil\u0259 sentyabr\u0131n 19-da Qaraba\u011f b\u00f6lg\u0259sind\u0259\u00a0 ba\u015flad\u0131\u011f\u0131 v\u0259 c\u0259mi bir g\u00fcn \u0259rzind\u0259 u\u011furla tamamlad\u0131\u011f\u0131 lokal xarakterli antiterror t\u0259dbirl\u0259ri Erm\u0259nistanda Nikol Pa\u015finyan hakimiyy\u0259tin\u0259 m\u00fcxalif\u0259td\u0259 olan q\u00fcvv\u0259l\u0259rin daha da f\u0259alla\u015fmas\u0131 \u00fc\u00e7\u00fcn bir n\u00f6v g\u00f6yd\u0259n d\u00fc\u015fm\u0259 f\u00fcrs\u0259t olub. Ordumuz \u0259vv\u0259lki d\u00f6vrl\u0259rd\u0259 \u00f6z\u00fcn\u00fcn suveren \u0259razil\u0259rinin dig\u0259r hiss\u0259l\u0259rind\u0259 qanunsuz silahl\u0131 d\u0259st\u0259l\u0259r\u0259 qar\u015f\u0131 anti\u00adterror t\u0259dbirl\u0259ri ke\u00e7ir\u0259rk\u0259n Erm\u0259nista\u00adn\u0131n ba\u015f naziri \u00f6z\u00fcn\u00fc oda-k\u00f6z\u0259 vurur, d\u00fcnyan\u0131n b\u00f6y\u00fck d\u00f6vl\u0259tl\u0259rinin r\u0259hb\u0259r \u015f\u0259xsl\u0259rin\u0259 z\u0259ngl\u0259r edir, haray-h\u0259\u015fir sal\u0131r, nec\u0259 dey\u0259rl\u0259r, da\u015f at\u0131b ba\u015f\u0131n\u0131 tuturdu. Bu d\u0259f\u0259 is\u0259 biz bunun \u015fahidi olmad\u0131q. \u018flb\u0259tt\u0259, normalda el\u0259 bu c\u00fcr d\u0259 m\u00f6vqe s\u0259rgil\u0259nm\u0259li idi. \u00c7\u00fcnki Qaraba\u011f Az\u0259rbaycan\u0131n suveren \u0259razisidir v\u0259 burada ba\u015f ver\u0259nl\u0259r \u00f6lk\u0259mizin daxili i\u015fi\u00addir.<\/p>\n<p>Xat\u0131rladaq ki, t\u0259dbirl\u0259r n\u0259tic\u0259sind\u0259 Qaraba\u011fdak\u0131 silahl\u0131lar t\u0259slim olublar. Bu is\u0259 Erm\u0259nistandak\u0131 siyasi-ictimai v\u0259ziyy\u0259ti daha da g\u0259rginl\u0259\u015fdirib. Erm\u0259nistan\u0131n m\u00fcxalif\u0259t partiyalar\u0131 xalq\u0131 meydanlara \u00e7\u0131xma\u011fa s\u0259sl\u0259yib. Onlar ba\u015f nazir Nikol Pa\u015finyan\u0131n istefas\u0131n\u0131 t\u0259l\u0259b edirl\u0259r. aksiya i\u015ftirak\u00e7\u0131lar\u0131 paytaxtda bir ne\u00e7\u0259 k\u00fc\u00e7\u0259ni ba\u011flay\u0131b.\u00a0Aksiya ke\u00e7iril\u0259n \u0259razil\u0259r\u0259 \u00e7ox sayda polis c\u0259lb olunub. H\u00f6kum\u0259t binas\u0131n\u0131n qar\u015f\u0131s\u0131nda is\u0259 canl\u0131 s\u0259dd qurulub. \u0130r\u0259van polisi aksiya i\u015ftirak\u00e7\u0131lar\u0131n\u0131 saxlama\u011fa davam edir.<\/p>\n<p>Veril\u0259n m\u0259lumata g\u00f6r\u0259, 20 sentyabr tarixind\u0259 h\u00f6kum\u0259t binas\u0131 yax\u0131nl\u0131\u011f\u0131nda etiraz aksiyalar\u0131 fonunda Pa\u015finyan t\u0259r\u0259fda\u015flar\u0131 il\u0259 g\u00f6r\u00fc\u015f\u00fcb onlara istefa verm\u0259y\u0259c\u0259yini v\u0259 n\u0259yin bahas\u0131na olursa-olsun hakimiyy\u0259ti saxlayaca\u011f\u0131n\u0131 b\u0259yan edib. Ba\u015f nazirin bu a\u00e7\u0131qlamas\u0131ndan sonra meydandak\u0131 t\u0259hl\u00fck\u0259sizlik q\u00fcvv\u0259l\u0259ri etiraz\u00e7\u0131lara qar\u015f\u0131 daha s\u0259rt t\u0259dbirl\u0259r\u0259 ke\u00e7ibl\u0259r.<\/p>\n<p>Nikol Pa\u015finyanla haqq-hesab \u00e7\u0259km\u0259kd\u0259n \u00f6tr\u00fc h\u0259r \u015feyi etm\u0259y\u0259 haz\u0131r olan sabiq prezidentl\u0259r Serjik Sarkisyan, Robert Ko\u00e7aryan v\u0259 onlara ba\u011fl\u0131 olan q\u00fcvv\u0259l\u0259r yaranm\u0131\u015f v\u0259ziyy\u0259ti qisas almaq v\u0259 indiki hakimiyy\u0259ti \u0259v\u0259zl\u0259m\u0259k \u00fc\u00e7\u00fcn \u0259n uy\u011fun m\u0259qam kimi d\u0259y\u0259rl\u0259ndirirl\u0259r. \u0130r\u0259van k\u00fc\u00e7\u0259l\u0259rind\u0259, \u201cRespublika\u201d meydan\u0131nda sentyabr\u0131n 19-dan ba\u015flayan etiraz mitinql\u0259ri s\u0259ngim\u0259k bilmir. Aksiyalar\u0131n i\u015ftirak\u00e7\u0131lar\u0131 ba\u015f nazir Pa\u015finyan \u0259leyhin\u0259 \u015f\u00fcarlar s\u0259sl\u0259ndirirl\u0259r. Birl\u0259\u015fmi\u015f Erm\u0259nistan m\u00fcxalif\u0259ti Milli Komit\u0259 yaratd\u0131\u011f\u0131n\u0131 b\u0259yan edib. Bu komit\u0259 ba\u015f nazir N. Pa\u015finyan\u0131n hakimiyy\u0259td\u0259n uzaqla\u015fd\u0131r\u0131lmas\u0131 mexanizmini haz\u0131rlamal\u0131d\u0131r. Erm\u0259nistan parlamentinin ke\u00e7mi\u015f vitse-spikeri, \u201cDa\u015fnaks\u00fctyun\u201d partiyas\u0131n\u0131n s\u0259dri \u0130\u015fxan Saqatelyan qeyd edib ki, parlament \u00e7oxlu\u011fu N.Pa\u015finyan\u0131n impi\u00e7menti m\u0259s\u0259l\u0259sini qald\u0131r\u0131b.<\/p>\n<p>Erm\u0259nistan\u0131n internet resurslar\u0131nda yay\u0131lan x\u0259b\u0259rl\u0259r\u0259 g\u00f6r\u0259, \u0130r\u0259vanda aksiya ke\u00e7ir\u0259n insanlar Nazirl\u0259r Kabinetinin qar\u015f\u0131s\u0131na topla\u015f\u0131blar. Etiraz\u00e7\u0131lar h\u00f6kum\u0259t \u0259leyhin\u0259 \u015f\u00fcarlar s\u0259sl\u0259ndir\u0259r\u0259k bildirirl\u0259r ki, m\u0259hz N. Pa\u015finyan\u0131n y\u00fcr\u00fctd\u00fcy\u00fc yanl\u0131\u015f siyas\u0259t n\u0259tic\u0259sind\u0259 Erm\u0259nistan t\u0259crid olunmu\u015f v\u0259ziyy\u0259t\u0259 d\u00fc\u015f\u00fcb.<\/p>\n<p>H\u00f6kum\u0259t binas\u0131n\u0131 m\u00fchasir\u0259y\u0259 alan, k\u00fc\u00e7\u0259l\u0259rd\u0259 gedi\u015f-g\u0259li\u015fi iflic v\u0259ziyy\u0259t\u0259 salan etiraz\u00e7\u0131lar, h\u0259m\u00e7inin Rusiyan\u0131n Erm\u0259nistandak\u0131 s\u0259firliyinin qar\u015f\u0131s\u0131nda etiraz aksiyalar\u0131 ke\u00e7iribl\u0259r. Bir qrup q\u0259z\u0259bli k\u00fctl\u0259 s\u0259firliyin ba\u011flan\u0131lmas\u0131n\u0131 t\u0259l\u0259b edib. Eiraz\u00e7\u0131lar\u00a0\u00a0 \u201cRusiya d\u00fc\u015fm\u0259ndir!\u201d, \u201cNikol satq\u0131nd\u0131r!\u201d \u015f\u00fcarlar\u0131 s\u0259sl\u0259ndiribl\u0259r.<\/p>\n<p>Ba\u015f nazir Nikol Pa\u015finyan is\u0259 Erm\u0259nistanda \u0259halini \u201cv\u0259ziyy\u0259t\u0259 ay\u0131q yana\u015fma\u011fa, soyuqqanl\u0131l\u0131\u011f\u0131 qoruma\u011fa, b\u0259zi q\u00fcvv\u0259l\u0259rin Erm\u0259nistan d\u00f6vl\u0259t\u00e7iliyin\u0259 z\u0259rb\u0259 vurmas\u0131na imkan verm\u0259m\u0259k \u00fc\u00e7\u00fcn t\u0259xribatlara boyun \u0259ym\u0259m\u0259y\u0259\u201d \u00e7a\u011f\u0131r\u0131b. \u201cBiz imkan verm\u0259m\u0259liyik ki, kiml\u0259rs\u0259 Erm\u0259nistan\u0131n d\u00f6vl\u0259t\u00e7iliyin\u0259 z\u0259rb\u0259 vursunlar. G\u00f6zl\u0259nildiyi kimi, art\u0131q Erm\u0259nistanda d\u00f6vl\u0259t \u00e7evrili\u015fin\u0259 \u00e7a\u011f\u0131r\u0131\u015flar m\u00fcxt\u0259lif yerl\u0259rd\u0259n e\u015fidilir. B\u00fct\u00fcn bunlara d\u00f6vl\u0259tin qanunvericiliyi \u0259sas\u0131nda cavab verilm\u0259lidir. Lakin t\u0259bii ki, bu v\u0259ziyy\u0259td\u0259 \u00e7ox \u015fey Erm\u0259nistan v\u0259t\u0259nda\u015flar\u0131ndan, xalq\u0131ndan as\u0131l\u0131d\u0131r ki, m\u0259nim q\u0259na\u0259tim\u0259 g\u00f6r\u0259, onlar n\u0259 q\u0259d\u0259r \u00e7\u0259tin olsa da, yaranm\u0131\u015f v\u0259ziyy\u0259td\u0259 ay\u0131q v\u0259 soyuqqanl\u0131 davranmal\u0131d\u0131rlar. V\u0259ziyy\u0259t h\u0259r k\u0259s \u00fc\u00e7\u00fcn n\u0259 q\u0259d\u0259r \u00e7\u0259tindirs\u0259, m\u0259nim v\u0259 b\u00fct\u00fcn \u00f6lk\u0259 r\u0259hb\u0259rliyi \u00fc\u00e7\u00fcn bir o q\u0259d\u0259r \u00e7\u0259tindir. Amma biz indiki m\u0259qamda k\u0259skin, avant\u00fcrist h\u0259r\u0259k\u0259tl\u0259r etm\u0259m\u0259liyik\u201d, &#8211; dey\u0259 Pa\u015finyan s\u00f6yl\u0259yib.<\/p>\n<p>Erm\u0259nistan\u0131n ba\u015f naziri \u0259lav\u0259 edib ki, o, m\u00fc\u0259yy\u0259n informasiya \u00e7at\u0131\u015fmazl\u0131\u011f\u0131n\u0131n m\u00f6vcudlu\u011funu ba\u015fa d\u00fc\u015f\u00fcr. O deyib ki, v\u0259ziyy\u0259t\u0259 uy\u011fun olaraq laz\u0131mi t\u0259dbirl\u0259r g\u00f6r\u00fcl\u0259c\u0259k. Pa\u015finyan v\u0259t\u0259nda\u015flar\u0131\u00a0 t\u0259xribatlara boyun \u0259ym\u0259m\u0259y\u0259, sakit olma\u011fa \u00e7a\u011f\u0131r\u0131b: \u201c\u00d6lk\u0259d\u0259 h\u00fcquq sistemi tam qaydas\u0131nda f\u0259aliyy\u0259t g\u00f6st\u0259rir v\u0259 sabitlik qorunur. Ham\u0131 ba\u015fa d\u00fc\u015f\u00fcr ki, qanunun aliliyini v\u0259 sabitliyi pozmaq Erm\u0259nistan \u0259leyhin\u0259 h\u0259r\u0259k\u0259t ed\u0259n v\u0259 h\u0259r\u0259k\u0259t etm\u0259k niyy\u0259tind\u0259 olan q\u00fcvv\u0259l\u0259rin qar\u015f\u0131s\u0131na qoydu\u011fu m\u0259qs\u0259ddir\u201d.<\/p>\n<p>Qeyd ed\u0259k ki, m\u00fcxalif\u0259t N.Pa\u015finyan\u0131n m\u0259hz Almat\u0131 B\u0259yannam\u0259sin\u0259 istinad\u0259n Az\u0259rbaycan\u0131n Qaraba\u011f da daxil olmaqla \u0259razi b\u00fct\u00f6vl\u00fcy\u00fcn\u00fc tan\u0131mas\u0131n\u0131 v\u0259 s\u00fclh sazi\u015fini m\u0259hz bu s\u0259n\u0259d\u0259 istinad etm\u0259kl\u0259 imzalama\u011fa haz\u0131r oldu\u011funu bildirm\u0259sini b\u00f6y\u00fck yanl\u0131\u015fl\u0131q kimi d\u0259y\u0259rl\u0259ndirir. M\u00fcxalif\u0259t t\u0259msil\u00e7il\u0259ri iddia edirl\u0259r ki, bununla N.Pa\u015finyan \u201cQaraba\u011f\u0131n itirilm\u0259sin\u0259\u201d\u00a0 h\u00fcquqi \u0259saslar yarad\u0131b.<\/p>\n<p>\u201cBu g\u00fcn biz \u00e7\u0259tin d\u00f6vrl\u0259rd\u0259n ke\u00e7irik, amma ba\u015fa d\u00fc\u015fm\u0259k vacibdir ki, niy\u0259 bu yolu ke\u00e7m\u0259liyik. S\u00fclh laz\u0131md\u0131r. Bu, t\u0259hl\u00fck\u0259sizliyi, m\u00fcst\u0259qilliyi, suverenliyi t\u0259min ed\u0259n amildir. \u00c7oxlar\u0131 hesab edir ki, bu g\u0259rgin regional v\u0259ziyy\u0259td\u0259 s\u00fclhd\u0259n dan\u0131\u015fmaq m\u00fcmk\u00fcn deyil, lakin m\u0259hz bu \u015f\u0259raitd\u0259 s\u00fclhd\u0259n dan\u0131\u015fmaq laz\u0131md\u0131r v\u0259 bunu at\u0259\u015fk\u0259sl\u0259 qar\u0131\u015fd\u0131rmaq olmaz. Bu \u00e7\u0259tin yol daxili v\u0259 xarici sars\u0131nt\u0131lardan ke\u00e7ir v\u0259 biz d\u00f6vl\u0259t\u00e7ilik, m\u00fcst\u0259qillik, g\u0259l\u0259c\u0259k namin\u0259 bu yolu ke\u00e7m\u0259liyik\u201d.<\/p>\n<p>Bu fikirl\u0259ri is\u0259 Nikol Pa\u015finyan xalqa m\u00fcraci\u0259tind\u0259 ifad\u0259 edib. O vur\u011fulay\u0131b ki, 1991-ci ild\u0259 respublikan\u0131n SSR\u0130-d\u0259n ayr\u0131lmas\u0131 il\u0259 ba\u011fl\u0131 Almat\u0131 B\u0259yannam\u0259si Erm\u0259nistan\u0131n m\u00fcst\u0259qilliyinin \u0259sas amill\u0259rind\u0259n biridir.<\/p>\n<p>G\u00f6r\u00fcn\u0259n odur ki, son g\u00fcnl\u0259r Erm\u0259nistan \u0259m\u0259lli-ba\u015fl\u0131 ara qar\u0131\u015f\u0131b, m\u0259zh\u0259b itib. Maraql\u0131d\u0131r, g\u00f6r\u0259s\u0259n Pa\u015finyan etiraz alovunu s\u00f6nd\u00fcr\u0259 bil\u0259c\u0259k, yoxsa daha da k\u00f6r\u00fckl\u0259y\u0259c\u0259k? H\u0259r halda ya\u015f\u0131yar\u0131q g\u00f6r\u0259rik\u2026<\/p>\n","protected":false},"excerpt":{"rendered":"<p>Art\u0131q 3 g\u00fcnd\u00fcr ki, Erm\u0259nistan paytaxt\u0131nda m\u00fcxalif\u0259tin Pa\u015finyan hakimiyy\u0259tini devirm\u0259k m\u0259qs\u0259dil\u0259 t\u0259\u015fkil etdiyi k\u00fctl\u0259vi i\u011fti\u015fa\u015flar s\u0259ngim\u0259k bilmir Bu g\u00fcn Erm\u0259nistanda s\u00f6z\u00fcn \u0259sl m\u0259nas\u0131nda anarxiya ya\u015fan\u0131r. \u0130\u015f\u011fal\u00e7\u0131 \u00f6lk\u0259d\u0259 insanlar\u0131, c\u0259miyy\u0259tin m\u00fcxt\u0259lif t\u0259b\u0259q\u0259l\u0259rini bir araya g\u0259tir\u0259c\u0259k yegan\u0259 \u00fcmummilli ideya b\u0259dnam \u201cmiatsum\u201d idi ki, art\u0131q o da pu\u00e7 olub. Nikol Pa\u015finyan iqtidar\u0131na m\u00fcxalif\u0259td\u0259 olan q\u00fcvv\u0259l\u0259r yaranm\u0131\u015f bo\u015fluqdan istifad\u0259 ed\u0259r\u0259k insanlar\u0131 asanl\u0131qla m\u00fcxt\u0259lif istiqam\u0259tl\u0259r\u0259 \u00e7\u0259kir, onlar\u0131 bir-biri v\u0259 yaxud hakimiyy\u0259tl\u0259 qar\u015f\u0131-qar\u015f\u0131ya qoyurlar. Az\u0259rbaycan\u0131n \u00f6z\u00fcn\u00fcn suverenliyini v\u0259 konstitusiya qurulu\u015funu b\u0259rpa etm\u0259k m\u0259qs\u0259dil\u0259 sentyabr\u0131n 19-da Qaraba\u011f b\u00f6lg\u0259sind\u0259\u00a0 ba\u015flad\u0131\u011f\u0131 v\u0259 c\u0259mi bir g\u00fcn \u0259rzind\u0259 u\u011furla tamamlad\u0131\u011f\u0131 lokal&hellip;<\/p>\n","protected":false},"author":2,"featured_media":636564,"comment_status":"closed","ping_status":"closed","sticky":false,"template":"","format":"standard","meta":{"om_disable_all_campaigns":false,"_monsterinsights_skip_tracking":false,"_monsterinsights_sitenote_active":false,"_monsterinsights_sitenote_note":"","_monsterinsights_sitenote_category":0},"categories":[19],"tags":[],"aioseo_notices":[],"gutentor_comment":0,"rttpg_featured_image_url":{"full":["https:\/\/arantv.az\/wp-content\/uploads\/2023\/09\/c54d2118160862718767954037510194726.jpg",975,540,false],"landscape":["https:\/\/arantv.az\/wp-content\/uploads\/2023\/09\/c54d2118160862718767954037510194726.jpg",975,540,false],"portraits":["https:\/\/arantv.az\/wp-content\/uploads\/2023\/09\/c54d2118160862718767954037510194726.jpg",975,540,false],"thumbnail":["https:\/\/arantv.az\/wp-content\/uploads\/2023\/09\/c54d2118160862718767954037510194726-500x280.jpg",500,280,true],"medium":["https:\/\/arantv.az\/wp-content\/uploads\/2023\/09\/c54d2118160862718767954037510194726-660x365.jpg",660,365,true],"large":["https:\/\/arantv.az\/wp-content\/uploads\/2023\/09\/c54d2118160862718767954037510194726-840x465.jpg",640,354,true],"1536x1536":["https:\/\/arantv.az\/wp-content\/uploads\/2023\/09\/c54d2118160862718767954037510194726.jpg",975,540,false],"2048x2048":["https:\/\/arantv.az\/wp-content\/uploads\/2023\/09\/c54d2118160862718767954037510194726.jpg",975,540,false],"post-thumbnail":["https:\/\/arantv.az\/wp-content\/uploads\/2023\/09\/c54d2118160862718767954037510194726-240x172.jpg",240,172,true],"advps-thumb-one":["https:\/\/arantv.az\/wp-content\/uploads\/2023\/09\/c54d2118160862718767954037510194726.jpg",975,540,false]},"rttpg_author":{"display_name":"V\u00fcsal Rafiqo\u011flu","author_link":"https:\/\/arantv.az\/?author=2"},"rttpg_comment":0,"rttpg_category":"<a href=\"https:\/\/arantv.az\/?cat=19\" rel=\"category\">G\u00fcnd\u0259m<\/a>","rttpg_excerpt":"Art\u0131q 3 g\u00fcnd\u00fcr ki, Erm\u0259nistan paytaxt\u0131nda m\u00fcxalif\u0259tin Pa\u015finyan hakimiyy\u0259tini devirm\u0259k m\u0259qs\u0259dil\u0259 t\u0259\u015fkil etdiyi k\u00fctl\u0259vi i\u011fti\u015fa\u015flar s\u0259ngim\u0259k bilmir Bu g\u00fcn Erm\u0259nistanda s\u00f6z\u00fcn \u0259sl m\u0259nas\u0131nda anarxiya ya\u015fan\u0131r. \u0130\u015f\u011fal\u00e7\u0131 \u00f6lk\u0259d\u0259 insanlar\u0131, c\u0259miyy\u0259tin m\u00fcxt\u0259lif t\u0259b\u0259q\u0259l\u0259rini bir araya g\u0259tir\u0259c\u0259k yegan\u0259 \u00fcmummilli ideya b\u0259dnam \u201cmiatsum\u201d idi ki, art\u0131q o da pu\u00e7 olub. Nikol Pa\u015finyan iqtidar\u0131na m\u00fcxalif\u0259td\u0259 olan q\u00fcvv\u0259l\u0259r yaranm\u0131\u015f bo\u015fluqdan istifad\u0259&hellip;","_links":{"self":[{"href":"https:\/\/arantv.az\/index.php?rest_route=\/wp\/v2\/posts\/636560"}],"collection":[{"href":"https:\/\/arantv.az\/index.php?rest_route=\/wp\/v2\/posts"}],"about":[{"href":"https:\/\/arantv.az\/index.php?rest_route=\/wp\/v2\/types\/post"}],"author":[{"embeddable":true,"href":"https:\/\/arantv.az\/index.php?rest_route=\/wp\/v2\/users\/2"}],"replies":[{"embeddable":true,"href":"https:\/\/arantv.az\/index.php?rest_route=%2Fwp%2Fv2%2Fcomments&post=636560"}],"version-history":[{"count":0,"href":"https:\/\/arantv.az\/index.php?rest_route=\/wp\/v2\/posts\/636560\/revisions"}],"wp:featuredmedia":[{"embeddable":true,"href":"https:\/\/arantv.az\/index.php?rest_route=\/wp\/v2\/media\/636564"}],"wp:attachment":[{"href":"https:\/\/arantv.az\/index.php?rest_route=%2Fwp%2Fv2%2Fmedia&parent=636560"}],"wp:term":[{"taxonomy":"category","embeddable":true,"href":"https:\/\/arantv.az\/index.php?rest_route=%2Fwp%2Fv2%2Fcategories&post=636560"},{"taxonomy":"post_tag","embeddable":true,"href":"https:\/\/arantv.az\/index.php?rest_route=%2Fwp%2Fv2%2Ftags&post=636560"}],"curies":[{"name":"wp","href":"https:\/\/api.w.org\/{rel}","templated":true}]}}