{"id":636563,"date":"2023-09-23T09:28:02","date_gmt":"2023-09-23T05:28:02","guid":{"rendered":"https:\/\/arantv.az\/?p=636563"},"modified":"2023-09-23T09:28:02","modified_gmt":"2023-09-23T05:28:02","slug":"24-saatliq-lokal-antiterror-t%c9%99dbirl%c9%99ri-dunya-m%c9%99tbuatinda","status":"publish","type":"post","link":"https:\/\/arantv.az\/?p=636563","title":{"rendered":"24 saatl\u0131q lokal antiterror t\u0259dbirl\u0259ri d\u00fcnya m\u0259tbuat\u0131nda"},"content":{"rendered":"<p>Erm\u0259nistan\u0131n Az\u0259rbaycan\u0131n Qaraba\u011f b\u00f6lg\u0259sind\u0259 inadkarl\u0131qla saxlad\u0131\u011f\u0131 terror\u00e7u qrupla\u015fmaya qar\u015f\u0131 ke\u00e7iril\u0259n lokal xarakterli antiterror t\u0259dbirl\u0259ri d\u00fcnya m\u0259tbuat\u0131n\u0131n diqq\u0259tini c\u0259lb edib.<\/p>\n<p>Az\u0259rbaycan \u0259leyhin\u0259 d\u0259f\u0259l\u0259rl\u0259 q\u0259r\u0259zli m\u00f6vqe n\u00fcmayi\u015f etdir\u0259n \u201cLe Monde\u201d q\u0259zeti erm\u0259ni separat\u00e7\u0131lar\u0131n silah\u0131 yer\u0259 qoymas\u0131ndan sonra Az\u0259rbaycan\u0131n Qaraba\u011fda n\u0259zar\u0259ti tam b\u0259rpa etdiyini qeyd edib. &#8220;Le Monde&#8221; Prezident \u0130lham \u018fliyevin b\u00f6y\u00fck bir z\u0259f\u0259r qazand\u0131\u011f\u0131n\u0131 vur\u011fulay\u0131b.<\/p>\n<p>&#8220;France 24&#8221; kanal\u0131 is\u0259 Az\u0259rbaycan\u0131n 24 saat \u0259rzind\u0259 qazand\u0131\u011f\u0131 q\u0259l\u0259b\u0259d\u0259n sonra \u201cErm\u0259nistan\u0131n ba\u015f naziri Nikol Pa\u015finyan d\u0259yi\u015fiklik v\u0259di il\u0259 hakimiyy\u0259t\u0259 g\u0259ls\u0259 d\u0259, t\u0259hqiredici h\u0259rbi m\u0259\u011flubiyy\u0259t v\u0259 Qaraba\u011fdak\u0131 dramatik g\u0259rginlik bu zavall\u0131 \u00f6lk\u0259nin etibar\u0131n\u0131 z\u0259d\u0259l\u0259yib\u201d ifad\u0259si il\u0259 \u00f6z m\u00f6vqeyini bel\u0259 bildirib.<\/p>\n<p>AB\u015e-in n\u00fcfuzlu \u201cPolitico\u201d n\u0259\u015fri Az\u0259rbaycan\u0131n antiterror t\u0259dbiri il\u0259 bir g\u00fcnd\u0259 \u0259ld\u0259 etdiyi u\u011furu \u201cAz\u0259rbaycan Qaraba\u011fdak\u0131 ild\u0131r\u0131m h\u0259r\u0259kat\u0131nda z\u0259f\u0259r elan etdi\u201d ba\u015fl\u0131\u011f\u0131 il\u0259 yay\u0131mlay\u0131b. N\u0259\u015fr dig\u0259r x\u0259b\u0259rind\u0259 is\u0259 Qaraba\u011fda ikinci u\u011fursuzlu\u011fun s\u0259b\u0259bini erm\u0259nil\u0259rin Nikol \u00a0Pa\u015finyana qar\u015f\u0131 nifr\u0259tinin a\u015f\u0131b-da\u015fmas\u0131 il\u0259 izah edib. Bu \u00f6lk\u0259nin \u201cABC News\u201d kanal\u0131 is\u0259 \u201c35 il davam ed\u0259n toqqu\u015fma n\u0259hay\u0259t Az\u0259rbaycan\u0131n lehin\u0259 n\u0259tic\u0259l\u0259nmi\u015f kimi g\u00f6r\u00fcn\u00fcr\u201d x\u0259b\u0259rini tirajlay\u0131b.<\/p>\n<p>Ba\u015fqa bir n\u0259\u015fr- \u0130ngilt\u0259r\u0259nin \u201cThe Telegraph\u201d n\u0259\u015fri Az\u0259rbaycan\u0131n Z\u0259f\u0259rinin Erm\u0259nistan\u0131 Q\u0259rb m\u00fctt\u0259fiql\u0259rin\u0259 t\u0259r\u0259f it\u0259l\u0259diyini bildirib.<\/p>\n<p>Az\u0259rbaycan Prezidenti \u0130lham \u018fliyevin sentyabr\u0131n 20-d\u0259 xalqa m\u00fcraci\u0259ti d\u0259 d\u00fcnyan\u0131n bir s\u0131ra \u00f6lk\u0259l\u0259rinin m\u0259tbuat\u0131nda geni\u015f i\u015f\u0131qland\u0131r\u0131l\u0131b.<\/p>\n<p>Qarda\u015f T\u00fcrkiy\u0259nin n\u00fcfuzlu \u201cA Haber\u201d, \u201cTRT Haber\u201d, \u201cCNN T\u00fcrk\u201d, \u201cTV 100\u201d kanallar\u0131nda, \u201cYeni \u015eafak\u201d, \u201cTakvim\u201d, \u201cBeyaz qazete\u201d, \u201cStar\u201d, \u201cYeni \u00e7a\u011f\u201d, \u201cHaber vitrini\u201d q\u0259zetl\u0259rind\u0259, \u201cEnsonhaber.com\u201d v\u0259 dig\u0259r elektron n\u0259\u015frl\u0259rind\u0259 d\u00f6vl\u0259timizin ba\u015f\u00e7\u0131s\u0131n\u0131n m\u00fcraci\u0259tind\u0259 s\u0259sl\u0259ndirdiyi fikirl\u0259r oxucular\u0131n diqq\u0259tin\u0259 \u00e7atd\u0131r\u0131l\u0131b. H\u0259min x\u0259b\u0259rl\u0259rd\u0259 Prezident \u0130lham \u018fliyevin Erm\u0259nistan silahl\u0131 q\u00fcvv\u0259l\u0259rinin qanunsuz birl\u0259\u015fm\u0259l\u0259ri t\u0259r\u0259find\u0259n Az\u0259rbaycana qar\u015f\u0131 t\u00f6r\u0259dilmi\u015f terror aktlar\u0131 v\u0259 t\u0259xribatlar, el\u0259c\u0259 d\u0259 mina terroru n\u0259tic\u0259sind\u0259 h\u0259rbi qulluq\u00e7ular\u0131n v\u0259 m\u00fclki \u015f\u0259xsl\u0259rin h\u0259lak olmas\u0131 pisl\u0259nilib.<\/p>\n<p>Prezident \u0130lham \u018fliyevin xalqa m\u00fcraci\u0259tind\u0259 Az\u0259rbaycan\u0131n Erm\u0259nistana laz\u0131mi cavab verm\u0259si bar\u0259d\u0259 fikri x\u00fcsusi vur\u011fulan\u0131b. D\u00f6vl\u0259timizin ba\u015f\u00e7\u0131s\u0131n\u0131n \u00e7\u0131x\u0131\u015f\u0131nda Az\u0259rbaycan Ordusunun y\u00fcks\u0259k pe\u015f\u0259karl\u0131q g\u00f6st\u0259r\u0259r\u0259k yaln\u0131z h\u0259rbi h\u0259d\u0259fl\u0259r\u0259 z\u0259rb\u0259l\u0259r endirdiyi, m\u00fclki infrastrukturu v\u0259 m\u00fclki \u015f\u0259xsl\u0259ri h\u0259d\u0259f\u0259 almad\u0131\u011f\u0131n\u0131 qeyd etdiyi bildirilib, Az\u0259rbaycan Prezidentinin \u201cOrdumuzun, b\u00fct\u00fcn Silahl\u0131 Q\u00fcvv\u0259l\u0259rimizin pe\u015f\u0259karl\u0131\u011f\u0131, texniki imkanlar\u0131 biz\u0259 bu v\u0259zif\u0259ni \u015f\u0259r\u0259fl\u0259 yerin\u0259 yetirm\u0259y\u0259 \u015f\u0259rait yaratm\u0131\u015fd\u0131r\u201d fikri diqq\u0259t\u0259 \u00e7atd\u0131r\u0131l\u0131b.<\/p>\n<p>D\u00fcnyan\u0131n bir \u00e7ox n\u0259\u015frl\u0259ri d\u0259 s\u00f6z\u00fcged\u0259n m\u00f6vzuya h\u0259sr etdikl\u0259ri m\u0259qal\u0259l\u0259rd\u0259\u00a0 Az\u0259rbaycan\u0131n haql\u0131 v\u0259 \u0259dal\u0259tli m\u00f6vqeyini t\u0259qdir edibl\u0259r.<\/p>\n<p>N\u00fcfuzlu televiziya kanallar\u0131 da antiterror \u0259m\u0259liyyat\u0131 il\u0259 ba\u011fl\u0131 s\u00fcjetl\u0259r v\u0259 verili\u015fl\u0259r yay\u0131mlay\u0131blar. Q\u0259t\u0259rin \u201c\u018fl-C\u0259zir\u0259\u201d kanal\u0131 Qaraba\u011fda b\u00f6y\u00fck m\u0259\u011flubiyy\u0259t\u0259 u\u011frayan ba\u015f nazir Nikol Pa\u015finyan\u0131n istefas\u0131n\u0131 ist\u0259y\u0259n minl\u0259rl\u0259 ir\u0259vanl\u0131n\u0131n m\u0259rk\u0259zi meydana y\u0131\u011f\u0131\u015fd\u0131\u011f\u0131n\u0131 \u0259ks etdirib.<\/p>\n<p>S\u0259udiyy\u0259 \u018fr\u0259bistan\u0131n\u0131n \u201cAl -Arabiya\u201d kanal\u0131 z\u0259f\u0259rd\u0259n sonra Az\u0259rbaycan Prezidenti \u0130lham \u018fliyevin a\u00e7\u0131qlamas\u0131n\u0131 \u00f6n plana \u00e7\u0131xararaq man\u015fet\u0259 \u201cAz\u0259rbaycan lideri Qaraba\u011fda lokal antiterror t\u0259dbirl\u0259rinin suverenliyi yenid\u0259n b\u0259rpa etdiyini bildirdi\u201d x\u0259b\u0259rini \u00e7\u0131xar\u0131b.<\/p>\n<p>H\u0259r d\u0259f\u0259 erm\u0259nil\u0259ri d\u0259st\u0259kl\u0259y\u0259n \u201cHindistan Times\u201d is\u0259 \u201cAz\u0259rbaycan Qaraba\u011fdak\u0131 separat\u00e7\u0131lar\u0131n t\u0259slim olmas\u0131ndan sonra z\u0259f\u0259r elan etdi\u201d tipli x\u0259b\u0259r yay\u0131mlay\u0131b. Hindistan\u0131n &#8220;NDTV&#8221; kanal\u0131 da yayd\u0131\u011f\u0131 x\u0259b\u0259rd\u0259 qeyd edib ki, erm\u0259ni terror\u00e7ular\u0131n\u0131n silah\u0131 yer\u0259 qoymaq q\u0259rar\u0131 separat\u00e7\u0131 m\u00fcqavim\u0259tin h\u0259zin sonudur. Bu is\u0259 Prezident \u0130lham \u018fliyevin Qaraba\u011fa n\u0259zar\u0259ti b\u0259rpa etm\u0259si il\u0259 b\u00f6y\u00fck bir z\u0259f\u0259ri t\u0259msil edir.<\/p>\n<p>Sad\u0259c\u0259 bu misallar\u0131 \u00e7\u0259km\u0259kd\u0259 m\u0259qs\u0259dimiz odur ki, art\u0131q b\u00fct\u00fcn d\u00fcnya Az\u0259rbaycan\u0131n haql\u0131 oldu\u011funu q\u0259bul edib. Bu, Az\u0259rbaycan r\u0259hb\u0259rinin, onun diplomatiyas\u0131n\u0131n, xarici siyas\u0259t kursunun s\u0259rrastl\u0131\u011f\u0131 v\u0259 pe\u015f\u0259karl\u0131\u011f\u0131 say\u0259sind\u0259 m\u00fcmk\u00fcn olub. H\u0259m d\u0259 t\u0259kc\u0259 bunlar deyil, ba\u015fqa bir \u00e7ox amill\u0259r d\u0259 var ki, onlar bar\u0259d\u0259 n\u00f6vb\u0259ti yaz\u0131lar\u0131m\u0131zda \u0259trafl\u0131 s\u00f6hb\u0259t a\u00e7aca\u011f\u0131q. Qeyd edilm\u0259li \u0259n \u0259sas m\u0259s\u0259l\u0259 odur ki, Az\u0259rbaycan Erm\u0259nistan v\u0259 onun havadarlar\u0131 t\u0259r\u0259find\u0259n zorla c\u0259lb edildiyi m\u00fcharib\u0259l\u0259rd\u0259n qalib kimi \u00e7\u0131xd\u0131. Otuz be\u015f illik m\u00fcnaqi\u015f\u0259d\u0259n q\u0259l\u0259b\u0259 il\u0259 \u00e7\u0131xan Az\u0259rbaycan\u0131n bu Z\u0259f\u0259ri tarixd\u0259 y\u00fcz ill\u0259rl\u0259 ya\u015fayacaq, xalq\u0131m\u0131z h\u0259r zaman bununla q\u00fcrur duyacaq, f\u0259xr ed\u0259c\u0259kdir.<\/p>\n","protected":false},"excerpt":{"rendered":"<p>Erm\u0259nistan\u0131n Az\u0259rbaycan\u0131n Qaraba\u011f b\u00f6lg\u0259sind\u0259 inadkarl\u0131qla saxlad\u0131\u011f\u0131 terror\u00e7u qrupla\u015fmaya qar\u015f\u0131 ke\u00e7iril\u0259n lokal xarakterli antiterror t\u0259dbirl\u0259ri d\u00fcnya m\u0259tbuat\u0131n\u0131n diqq\u0259tini c\u0259lb edib. Az\u0259rbaycan \u0259leyhin\u0259 d\u0259f\u0259l\u0259rl\u0259 q\u0259r\u0259zli m\u00f6vqe n\u00fcmayi\u015f etdir\u0259n \u201cLe Monde\u201d q\u0259zeti erm\u0259ni separat\u00e7\u0131lar\u0131n silah\u0131 yer\u0259 qoymas\u0131ndan sonra Az\u0259rbaycan\u0131n Qaraba\u011fda n\u0259zar\u0259ti tam b\u0259rpa etdiyini qeyd edib. &#8220;Le Monde&#8221; Prezident \u0130lham \u018fliyevin b\u00f6y\u00fck bir z\u0259f\u0259r qazand\u0131\u011f\u0131n\u0131 vur\u011fulay\u0131b. &#8220;France 24&#8221; kanal\u0131 is\u0259 Az\u0259rbaycan\u0131n 24 saat \u0259rzind\u0259 qazand\u0131\u011f\u0131 q\u0259l\u0259b\u0259d\u0259n sonra \u201cErm\u0259nistan\u0131n ba\u015f naziri Nikol Pa\u015finyan d\u0259yi\u015fiklik v\u0259di il\u0259 hakimiyy\u0259t\u0259 g\u0259ls\u0259 d\u0259, t\u0259hqiredici h\u0259rbi m\u0259\u011flubiyy\u0259t v\u0259 Qaraba\u011fdak\u0131 dramatik g\u0259rginlik bu zavall\u0131 \u00f6lk\u0259nin etibar\u0131n\u0131 z\u0259d\u0259l\u0259yib\u201d ifad\u0259si il\u0259 \u00f6z&hellip;<\/p>\n","protected":false},"author":2,"featured_media":636567,"comment_status":"closed","ping_status":"closed","sticky":false,"template":"","format":"standard","meta":{"om_disable_all_campaigns":false,"_monsterinsights_skip_tracking":false,"_monsterinsights_sitenote_active":false,"_monsterinsights_sitenote_note":"","_monsterinsights_sitenote_category":0},"categories":[19],"tags":[],"aioseo_notices":[],"gutentor_comment":0,"rttpg_featured_image_url":{"full":["https:\/\/arantv.az\/wp-content\/uploads\/2023\/09\/2794f6a2169539155875436153610211091.jpg",975,540,false],"landscape":["https:\/\/arantv.az\/wp-content\/uploads\/2023\/09\/2794f6a2169539155875436153610211091.jpg",975,540,false],"portraits":["https:\/\/arantv.az\/wp-content\/uploads\/2023\/09\/2794f6a2169539155875436153610211091.jpg",975,540,false],"thumbnail":["https:\/\/arantv.az\/wp-content\/uploads\/2023\/09\/2794f6a2169539155875436153610211091-500x280.jpg",500,280,true],"medium":["https:\/\/arantv.az\/wp-content\/uploads\/2023\/09\/2794f6a2169539155875436153610211091-660x365.jpg",660,365,true],"large":["https:\/\/arantv.az\/wp-content\/uploads\/2023\/09\/2794f6a2169539155875436153610211091-840x465.jpg",640,354,true],"1536x1536":["https:\/\/arantv.az\/wp-content\/uploads\/2023\/09\/2794f6a2169539155875436153610211091.jpg",975,540,false],"2048x2048":["https:\/\/arantv.az\/wp-content\/uploads\/2023\/09\/2794f6a2169539155875436153610211091.jpg",975,540,false],"post-thumbnail":["https:\/\/arantv.az\/wp-content\/uploads\/2023\/09\/2794f6a2169539155875436153610211091-240x172.jpg",240,172,true],"advps-thumb-one":["https:\/\/arantv.az\/wp-content\/uploads\/2023\/09\/2794f6a2169539155875436153610211091.jpg",975,540,false]},"rttpg_author":{"display_name":"V\u00fcsal Rafiqo\u011flu","author_link":"https:\/\/arantv.az\/?author=2"},"rttpg_comment":0,"rttpg_category":"<a href=\"https:\/\/arantv.az\/?cat=19\" rel=\"category\">G\u00fcnd\u0259m<\/a>","rttpg_excerpt":"Erm\u0259nistan\u0131n Az\u0259rbaycan\u0131n Qaraba\u011f b\u00f6lg\u0259sind\u0259 inadkarl\u0131qla saxlad\u0131\u011f\u0131 terror\u00e7u qrupla\u015fmaya qar\u015f\u0131 ke\u00e7iril\u0259n lokal xarakterli antiterror t\u0259dbirl\u0259ri d\u00fcnya m\u0259tbuat\u0131n\u0131n diqq\u0259tini c\u0259lb edib. Az\u0259rbaycan \u0259leyhin\u0259 d\u0259f\u0259l\u0259rl\u0259 q\u0259r\u0259zli m\u00f6vqe n\u00fcmayi\u015f etdir\u0259n \u201cLe Monde\u201d q\u0259zeti erm\u0259ni separat\u00e7\u0131lar\u0131n silah\u0131 yer\u0259 qoymas\u0131ndan sonra Az\u0259rbaycan\u0131n Qaraba\u011fda n\u0259zar\u0259ti tam b\u0259rpa etdiyini qeyd edib. &#8220;Le Monde&#8221; Prezident \u0130lham \u018fliyevin b\u00f6y\u00fck bir z\u0259f\u0259r qazand\u0131\u011f\u0131n\u0131 vur\u011fulay\u0131b. &#8220;France 24&#8221;&hellip;","_links":{"self":[{"href":"https:\/\/arantv.az\/index.php?rest_route=\/wp\/v2\/posts\/636563"}],"collection":[{"href":"https:\/\/arantv.az\/index.php?rest_route=\/wp\/v2\/posts"}],"about":[{"href":"https:\/\/arantv.az\/index.php?rest_route=\/wp\/v2\/types\/post"}],"author":[{"embeddable":true,"href":"https:\/\/arantv.az\/index.php?rest_route=\/wp\/v2\/users\/2"}],"replies":[{"embeddable":true,"href":"https:\/\/arantv.az\/index.php?rest_route=%2Fwp%2Fv2%2Fcomments&post=636563"}],"version-history":[{"count":0,"href":"https:\/\/arantv.az\/index.php?rest_route=\/wp\/v2\/posts\/636563\/revisions"}],"wp:featuredmedia":[{"embeddable":true,"href":"https:\/\/arantv.az\/index.php?rest_route=\/wp\/v2\/media\/636567"}],"wp:attachment":[{"href":"https:\/\/arantv.az\/index.php?rest_route=%2Fwp%2Fv2%2Fmedia&parent=636563"}],"wp:term":[{"taxonomy":"category","embeddable":true,"href":"https:\/\/arantv.az\/index.php?rest_route=%2Fwp%2Fv2%2Fcategories&post=636563"},{"taxonomy":"post_tag","embeddable":true,"href":"https:\/\/arantv.az\/index.php?rest_route=%2Fwp%2Fv2%2Ftags&post=636563"}],"curies":[{"name":"wp","href":"https:\/\/api.w.org\/{rel}","templated":true}]}}