{"id":636603,"date":"2023-09-23T10:05:10","date_gmt":"2023-09-23T06:05:10","guid":{"rendered":"https:\/\/arantv.az\/?p=636603"},"modified":"2023-09-23T10:05:10","modified_gmt":"2023-09-23T06:05:10","slug":"az%c9%99rbaycanli-f%c9%99al-bmt-d%c9%99-erm%c9%99nistanin-ekoloji-terrorundan-danisib-foto","status":"publish","type":"post","link":"https:\/\/arantv.az\/?p=636603","title":{"rendered":"Az\u0259rbaycanl\u0131 f\u0259al BMT-d\u0259 Erm\u0259nistan\u0131n ekoloji terrorundan dan\u0131\u015f\u0131b &#8211; FOTO"},"content":{"rendered":"<p>\u201c\u0130lk n\u00f6vb\u0259d\u0259 \u0259traf m\u00fchitin m\u00fchafiz\u0259si\u201d QHT Koalisiyas\u0131n\u0131n h\u0259mt\u0259sis\u00e7isi P\u0259rvan\u0259 V\u0259liyeva BMT Ba\u015f Assambleyas\u0131n\u0131n 78-ci sessiyas\u0131 \u00e7\u0259r\u00e7iv\u0259sind\u0259 ke\u00e7iril\u0259n \u201cUniversal Tibbi T\u0259minat\u201d, \u201cPandemiyaya Haz\u0131rl\u0131q v\u0259 Cavab t\u0259dbirl\u0259ri\u201d v\u0259 \u201cV\u0259r\u0259m\u201dl\u0259 ba\u011fl\u0131 Ba\u015f Assambleyan\u0131n y\u00fcks\u0259ks\u0259viyy\u0259li h\u0259ft\u0259sind\u0259 \u00e7\u0131x\u0131\u015f edib.<\/p>\n<p>\u201cReport\u201dun AB\u015e b\u00fcrosu x\u0259b\u0259r verir ki, P.V\u0259liyeva \u00e7\u0131x\u0131\u015f\u0131nda Erm\u0259nistan\u0131n 30 il\u0259 yax\u0131n m\u00fcdd\u0259td\u0259 Az\u0259rbaycan\u0131n i\u015f\u011fal olunmu\u015f torpaqlar\u0131nda t\u00f6r\u0259tdiyi ekoloji terrordan dan\u0131\u015f\u0131b.<\/p>\n<p>Az\u0259rbaycanl\u0131 f\u0259al Erm\u0259nistan\u0131n uzun ill\u0259r \u0259rzind\u0259 b\u00f6lg\u0259d\u0259 qanunsuz v\u0259 he\u00e7 bir ekoloji norma v\u0259 standartlar g\u00f6zl\u0259nilm\u0259d\u0259n apard\u0131\u011f\u0131 da\u011f-m\u0259d\u0259n s\u0259nayesi i\u015fl\u0259rinin region insanlar\u0131n\u0131n sa\u011flaml\u0131\u011f\u0131n\u0131 v\u0259 ekosistemini t\u0259hdid etdiyini bildirib.<\/p>\n<p>O, BMT-y\u0259 \u00fczv d\u00f6vl\u0259tl\u0259rin n\u00fcmay\u0259nd\u0259l\u0259rin\u0259 t\u0259msil etdiyi t\u0259\u015fkilat\u0131n f\u0259aliyy\u0259ti il\u0259 ba\u011fl\u0131 m\u0259lumat verib, t\u0259\u015fkilat\u0131n haz\u0131rda C\u0259nubi Qafqaz regionunda Erm\u0259nistan t\u0259r\u0259find\u0259n ekoloji norma v\u0259 standartlar\u0131 kobud \u015f\u0259kild\u0259 pozan da\u011f-m\u0259d\u0259n s\u0259nayesinin qar\u015f\u0131s\u0131n\u0131 almaq m\u0259qs\u0259dil\u0259 v\u0259killik f\u0259aliyy\u0259ti apard\u0131\u011f\u0131n\u0131 deyib:<\/p>\n<p>\u201cSa\u011flaml\u0131q davaml\u0131 inki\u015faf\u0131n sosial, iqtisadi v\u0259 ekoloji \u00f6l\u00e7\u00fcl\u0259rinin v\u0259 2030-cu il\u0259d\u0259k Dayan\u0131ql\u0131 \u0130nki\u015faf G\u00fcnd\u0259liyinin h\u0259yata ke\u00e7irilm\u0259sinin ilkin \u015f\u0259rti v\u0259 g\u00f6st\u0259ricisidir. BMT-y\u0259 \u00fczv d\u00f6vl\u0259tl\u0259r t\u0259miz hava, t\u0259hl\u00fck\u0259siz i\u00e7m\u0259li su v\u0259 sanitariyan\u0131 sa\u011flaml\u0131\u011f\u0131n ekoloji determinantlar\u0131 kimi q\u0259bul edibl\u0259r. Haz\u0131rda inki\u015faf etm\u0259kd\u0259 olan \u00f6lk\u0259l\u0259rd\u0259 da\u011f-m\u0259d\u0259n s\u0259nayesi m\u00fc\u0259ssis\u0259l\u0259rinin \u0259ks\u0259riyy\u0259ti beyn\u0259lxalq ekoloji norma v\u0259 standartlar\u0131 pozur ki, bu da insan sa\u011flaml\u0131\u011f\u0131na z\u0259r\u0259r verir v\u0259 m\u0259d\u0259n s\u0259nayesind\u0259 v\u0259r\u0259m x\u0259st\u0259liyinin yay\u0131lmas\u0131na g\u0259tirib \u00e7\u0131xar\u0131r. M\u0259d\u0259n\u00e7il\u0259rin v\u0259r\u0259m\u0259 yoluxma riski olduqca y\u00fcks\u0259kdir. Son ara\u015fd\u0131rmalara g\u00f6r\u0259, 230 milyondan \u00e7ox insan i\u015f yerind\u0259 silisium oksidin\u0259 m\u0259ruz qal\u0131r. V\u0259r\u0259m riski il\u0259 m\u0259d\u0259n\u00e7ilik aras\u0131nda \u0259laq\u0259 y\u00fcks\u0259k insident kimi bildirilir ki, bu, \u00fcmumi \u0259halinin v\u0259r\u0259m\u0259 yoluxma riskind\u0259n 10 d\u0259f\u0259 y\u00fcks\u0259kdir\u201d, &#8211; dey\u0259 P.V\u0259liyeva \u00e7\u0131x\u0131\u015f\u0131nda diqq\u0259t\u0259 \u00e7atd\u0131r\u0131b.<\/p>\n<p>Onun s\u00f6zl\u0259rin\u0259 g\u00f6r\u0259, Erm\u0259nistan uzun ill\u0259r \u0259rzind\u0259 y\u00fcks\u0259k z\u0259h\u0259rli kimy\u0259vi tullant\u0131lar\u0131n \u0259traf m\u00fchit\u0259 at\u0131lmas\u0131na m\u0259sul olmaqla beyn\u0259lxalq q\u0259bul edilmi\u015f bir \u00e7ox konvensiyalar\u0131, o c\u00fcml\u0259d\u0259n transs\u0259rh\u0259d kontekstd\u0259 BMT-nin Espoo Konvensiyas\u0131n\u0131n t\u0259l\u0259bl\u0259rini kobud \u015f\u0259kild\u0259 pozaraq transs\u0259rh\u0259d \u00e7aylar\u0131 \u00e7irkl\u0259ndirm\u0259kd\u0259 davam edir:<\/p>\n<p>\u201c\u015eirin su t\u0259chizat\u0131n\u0131n \u00e7irkl\u0259ndirilm\u0259si yoluxucu x\u0259st\u0259likl\u0259rin yay\u0131lmas\u0131na s\u0259b\u0259b ola bil\u0259n, insanlar\u0131n sa\u011flaml\u0131\u011f\u0131na v\u0259 su t\u0259hl\u00fck\u0259sizliyin\u0259 b\u00f6y\u00fck t\u0259hl\u00fck\u0259dir. Biz insan sa\u011flaml\u0131\u011f\u0131na v\u0259 ekosistemimiz\u0259 z\u0259r\u0259r vuran, sa\u011flaml\u0131\u011f\u0131m\u0131z\u0131 risk\u0259 atan b\u00fct\u00fcn c\u0259hdl\u0259ri pisl\u0259yirik\u201d.<\/p>\n<p><img src=\"https:\/\/cdn.oxu.az\/uploads\/W1siZiIsIjIwMjMvMDkvMjMvMDgvMjYvMzYvOGNkZGZkNDAtNTY0OS00YmYwLWFiMGMtOTk0NzI1MzQ4ZGRhLzRkZjg3YmFiLWYzZmEtMzQyNy1hMmNkLTVhZDJhMDczNzNiYi5qcGciXSxbInAiLCJlbmNvZGUiLCJqcGciLCItcXVhbGl0eSA4MCJdLFsicCIsInRodW1iIiwiNTkweDU5MFx1MDAzZSJdXQ?sha=9f057324916e8952\" alt=\"\" \/><img src=\"https:\/\/cdn.oxu.az\/uploads\/W1siZiIsIjIwMjMvMDkvMjMvMDgvMjYvMzYvYWYzZmNkMTctNDQzMS00OWQ2LThlZWEtMjYwN2YwNjYwZmM5L2FkNjFkZDNlLWQyNzktM2I1YS05YTlkLTVlZTI0MDVmZDczOS5qcGciXSxbInAiLCJlbmNvZGUiLCJqcGciLCItcXVhbGl0eSA4MCJdLFsicCIsInRodW1iIiwiNTkweDU5MFx1MDAzZSJdXQ?sha=12c8451107f86fc3\" alt=\"\" \/><img src=\"https:\/\/cdn.oxu.az\/uploads\/W1siZiIsIjIwMjMvMDkvMjMvMDgvMjYvMzYvYTFmZmU2NTQtM2U5NS00ZWVkLWI2MWMtZWQ1Y2MwNjRlY2IxLzdiZjI2MzY5LWZiN2UtM2YzZC05M2ZkLTdhNDFlMzY3YTNkNy5qcGciXSxbInAiLCJlbmNvZGUiLCJqcGciLCItcXVhbGl0eSA4MCJdLFsicCIsInRodW1iIiwiNTkweDU5MFx1MDAzZSJdXQ?sha=7213f390164c4b69\" alt=\"\" \/><\/p>\n","protected":false},"excerpt":{"rendered":"<p>\u201c\u0130lk n\u00f6vb\u0259d\u0259 \u0259traf m\u00fchitin m\u00fchafiz\u0259si\u201d QHT Koalisiyas\u0131n\u0131n h\u0259mt\u0259sis\u00e7isi P\u0259rvan\u0259 V\u0259liyeva BMT Ba\u015f Assambleyas\u0131n\u0131n 78-ci sessiyas\u0131 \u00e7\u0259r\u00e7iv\u0259sind\u0259 ke\u00e7iril\u0259n \u201cUniversal Tibbi T\u0259minat\u201d, \u201cPandemiyaya Haz\u0131rl\u0131q v\u0259 Cavab t\u0259dbirl\u0259ri\u201d v\u0259 \u201cV\u0259r\u0259m\u201dl\u0259 ba\u011fl\u0131 Ba\u015f Assambleyan\u0131n y\u00fcks\u0259ks\u0259viyy\u0259li h\u0259ft\u0259sind\u0259 \u00e7\u0131x\u0131\u015f edib. \u201cReport\u201dun AB\u015e b\u00fcrosu x\u0259b\u0259r verir ki, P.V\u0259liyeva \u00e7\u0131x\u0131\u015f\u0131nda Erm\u0259nistan\u0131n 30 il\u0259 yax\u0131n m\u00fcdd\u0259td\u0259 Az\u0259rbaycan\u0131n i\u015f\u011fal olunmu\u015f torpaqlar\u0131nda t\u00f6r\u0259tdiyi ekoloji terrordan dan\u0131\u015f\u0131b. Az\u0259rbaycanl\u0131 f\u0259al Erm\u0259nistan\u0131n uzun ill\u0259r \u0259rzind\u0259 b\u00f6lg\u0259d\u0259 qanunsuz v\u0259 he\u00e7 bir ekoloji norma v\u0259 standartlar g\u00f6zl\u0259nilm\u0259d\u0259n apard\u0131\u011f\u0131 da\u011f-m\u0259d\u0259n s\u0259nayesi i\u015fl\u0259rinin region insanlar\u0131n\u0131n sa\u011flaml\u0131\u011f\u0131n\u0131 v\u0259 ekosistemini t\u0259hdid etdiyini bildirib. O, BMT-y\u0259 \u00fczv d\u00f6vl\u0259tl\u0259rin n\u00fcmay\u0259nd\u0259l\u0259rin\u0259 t\u0259msil etdiyi&hellip;<\/p>\n","protected":false},"author":2,"featured_media":636604,"comment_status":"closed","ping_status":"closed","sticky":false,"template":"","format":"standard","meta":{"om_disable_all_campaigns":false,"_monsterinsights_skip_tracking":false,"_monsterinsights_sitenote_active":false,"_monsterinsights_sitenote_note":"","_monsterinsights_sitenote_category":0},"categories":[4],"tags":[],"aioseo_notices":[],"gutentor_comment":0,"rttpg_featured_image_url":{"full":["https:\/\/arantv.az\/wp-content\/uploads\/2023\/09\/f301c263-9ed8-3f67-b49b-f430dfafb9da.jpg",620,413,false],"landscape":["https:\/\/arantv.az\/wp-content\/uploads\/2023\/09\/f301c263-9ed8-3f67-b49b-f430dfafb9da.jpg",620,413,false],"portraits":["https:\/\/arantv.az\/wp-content\/uploads\/2023\/09\/f301c263-9ed8-3f67-b49b-f430dfafb9da.jpg",620,413,false],"thumbnail":["https:\/\/arantv.az\/wp-content\/uploads\/2023\/09\/f301c263-9ed8-3f67-b49b-f430dfafb9da-500x280.jpg",500,280,true],"medium":["https:\/\/arantv.az\/wp-content\/uploads\/2023\/09\/f301c263-9ed8-3f67-b49b-f430dfafb9da-548x365.jpg",548,365,true],"large":["https:\/\/arantv.az\/wp-content\/uploads\/2023\/09\/f301c263-9ed8-3f67-b49b-f430dfafb9da.jpg",620,413,false],"1536x1536":["https:\/\/arantv.az\/wp-content\/uploads\/2023\/09\/f301c263-9ed8-3f67-b49b-f430dfafb9da.jpg",620,413,false],"2048x2048":["https:\/\/arantv.az\/wp-content\/uploads\/2023\/09\/f301c263-9ed8-3f67-b49b-f430dfafb9da.jpg",620,413,false],"post-thumbnail":["https:\/\/arantv.az\/wp-content\/uploads\/2023\/09\/f301c263-9ed8-3f67-b49b-f430dfafb9da-240x172.jpg",240,172,true],"advps-thumb-one":["https:\/\/arantv.az\/wp-content\/uploads\/2023\/09\/f301c263-9ed8-3f67-b49b-f430dfafb9da.jpg",620,413,false]},"rttpg_author":{"display_name":"V\u00fcsal Rafiqo\u011flu","author_link":"https:\/\/arantv.az\/?author=2"},"rttpg_comment":0,"rttpg_category":"<a href=\"https:\/\/arantv.az\/?cat=4\" rel=\"category\">Siyas\u0259t<\/a>","rttpg_excerpt":"\u201c\u0130lk n\u00f6vb\u0259d\u0259 \u0259traf m\u00fchitin m\u00fchafiz\u0259si\u201d QHT Koalisiyas\u0131n\u0131n h\u0259mt\u0259sis\u00e7isi P\u0259rvan\u0259 V\u0259liyeva BMT Ba\u015f Assambleyas\u0131n\u0131n 78-ci sessiyas\u0131 \u00e7\u0259r\u00e7iv\u0259sind\u0259 ke\u00e7iril\u0259n \u201cUniversal Tibbi T\u0259minat\u201d, \u201cPandemiyaya Haz\u0131rl\u0131q v\u0259 Cavab t\u0259dbirl\u0259ri\u201d v\u0259 \u201cV\u0259r\u0259m\u201dl\u0259 ba\u011fl\u0131 Ba\u015f Assambleyan\u0131n y\u00fcks\u0259ks\u0259viyy\u0259li h\u0259ft\u0259sind\u0259 \u00e7\u0131x\u0131\u015f edib. \u201cReport\u201dun AB\u015e b\u00fcrosu x\u0259b\u0259r verir ki, P.V\u0259liyeva \u00e7\u0131x\u0131\u015f\u0131nda Erm\u0259nistan\u0131n 30 il\u0259 yax\u0131n m\u00fcdd\u0259td\u0259 Az\u0259rbaycan\u0131n i\u015f\u011fal olunmu\u015f torpaqlar\u0131nda t\u00f6r\u0259tdiyi ekoloji terrordan dan\u0131\u015f\u0131b.&hellip;","_links":{"self":[{"href":"https:\/\/arantv.az\/index.php?rest_route=\/wp\/v2\/posts\/636603"}],"collection":[{"href":"https:\/\/arantv.az\/index.php?rest_route=\/wp\/v2\/posts"}],"about":[{"href":"https:\/\/arantv.az\/index.php?rest_route=\/wp\/v2\/types\/post"}],"author":[{"embeddable":true,"href":"https:\/\/arantv.az\/index.php?rest_route=\/wp\/v2\/users\/2"}],"replies":[{"embeddable":true,"href":"https:\/\/arantv.az\/index.php?rest_route=%2Fwp%2Fv2%2Fcomments&post=636603"}],"version-history":[{"count":0,"href":"https:\/\/arantv.az\/index.php?rest_route=\/wp\/v2\/posts\/636603\/revisions"}],"wp:featuredmedia":[{"embeddable":true,"href":"https:\/\/arantv.az\/index.php?rest_route=\/wp\/v2\/media\/636604"}],"wp:attachment":[{"href":"https:\/\/arantv.az\/index.php?rest_route=%2Fwp%2Fv2%2Fmedia&parent=636603"}],"wp:term":[{"taxonomy":"category","embeddable":true,"href":"https:\/\/arantv.az\/index.php?rest_route=%2Fwp%2Fv2%2Fcategories&post=636603"},{"taxonomy":"post_tag","embeddable":true,"href":"https:\/\/arantv.az\/index.php?rest_route=%2Fwp%2Fv2%2Ftags&post=636603"}],"curies":[{"name":"wp","href":"https:\/\/api.w.org\/{rel}","templated":true}]}}