{"id":636607,"date":"2023-09-23T10:06:37","date_gmt":"2023-09-23T06:06:37","guid":{"rendered":"https:\/\/arantv.az\/?p=636607"},"modified":"2023-09-23T10:06:37","modified_gmt":"2023-09-23T06:06:37","slug":"nyu-yorkda-bmt-r%c9%99smisi-il%c9%99-qarabagda-son-durum-muzakir%c9%99-olunub-foto","status":"publish","type":"post","link":"https:\/\/arantv.az\/?p=636607","title":{"rendered":"Nyu-Yorkda BMT r\u0259smisi il\u0259 Qaraba\u011fda son durum m\u00fczakir\u0259 olunub &#8211; FOTO"},"content":{"rendered":"<p>Az\u0259rbaycan\u0131n xarici i\u015fl\u0259r naziri Ceyhun Bayramov sentyabr\u0131n 22-d\u0259 Nyu-Yorkda BMT Ba\u015f Assambleyas\u0131n\u0131n 78-ci sessiyas\u0131n\u0131n \u00fcmumi m\u00fczakir\u0259l\u0259ri \u00e7\u0259r\u00e7iv\u0259sind\u0259 Birl\u0259\u015fmi\u015f Mill\u0259tl\u0259r T\u0259\u015fkilat\u0131n\u0131n (BMT) ba\u015f katibinin humanitar m\u0259s\u0259l\u0259l\u0259r \u00fczr\u0259 m\u00fcavini v\u0259 f\u00f6vq\u0259lad\u0259 yard\u0131m \u00fczr\u0259 \u0259laq\u0259l\u0259ndiricisi, BMT-nin Humanitar M\u0259s\u0259l\u0259l\u0259rin \u018flaq\u0259l\u0259ndirilm\u0259si Ofisinin (OCHA) r\u0259hb\u0259ri Martin Griffits il\u0259 g\u00f6r\u00fc\u015f\u00fcb.<\/p>\n<p>Bu bar\u0259d\u0259 X\u0130N-d\u0259n m\u0259lumat verilib.<\/p>\n<p>Qeyd olunub ki, g\u00f6r\u00fc\u015fd\u0259 BMT il\u0259 m\u00f6vcud \u0259m\u0259kda\u015fl\u0131q g\u00fcnd\u0259liyinin inki\u015faf perspektivl\u0259ri, o c\u00fcml\u0259d\u0259n humanitar yard\u0131m v\u0259 inki\u015fafa yard\u0131m sah\u0259l\u0259rind\u0259 t\u0259r\u0259fda\u015fl\u0131q m\u0259s\u0259l\u0259l\u0259ri \u0259traf\u0131nda fikir m\u00fcbadil\u0259si apar\u0131l\u0131b. Az\u0259rbaycan\u0131n donor \u00f6lk\u0259 kimi rolu x\u00fcsusi t\u0259qdir olunub.<\/p>\n<p>\u201cCeyhun Bayramov BMT sistemin\u0259 d\u0259st\u0259yin \u00f6lk\u0259mizin humanitar v\u0259 inki\u015fafa yard\u0131m siyas\u0259tinin \u0259sas\u0131n\u0131 t\u0259\u015fkil etdiyini, Az\u0259rbaycan\u0131n m\u00fcxt\u0259lif t\u0259\u015f\u0259bb\u00fcsl\u0259r \u00fczr\u0259 BMT t\u0259sisatlar\u0131 il\u0259 s\u0131x dialoq v\u0259 f\u0259al \u0259m\u0259kda\u015fl\u0131q apard\u0131\u011f\u0131n\u0131 vur\u011fulay\u0131b.<\/p>\n<p>G\u00f6r\u00fc\u015fd\u0259, Erm\u0259nistan\u0131n 30 il\u0259 yax\u0131n m\u00fcdd\u0259td\u0259 \u0259razil\u0259rimizin i\u015f\u011fal\u0131ndan, Erm\u0259nistan v\u0259 onun Az\u0259rbaycan\u0131n Qaraba\u011f b\u00f6lg\u0259sind\u0259 yaratd\u0131\u011f\u0131 qondarma rejimin davaml\u0131 t\u0259xribatlar\u0131ndan, habel\u0259 qanunsuz m\u00f6vcudlu\u011fundan ir\u0259li g\u0259l\u0259n humanitar m\u0259s\u0259l\u0259l\u0259r m\u00fczakir\u0259 olunub.<\/p>\n<p>\u0130lk n\u00f6vb\u0259d\u0259, \u00f6lk\u0259miz\u0259 qar\u015f\u0131 s\u0259sl\u0259ndiril\u0259n \u201cblokada\u201d v\u0259 \u201cb\u00f6lg\u0259d\u0259 g\u0259rgin humanitar b\u00f6hran\u201d kimi iddialar\u0131n he\u00e7 bir \u0259sas\u0131n\u0131n olmad\u0131\u011f\u0131, Erm\u0259nistan\u0131n q\u0259sd\u0259n qondarma humanitar b\u00f6hran yaratmaq m\u0259qs\u0259di da\u015f\u0131d\u0131\u011f\u0131, bu add\u0131m\u0131n \u0259slind\u0259 siyasi manipulyasiya oldu\u011fu bildirilib.<\/p>\n<p>Lokal xarakterli antiterrorizm t\u0259dbirl\u0259rin\u0259 g\u0259ldikd\u0259, g\u00f6r\u00fcl\u0259n t\u0259dbirl\u0259rin h\u0259d\u0259finin m\u00fcst\u0259sna olaraq qanunsuz h\u0259rbi birl\u0259\u015fm\u0259l\u0259rin v\u0259 h\u0259rbi infrastrukturun oldu\u011fu, m\u00fclki \u0259hali v\u0259 obyektl\u0259rin vurulmas\u0131 il\u0259 ba\u011fl\u0131 iddialar\u0131n \u0259sass\u0131z v\u0259 q\u0259buledilm\u0259z oldu\u011fu bildirilib\u201d, &#8211; m\u0259lumatda deyilir.<\/p>\n<p>H\u0259m\u00e7inin qeyd olunur ki, Qaraba\u011f b\u00f6lg\u0259sind\u0259 ya\u015fayan erm\u0259ni sakinl\u0259rin c\u0259miyy\u0259timiz\u0259 reinteqrasiyas\u0131 il\u0259 ba\u011fl\u0131 t\u0259\u015f\u0259bb\u00fcsl\u0259r \u00e7\u0259r\u00e7iv\u0259sind\u0259 21 sentyabr tarixind\u0259 t\u0259\u015fkil olunmu\u015f Yevlax g\u00f6r\u00fc\u015f\u00fcn\u00fcn konstruktiv v\u0259 m\u00fcsb\u0259t m\u00fchitd\u0259 ke\u00e7diyi, Az\u0259rbaycan Respublikas\u0131n\u0131n Konstitusiyas\u0131 v\u0259 qanunlar\u0131 \u0259sas\u0131nda Qaraba\u011f\u0131n erm\u0259ni \u0259halisinin reinteqrasiyas\u0131, infrastrukturunun b\u0259rpas\u0131 v\u0259 f\u0259aliyy\u0259tinin t\u0259\u015fkil olunmas\u0131 m\u0259s\u0259l\u0259l\u0259ri \u00fczr\u0259 m\u00fczakir\u0259l\u0259rin apar\u0131ld\u0131\u011f\u0131, qar\u015f\u0131 t\u0259r\u0259f\u0259 reinteqrasiya \u00fczr\u0259 planlar\u0131n t\u0259qdim edildiyi, h\u0259m\u00e7inin Qaraba\u011f b\u00f6lg\u0259sinin erm\u0259ni sakinl\u0259rinin n\u00fcmay\u0259nd\u0259l\u0259rinin sosial v\u0259 humanitar yard\u0131m\u0131n g\u00f6st\u0259rilm\u0259si il\u0259 ba\u011fl\u0131 m\u00fcraci\u0259tl\u0259rinin m\u00fcsb\u0259t qar\u015f\u0131lanaraq hal-haz\u0131rda erm\u0259ni sakinl\u0259r\u0259 yard\u0131m g\u00f6st\u0259rildiyi diqq\u0259t\u0259 \u00e7atd\u0131r\u0131l\u0131b.<\/p>\n<p>G\u00f6r\u00fc\u015f zaman\u0131 Az\u0259rbaycan\u0131n Qaraba\u011f b\u00f6lg\u0259sind\u0259 Beyn\u0259lxalq Q\u0131z\u0131l Xa\u00e7 Komit\u0259sinin f\u0259aliyy\u0259t g\u00f6st\u0259rdiyi v\u0259 Az\u0259rbaycan\u0131n onun f\u0259aliyy\u0259tin\u0259 d\u0259st\u0259yi vur\u011fulan\u0131b. Son g\u00fcnl\u0259rd\u0259 BQXK vasit\u0259sil\u0259 d\u0259 erm\u0259ni sakinl\u0259r\u0259 yard\u0131m\u0131n daha da geni\u015fl\u0259ndiyi bildirilib.<\/p>\n<p>&nbsp;<\/p>\n<div class=\"gallery\">\n<div class=\"gallery-i\"><img src=\"https:\/\/cdn.oxu.az\/uploads\/W1siZiIsIjIwMjMvMDkvMjMvMDkvMTcvMDgvNDlhM2M0NmEtYTliNy00MjE2LWE4NzctMjg5YTVmZjQ5OTA3L0lNRy0yMDIzMDkyMy1XQTAwMDcuanBnIl0sWyJwIiwiZW5jb2RlIiwianBnIiwiLXF1YWxpdHkgODAiXSxbInAiLCJ0aHVtYiIsIjU5MHg1OTBcdTAwM2UiXV0?sha=dd8689130ec00bf7\" alt=\"\" \/><\/p>\n<div class=\"gallery-i-caption\"><\/div>\n<\/div>\n<div class=\"gallery-i\"><img src=\"https:\/\/cdn.oxu.az\/uploads\/W1siZiIsIjIwMjMvMDkvMjMvMDkvMTcvMDgvMmRhOWJjZTktM2YxNi00MWU2LThhZWMtOTcxNGNkOWEyMThiL0lNRy0yMDIzMDkyMy1XQTAwMDYuanBnIl0sWyJwIiwiZW5jb2RlIiwianBnIiwiLXF1YWxpdHkgODAiXSxbInAiLCJ0aHVtYiIsIjU5MHg1OTBcdTAwM2UiXV0?sha=a4405d9f7c6519c8\" alt=\"\" \/><\/div>\n<\/div>\n","protected":false},"excerpt":{"rendered":"<p>Az\u0259rbaycan\u0131n xarici i\u015fl\u0259r naziri Ceyhun Bayramov sentyabr\u0131n 22-d\u0259 Nyu-Yorkda BMT Ba\u015f Assambleyas\u0131n\u0131n 78-ci sessiyas\u0131n\u0131n \u00fcmumi m\u00fczakir\u0259l\u0259ri \u00e7\u0259r\u00e7iv\u0259sind\u0259 Birl\u0259\u015fmi\u015f Mill\u0259tl\u0259r T\u0259\u015fkilat\u0131n\u0131n (BMT) ba\u015f katibinin humanitar m\u0259s\u0259l\u0259l\u0259r \u00fczr\u0259 m\u00fcavini v\u0259 f\u00f6vq\u0259lad\u0259 yard\u0131m \u00fczr\u0259 \u0259laq\u0259l\u0259ndiricisi, BMT-nin Humanitar M\u0259s\u0259l\u0259l\u0259rin \u018flaq\u0259l\u0259ndirilm\u0259si Ofisinin (OCHA) r\u0259hb\u0259ri Martin Griffits il\u0259 g\u00f6r\u00fc\u015f\u00fcb. Bu bar\u0259d\u0259 X\u0130N-d\u0259n m\u0259lumat verilib. Qeyd olunub ki, g\u00f6r\u00fc\u015fd\u0259 BMT il\u0259 m\u00f6vcud \u0259m\u0259kda\u015fl\u0131q g\u00fcnd\u0259liyinin inki\u015faf perspektivl\u0259ri, o c\u00fcml\u0259d\u0259n humanitar yard\u0131m v\u0259 inki\u015fafa yard\u0131m sah\u0259l\u0259rind\u0259 t\u0259r\u0259fda\u015fl\u0131q m\u0259s\u0259l\u0259l\u0259ri \u0259traf\u0131nda fikir m\u00fcbadil\u0259si apar\u0131l\u0131b. Az\u0259rbaycan\u0131n donor \u00f6lk\u0259 kimi rolu x\u00fcsusi t\u0259qdir olunub. \u201cCeyhun Bayramov BMT sistemin\u0259 d\u0259st\u0259yin \u00f6lk\u0259mizin humanitar v\u0259 inki\u015fafa&hellip;<\/p>\n","protected":false},"author":2,"featured_media":636608,"comment_status":"closed","ping_status":"closed","sticky":false,"template":"","format":"standard","meta":{"om_disable_all_campaigns":false,"_monsterinsights_skip_tracking":false,"_monsterinsights_sitenote_active":false,"_monsterinsights_sitenote_note":"","_monsterinsights_sitenote_category":0},"categories":[4],"tags":[],"aioseo_notices":[],"gutentor_comment":0,"rttpg_featured_image_url":{"full":["https:\/\/arantv.az\/wp-content\/uploads\/2023\/09\/FotoJet-5-10.jpg",620,413,false],"landscape":["https:\/\/arantv.az\/wp-content\/uploads\/2023\/09\/FotoJet-5-10.jpg",620,413,false],"portraits":["https:\/\/arantv.az\/wp-content\/uploads\/2023\/09\/FotoJet-5-10.jpg",620,413,false],"thumbnail":["https:\/\/arantv.az\/wp-content\/uploads\/2023\/09\/FotoJet-5-10-500x280.jpg",500,280,true],"medium":["https:\/\/arantv.az\/wp-content\/uploads\/2023\/09\/FotoJet-5-10-548x365.jpg",548,365,true],"large":["https:\/\/arantv.az\/wp-content\/uploads\/2023\/09\/FotoJet-5-10.jpg",620,413,false],"1536x1536":["https:\/\/arantv.az\/wp-content\/uploads\/2023\/09\/FotoJet-5-10.jpg",620,413,false],"2048x2048":["https:\/\/arantv.az\/wp-content\/uploads\/2023\/09\/FotoJet-5-10.jpg",620,413,false],"post-thumbnail":["https:\/\/arantv.az\/wp-content\/uploads\/2023\/09\/FotoJet-5-10-240x172.jpg",240,172,true],"advps-thumb-one":["https:\/\/arantv.az\/wp-content\/uploads\/2023\/09\/FotoJet-5-10.jpg",620,413,false]},"rttpg_author":{"display_name":"V\u00fcsal Rafiqo\u011flu","author_link":"https:\/\/arantv.az\/?author=2"},"rttpg_comment":0,"rttpg_category":"<a href=\"https:\/\/arantv.az\/?cat=4\" rel=\"category\">Siyas\u0259t<\/a>","rttpg_excerpt":"Az\u0259rbaycan\u0131n xarici i\u015fl\u0259r naziri Ceyhun Bayramov sentyabr\u0131n 22-d\u0259 Nyu-Yorkda BMT Ba\u015f Assambleyas\u0131n\u0131n 78-ci sessiyas\u0131n\u0131n \u00fcmumi m\u00fczakir\u0259l\u0259ri \u00e7\u0259r\u00e7iv\u0259sind\u0259 Birl\u0259\u015fmi\u015f Mill\u0259tl\u0259r T\u0259\u015fkilat\u0131n\u0131n (BMT) ba\u015f katibinin humanitar m\u0259s\u0259l\u0259l\u0259r \u00fczr\u0259 m\u00fcavini v\u0259 f\u00f6vq\u0259lad\u0259 yard\u0131m \u00fczr\u0259 \u0259laq\u0259l\u0259ndiricisi, BMT-nin Humanitar M\u0259s\u0259l\u0259l\u0259rin \u018flaq\u0259l\u0259ndirilm\u0259si Ofisinin (OCHA) r\u0259hb\u0259ri Martin Griffits il\u0259 g\u00f6r\u00fc\u015f\u00fcb. Bu bar\u0259d\u0259 X\u0130N-d\u0259n m\u0259lumat verilib. Qeyd olunub ki, g\u00f6r\u00fc\u015fd\u0259 BMT il\u0259 m\u00f6vcud&hellip;","_links":{"self":[{"href":"https:\/\/arantv.az\/index.php?rest_route=\/wp\/v2\/posts\/636607"}],"collection":[{"href":"https:\/\/arantv.az\/index.php?rest_route=\/wp\/v2\/posts"}],"about":[{"href":"https:\/\/arantv.az\/index.php?rest_route=\/wp\/v2\/types\/post"}],"author":[{"embeddable":true,"href":"https:\/\/arantv.az\/index.php?rest_route=\/wp\/v2\/users\/2"}],"replies":[{"embeddable":true,"href":"https:\/\/arantv.az\/index.php?rest_route=%2Fwp%2Fv2%2Fcomments&post=636607"}],"version-history":[{"count":0,"href":"https:\/\/arantv.az\/index.php?rest_route=\/wp\/v2\/posts\/636607\/revisions"}],"wp:featuredmedia":[{"embeddable":true,"href":"https:\/\/arantv.az\/index.php?rest_route=\/wp\/v2\/media\/636608"}],"wp:attachment":[{"href":"https:\/\/arantv.az\/index.php?rest_route=%2Fwp%2Fv2%2Fmedia&parent=636607"}],"wp:term":[{"taxonomy":"category","embeddable":true,"href":"https:\/\/arantv.az\/index.php?rest_route=%2Fwp%2Fv2%2Fcategories&post=636607"},{"taxonomy":"post_tag","embeddable":true,"href":"https:\/\/arantv.az\/index.php?rest_route=%2Fwp%2Fv2%2Ftags&post=636607"}],"curies":[{"name":"wp","href":"https:\/\/api.w.org\/{rel}","templated":true}]}}