{"id":636610,"date":"2023-09-23T10:07:30","date_gmt":"2023-09-23T06:07:30","guid":{"rendered":"https:\/\/arantv.az\/?p=636610"},"modified":"2023-09-23T10:07:30","modified_gmt":"2023-09-23T06:07:30","slug":"kolumbiya-telekanali-az%c9%99rbaycan-ordusunun-qarabagda-kecirdyi-antiterror-t%c9%99dbirl%c9%99ri-bar%c9%99d%c9%99-sujet-yayimlayib","status":"publish","type":"post","link":"https:\/\/arantv.az\/?p=636610","title":{"rendered":"Kolumbiya telekanal\u0131 Az\u0259rbaycan Ordusunun Qaraba\u011fda ke\u00e7irdyi antiterror t\u0259dbirl\u0259ri bar\u0259d\u0259 s\u00fcjet yay\u0131mlay\u0131b"},"content":{"rendered":"<p>B\u00fct\u00fcn Amerika qit\u0259si \u00fczr\u0259 f\u0259aliyy\u0259t g\u00f6st\u0259r\u0259n Kolumbiyan\u0131n apar\u0131c\u0131 x\u0259b\u0259r telekanal\u0131 \u201cNTN24\u201dd\u0259 Az\u0259rbaycan Silahl\u0131 Q\u00fcvv\u0259l\u0259ri t\u0259r\u0259find\u0259n Qaraba\u011f iqtisadi rayonunda ke\u00e7iril\u0259n lokal xarakterli antiterror t\u0259dbirl\u0259ri v\u0259 onun n\u0259tic\u0259l\u0259rin\u0259 dair geni\u015f s\u00fcjet yay\u0131mlan\u0131b.<\/p>\n<p>Bu bar\u0259d\u0259 Az\u0259rbaycan\u0131n Meksikadak\u0131 s\u0259firliyind\u0259n bildirilib.<\/p>\n<p>S\u00fcjetd\u0259 telekanal\u0131n jurnalisti t\u0259r\u0259find\u0259n m\u0259s\u0259l\u0259 il\u0259 \u0259laq\u0259dar \u00f6lk\u0259mizin Kolumbiyadak\u0131 s\u0259firi M\u0259mm\u0259d Tal\u0131bova \u00fcnvanlanm\u0131\u015f suallara \u0259trafl\u0131 cavablar da \u0259ksini tap\u0131b.<\/p>\n<p>Qeyd olunub ki, Erm\u0259nistan t\u0259r\u0259finin bitm\u0259y\u0259n t\u0259xribatlar\u0131, t\u00f6r\u0259tdiyi terror \u0259m\u0259ll\u0259ri v\u0259 2020-ci ilin 10 noyabr tarixind\u0259 imzalanm\u0131\u015f \u00dc\u00e7t\u0259r\u0259fli B\u0259yanat\u0131n \u015f\u0259rtl\u0259rin\u0259 riay\u0259t etm\u0259m\u0259si lokal xarakterli antiterror t\u0259dbirl\u0259rini qa\u00e7\u0131lmaz edib. Erm\u0259ni silahl\u0131 q\u00fcvv\u0259l\u0259rinin t\u0259xribat-diversiya qrupu t\u0259r\u0259find\u0259n h\u0259yata ke\u00e7irilmi\u015f sonuncu terror akt\u0131 zaman\u0131 iki n\u0259f\u0259r m\u00fclki \u015f\u0259xs, yeddi polis \u0259m\u0259kda\u015f\u0131 h\u0259yat\u0131n\u0131 itirib. N\u0259tic\u0259d\u0259 Qaraba\u011fda t\u00f6r\u0259dil\u0259n geni\u015fmiqyasl\u0131 t\u0259xribatlar\u0131n qar\u015f\u0131s\u0131n\u0131n al\u0131nmas\u0131, Erm\u0259nistan silahl\u0131 q\u00fcvv\u0259l\u0259rinin qal\u0131qlar\u0131n\u0131n t\u0259rk-silah edil\u0259r\u0259k Az\u0259rbaycan \u0259razil\u0259rind\u0259n \u00e7\u0131xar\u0131lmas\u0131, onlar\u0131n h\u0259rbi infrastrukturunun z\u0259r\u0259rsizl\u0259\u015fdirilm\u0259si v\u0259 Az\u0259rbaycan Respublikas\u0131n\u0131n Konstitusiya qurulu\u015funun b\u0259rpa edilm\u0259si m\u0259qs\u0259dil\u0259 b\u00f6lg\u0259d\u0259 lokal xarakterli antiterror t\u0259dbirl\u0259rin\u0259 ba\u015flan\u0131l\u0131b.<\/p>\n<p>S\u00fcjetd\u0259 Az\u0259rbaycan\u0131n 24 saatl\u0131q antiterror t\u0259dbirl\u0259rinin sonunda qar\u015f\u0131s\u0131na qoydu\u011fu m\u0259qs\u0259dl\u0259r\u0259 tam \u015f\u0259kild\u0259 nail oldu\u011fu, t\u0259dbirl\u0259rin n\u0259tic\u0259si olaraq Xank\u0259ndid\u0259 m\u0259skunla\u015fm\u0131\u015f separat\u00e7\u0131 rejimin t\u0259slim oldu\u011fu v\u0259 onlar\u0131n h\u0259rbi arsenal\u0131n\u0131n da\u011f\u0131d\u0131laraq m\u0259hv edildiyi bildirilir. Rusiya s\u00fclhm\u0259raml\u0131 q\u00fcvv\u0259l\u0259rinin vasit\u0259\u00e7iliyi il\u0259 \u0259ld\u0259 olunmu\u015f raz\u0131l\u0131\u011fa \u0259sas\u0259n, Erm\u0259nistan\u0131n Qaraba\u011fda m\u0259skunla\u015fan silahl\u0131 birl\u0259\u015fm\u0259l\u0259ri Az\u0259rbaycan \u0259razil\u0259rini t\u0259rk edir, qeyri-qanuni erm\u0259ni silahl\u0131 d\u0259st\u0259l\u0259ri burax\u0131l\u0131r, h\u0259m\u00e7inin b\u00fct\u00fcn silah-sursat v\u0259 a\u011f\u0131r texnika t\u0259hvil verilir.<\/p>\n<p>Eyni zamanda, sentyabr\u0131n 21-d\u0259 Az\u0259rbaycan m\u0259rk\u0259zi h\u00f6kum\u0259tinin t\u0259msil\u00e7il\u0259ri il\u0259 Qaraba\u011f icmas\u0131n\u0131n n\u00fcmay\u0259nd\u0259l\u0259ri aras\u0131nda Yevlax \u015f\u0259h\u0259rind\u0259 ke\u00e7iril\u0259n g\u00f6r\u00fc\u015f\u00fcn \u0259h\u0259miyy\u0259tin\u0259 diqq\u0259t \u00e7\u0259kilir, uzun ill\u0259r kriminal xunta rejiminin \u0259sirin\u0259 \u00e7evrilmi\u015f b\u00f6lg\u0259nin erm\u0259ni sakinl\u0259rinin art\u0131q azadl\u0131q \u0259ld\u0259 etdikl\u0259ri, onlar\u0131n b\u00fct\u00fcn h\u00fcquqlar\u0131n\u0131n t\u0259min edil\u0259c\u0259yi v\u0259 Az\u0259rbaycan c\u0259miyy\u0259tin\u0259 sosial-iqtisadi reinteqrasiya plan\u0131n\u0131n haz\u0131r oldu\u011fu vur\u011fulan\u0131r.<\/p>\n<p>&nbsp;<\/p>\n<div class=\"gallery\">\n<div class=\"gallery-i\"><img src=\"https:\/\/cdn.oxu.az\/uploads\/W1siZiIsIjIwMjMvMDkvMjMvMDgvNTIvMTgvZWVjOWJiZDctZTc2NC00MjhjLWE2YzMtNTZkYTlmMzlkZTVlL2MxZjY0MDFlLTU4YzgtNGMzYy1hMjE0LTE2MTA2MTgxNzM5Zi5qcGciXSxbInAiLCJlbmNvZGUiLCJqcGciLCItcXVhbGl0eSA4MCJdLFsicCIsInRodW1iIiwiNTkweDU5MFx1MDAzZSJdXQ?sha=ba1b0a5df5017659\" alt=\"\" \/><\/p>\n<div class=\"gallery-i-caption\"><\/div>\n<\/div>\n<div class=\"gallery-i\"><img src=\"https:\/\/cdn.oxu.az\/uploads\/W1siZiIsIjIwMjMvMDkvMjMvMDgvNTIvMTgvODQ0MDc4MmYtYmY1Ni00MmQzLTkwYjUtYWFiMDc5YjViMmI4L2ZjNjQwYWIwLThlYjUtNDUzYy04MjM4LWVmNWNlZjYyOTFjNy5qcGciXSxbInAiLCJlbmNvZGUiLCJqcGciLCItcXVhbGl0eSA4MCJdLFsicCIsInRodW1iIiwiNTkweDU5MFx1MDAzZSJdXQ?sha=c52192ed9c56dfc3\" alt=\"\" \/><\/p>\n<div class=\"gallery-i-caption\"><\/div>\n<\/div>\n<div class=\"gallery-i\"><img src=\"https:\/\/cdn.oxu.az\/uploads\/W1siZiIsIjIwMjMvMDkvMjMvMDgvNTIvMTgvNjI3NjNlNzYtNDQ4ZS00NDkzLWFkNjUtOWI5NDVhMDA1OGFjL0lNR181NzQzLmpwZyJdLFsicCIsImVuY29kZSIsImpwZyIsIi1xdWFsaXR5IDgwIl0sWyJwIiwidGh1bWIiLCI1OTB4NTkwXHUwMDNlIl1d?sha=0fb0b57c9dfee8e7\" alt=\"\" \/><\/div>\n<\/div>\n","protected":false},"excerpt":{"rendered":"<p>B\u00fct\u00fcn Amerika qit\u0259si \u00fczr\u0259 f\u0259aliyy\u0259t g\u00f6st\u0259r\u0259n Kolumbiyan\u0131n apar\u0131c\u0131 x\u0259b\u0259r telekanal\u0131 \u201cNTN24\u201dd\u0259 Az\u0259rbaycan Silahl\u0131 Q\u00fcvv\u0259l\u0259ri t\u0259r\u0259find\u0259n Qaraba\u011f iqtisadi rayonunda ke\u00e7iril\u0259n lokal xarakterli antiterror t\u0259dbirl\u0259ri v\u0259 onun n\u0259tic\u0259l\u0259rin\u0259 dair geni\u015f s\u00fcjet yay\u0131mlan\u0131b. Bu bar\u0259d\u0259 Az\u0259rbaycan\u0131n Meksikadak\u0131 s\u0259firliyind\u0259n bildirilib. S\u00fcjetd\u0259 telekanal\u0131n jurnalisti t\u0259r\u0259find\u0259n m\u0259s\u0259l\u0259 il\u0259 \u0259laq\u0259dar \u00f6lk\u0259mizin Kolumbiyadak\u0131 s\u0259firi M\u0259mm\u0259d Tal\u0131bova \u00fcnvanlanm\u0131\u015f suallara \u0259trafl\u0131 cavablar da \u0259ksini tap\u0131b. Qeyd olunub ki, Erm\u0259nistan t\u0259r\u0259finin bitm\u0259y\u0259n t\u0259xribatlar\u0131, t\u00f6r\u0259tdiyi terror \u0259m\u0259ll\u0259ri v\u0259 2020-ci ilin 10 noyabr tarixind\u0259 imzalanm\u0131\u015f \u00dc\u00e7t\u0259r\u0259fli B\u0259yanat\u0131n \u015f\u0259rtl\u0259rin\u0259 riay\u0259t etm\u0259m\u0259si lokal xarakterli antiterror t\u0259dbirl\u0259rini qa\u00e7\u0131lmaz edib. Erm\u0259ni silahl\u0131 q\u00fcvv\u0259l\u0259rinin t\u0259xribat-diversiya qrupu t\u0259r\u0259find\u0259n h\u0259yata&hellip;<\/p>\n","protected":false},"author":2,"featured_media":636611,"comment_status":"closed","ping_status":"closed","sticky":false,"template":"","format":"standard","meta":{"om_disable_all_campaigns":false,"_monsterinsights_skip_tracking":false,"_monsterinsights_sitenote_active":false,"_monsterinsights_sitenote_note":"","_monsterinsights_sitenote_category":0},"categories":[4],"tags":[],"aioseo_notices":[],"gutentor_comment":0,"rttpg_featured_image_url":{"full":["https:\/\/arantv.az\/wp-content\/uploads\/2023\/09\/f263e62e-0f26-4278-96c0-ea3d53a703e8.jpg",620,413,false],"landscape":["https:\/\/arantv.az\/wp-content\/uploads\/2023\/09\/f263e62e-0f26-4278-96c0-ea3d53a703e8.jpg",620,413,false],"portraits":["https:\/\/arantv.az\/wp-content\/uploads\/2023\/09\/f263e62e-0f26-4278-96c0-ea3d53a703e8.jpg",620,413,false],"thumbnail":["https:\/\/arantv.az\/wp-content\/uploads\/2023\/09\/f263e62e-0f26-4278-96c0-ea3d53a703e8-500x280.jpg",500,280,true],"medium":["https:\/\/arantv.az\/wp-content\/uploads\/2023\/09\/f263e62e-0f26-4278-96c0-ea3d53a703e8-548x365.jpg",548,365,true],"large":["https:\/\/arantv.az\/wp-content\/uploads\/2023\/09\/f263e62e-0f26-4278-96c0-ea3d53a703e8.jpg",620,413,false],"1536x1536":["https:\/\/arantv.az\/wp-content\/uploads\/2023\/09\/f263e62e-0f26-4278-96c0-ea3d53a703e8.jpg",620,413,false],"2048x2048":["https:\/\/arantv.az\/wp-content\/uploads\/2023\/09\/f263e62e-0f26-4278-96c0-ea3d53a703e8.jpg",620,413,false],"post-thumbnail":["https:\/\/arantv.az\/wp-content\/uploads\/2023\/09\/f263e62e-0f26-4278-96c0-ea3d53a703e8-240x172.jpg",240,172,true],"advps-thumb-one":["https:\/\/arantv.az\/wp-content\/uploads\/2023\/09\/f263e62e-0f26-4278-96c0-ea3d53a703e8.jpg",620,413,false]},"rttpg_author":{"display_name":"V\u00fcsal Rafiqo\u011flu","author_link":"https:\/\/arantv.az\/?author=2"},"rttpg_comment":0,"rttpg_category":"<a href=\"https:\/\/arantv.az\/?cat=4\" rel=\"category\">Siyas\u0259t<\/a>","rttpg_excerpt":"B\u00fct\u00fcn Amerika qit\u0259si \u00fczr\u0259 f\u0259aliyy\u0259t g\u00f6st\u0259r\u0259n Kolumbiyan\u0131n apar\u0131c\u0131 x\u0259b\u0259r telekanal\u0131 \u201cNTN24\u201dd\u0259 Az\u0259rbaycan Silahl\u0131 Q\u00fcvv\u0259l\u0259ri t\u0259r\u0259find\u0259n Qaraba\u011f iqtisadi rayonunda ke\u00e7iril\u0259n lokal xarakterli antiterror t\u0259dbirl\u0259ri v\u0259 onun n\u0259tic\u0259l\u0259rin\u0259 dair geni\u015f s\u00fcjet yay\u0131mlan\u0131b. Bu bar\u0259d\u0259 Az\u0259rbaycan\u0131n Meksikadak\u0131 s\u0259firliyind\u0259n bildirilib. S\u00fcjetd\u0259 telekanal\u0131n jurnalisti t\u0259r\u0259find\u0259n m\u0259s\u0259l\u0259 il\u0259 \u0259laq\u0259dar \u00f6lk\u0259mizin Kolumbiyadak\u0131 s\u0259firi M\u0259mm\u0259d Tal\u0131bova \u00fcnvanlanm\u0131\u015f suallara \u0259trafl\u0131 cavablar da \u0259ksini tap\u0131b.&hellip;","_links":{"self":[{"href":"https:\/\/arantv.az\/index.php?rest_route=\/wp\/v2\/posts\/636610"}],"collection":[{"href":"https:\/\/arantv.az\/index.php?rest_route=\/wp\/v2\/posts"}],"about":[{"href":"https:\/\/arantv.az\/index.php?rest_route=\/wp\/v2\/types\/post"}],"author":[{"embeddable":true,"href":"https:\/\/arantv.az\/index.php?rest_route=\/wp\/v2\/users\/2"}],"replies":[{"embeddable":true,"href":"https:\/\/arantv.az\/index.php?rest_route=%2Fwp%2Fv2%2Fcomments&post=636610"}],"version-history":[{"count":0,"href":"https:\/\/arantv.az\/index.php?rest_route=\/wp\/v2\/posts\/636610\/revisions"}],"wp:featuredmedia":[{"embeddable":true,"href":"https:\/\/arantv.az\/index.php?rest_route=\/wp\/v2\/media\/636611"}],"wp:attachment":[{"href":"https:\/\/arantv.az\/index.php?rest_route=%2Fwp%2Fv2%2Fmedia&parent=636610"}],"wp:term":[{"taxonomy":"category","embeddable":true,"href":"https:\/\/arantv.az\/index.php?rest_route=%2Fwp%2Fv2%2Fcategories&post=636610"},{"taxonomy":"post_tag","embeddable":true,"href":"https:\/\/arantv.az\/index.php?rest_route=%2Fwp%2Fv2%2Ftags&post=636610"}],"curies":[{"name":"wp","href":"https:\/\/api.w.org\/{rel}","templated":true}]}}