{"id":636614,"date":"2023-09-23T10:22:43","date_gmt":"2023-09-23T06:22:43","guid":{"rendered":"https:\/\/arantv.az\/?p=636614"},"modified":"2023-09-23T10:22:43","modified_gmt":"2023-09-23T06:22:43","slug":"meksika-q%c9%99zeti-regionun-enerji-x%c9%99rit%c9%99sini-d%c9%99yis%c9%99n-az%c9%99rbaycan-ciddi-cagirislarla-uzl%c9%99sib-foto","status":"publish","type":"post","link":"https:\/\/arantv.az\/?p=636614","title":{"rendered":"Meksika q\u0259zeti: \u201cRegionun enerji x\u0259rit\u0259sini d\u0259yi\u015f\u0259n Az\u0259rbaycan ciddi \u00e7a\u011f\u0131r\u0131\u015flarla \u00fczl\u0259\u015fib\u201d &#8211; FOTO"},"content":{"rendered":"<p>Lat\u0131n Amerikas\u0131n\u0131n \u0259n n\u00fcfuzlu t\u0259hsil ocaqlar\u0131ndan biri olan Meksika Milli Muxtar Universitetinin (UNAM) m\u0259tbu orqan\u0131 \u201cGaceta UNAM\u201d q\u0259zetind\u0259 \u201cAz\u0259rbaycan m\u00fch\u00fcm enerji m\u0259rk\u0259zidir\u201d ba\u015fl\u0131ql\u0131 m\u0259qal\u0259 d\u0259rc olunub.<\/p>\n<p>Bu bar\u0259d\u0259\u00a0<strong>Oxu.Az<\/strong>-a Az\u0259rbaycan\u0131n Meksikadak\u0131 s\u0259firliyind\u0259n bildirilib.<\/p>\n<p>M\u0259qal\u0259 Siyasi v\u0259 sosial elml\u0259r fak\u00fclt\u0259sinin Beyn\u0259lxalq m\u00fcnasib\u0259tl\u0259r m\u0259rk\u0259zinin m\u00fc\u0259llimi Talya \u0130\u015fcan\u0131n m\u00fcsahib\u0259si \u0259sas\u0131nda q\u0259l\u0259m\u0259 al\u0131n\u0131b. M\u0259qal\u0259d\u0259 Rusiya-Ukrayna m\u00fcharib\u0259si fonunda Az\u0259rbaycan v\u0259 C\u0259nubi Qafqaz regionunun g\u00fcnb\u0259g\u00fcn artan \u0259h\u0259miyy\u0259ti vur\u011fulan\u0131r, \u00f6lk\u0259mizin post-m\u00fcnaqi\u015f\u0259 d\u00f6vr\u00fcnd\u0259 \u00fczl\u0259\u015fdiyi \u00e7a\u011f\u0131r\u0131\u015flara diqq\u0259t \u00e7\u0259kilir.<\/p>\n<p>Qeyd olunur ki, \u0259lveri\u015fli geostrateji m\u00f6vqey\u0259 malik olan Az\u0259rbaycan son ill\u0259rd\u0259 Avrasiya regionunun enerji x\u0259rit\u0259sini b\u00fct\u00fcnl\u00fckl\u0259 d\u0259yi\u015f\u0259r\u0259k m\u00fch\u00fcm n\u0259qliyyat v\u0259 enerji m\u0259rk\u0259zin\u0259 \u00e7evrilib v\u0259 Lat\u0131n Amerikas\u0131 \u00f6lk\u0259l\u0259ri Az\u0259rbaycan\u0131n t\u0259klif etdiyi imkanlar\u0131 n\u0259z\u0259r\u0259 almal\u0131d\u0131r.<\/p>\n<div id=\"22889818619\">\n<div id=\"google_ads_iframe_\/22785635315\/22890818619_0__container__\"><\/div>\n<\/div>\n<p>M\u0259qal\u0259d\u0259 C\u0259nubi Qafqaz\u0131n bu g\u00fcn \u015e\u0259rq v\u0259 Q\u0259rb d\u00fcnyas\u0131 aras\u0131nda birl\u0259\u015fdirici rolunu oynad\u0131\u011f\u0131 vur\u011fulan\u0131r, haz\u0131rda d\u00fcnyan\u0131n \u0259n \u00e7ox sanksiyalara m\u0259ruz qalan iki \u00f6lk\u0259si \u2013 Rusiya v\u0259 \u0130ran\u0131n strateji m\u00f6vq\u0259l\u0259rinin z\u0259ifl\u0259m\u0259si il\u0259 birlikd\u0259 Az\u0259rbaycan\u0131n d\u00fcnyamiqyasl\u0131 layih\u0259l\u0259rl\u0259 \u00f6n\u0259 \u00e7\u0131xd\u0131\u011f\u0131 bildirilir: Avropa v\u0259 Asiya aras\u0131ndak\u0131 \u0259n q\u0131sa d\u0259mir yolu mar\u015frutu, Bak\u0131-Tbilisi-Qars\u00a0d\u0259mir yolu v\u0259 C\u0259nub Qaz D\u0259hlizi buna misal olaraq g\u00f6st\u0259rilir.<\/p>\n<p>Eyni zamanda, Az\u0259rbaycan torpaqlar\u0131n\u0131n i\u015f\u011fal alt\u0131nda saxlan\u0131lmas\u0131n\u0131n a\u011f\u0131r n\u0259tic\u0259l\u0259rinin bu g\u00fcn d\u0259 hiss edilm\u0259sin\u0259 v\u0259 y\u00fczminl\u0259rl\u0259 az\u0259rbaycanl\u0131n\u0131n \u00f6z do\u011fma yurdlar\u0131ndan did\u0259rgin sal\u0131nmas\u0131na baxmayaraq, Az\u0259rbaycan H\u00f6kum\u0259ti t\u0259r\u0259find\u0259n onlar\u0131n t\u0259hl\u00fck\u0259siz v\u0259 l\u0259yaq\u0259tli \u015f\u0259kild\u0259 qay\u0131d\u0131\u015f\u0131n\u0131n t\u0259mini \u00fc\u00e7\u00fcn b\u00fct\u00fcn z\u0259ruri t\u0259dbirl\u0259rin h\u0259yata ke\u00e7irildiyi qeyd olunur.<\/p>\n<p>&nbsp;<\/p>\n<div class=\"gallery\">\n<div class=\"gallery-i\"><img src=\"https:\/\/cdn.oxu.az\/uploads\/W1siZiIsIjIwMjMvMDkvMjMvMDEvMjIvMjQvMjk3N2U3OGMtMTU5ZS00MGVmLThmODItNjlhNGJlYjE3NDA0L2U3MDcyMzJjLWVjODMtMzc0OC1hMTM2LTRlN2Y5NGJjZmYxYS5qcGVnIl0sWyJwIiwiZW5jb2RlIiwianBnIiwiLXF1YWxpdHkgODAiXSxbInAiLCJ0aHVtYiIsIjU5MHg1OTBcdTAwM2UiXV0?sha=d6a2c5cc91f6d4b3\" alt=\"\" \/><\/p>\n<div class=\"gallery-i-caption\"><\/div>\n<\/div>\n<div class=\"gallery-i\"><img src=\"https:\/\/cdn.oxu.az\/uploads\/W1siZiIsIjIwMjMvMDkvMjMvMDEvMjIvMjQvY2MyMTY5ZjAtMGNkNS00ZjdiLTgzOWItMTI5YzA0ZmI2OTRjLzg2OWQ5ZTUwLWFjODctMzNhZS1iNzU3LThiODBkYzU0MTk2Yi5qcGVnIl0sWyJwIiwiZW5jb2RlIiwianBnIiwiLXF1YWxpdHkgODAiXSxbInAiLCJ0aHVtYiIsIjU5MHg1OTBcdTAwM2UiXV0?sha=6d86732b15070ac2\" alt=\"\" \/><\/div>\n<\/div>\n","protected":false},"excerpt":{"rendered":"<p>Lat\u0131n Amerikas\u0131n\u0131n \u0259n n\u00fcfuzlu t\u0259hsil ocaqlar\u0131ndan biri olan Meksika Milli Muxtar Universitetinin (UNAM) m\u0259tbu orqan\u0131 \u201cGaceta UNAM\u201d q\u0259zetind\u0259 \u201cAz\u0259rbaycan m\u00fch\u00fcm enerji m\u0259rk\u0259zidir\u201d ba\u015fl\u0131ql\u0131 m\u0259qal\u0259 d\u0259rc olunub. Bu bar\u0259d\u0259\u00a0Oxu.Az-a Az\u0259rbaycan\u0131n Meksikadak\u0131 s\u0259firliyind\u0259n bildirilib. M\u0259qal\u0259 Siyasi v\u0259 sosial elml\u0259r fak\u00fclt\u0259sinin Beyn\u0259lxalq m\u00fcnasib\u0259tl\u0259r m\u0259rk\u0259zinin m\u00fc\u0259llimi Talya \u0130\u015fcan\u0131n m\u00fcsahib\u0259si \u0259sas\u0131nda q\u0259l\u0259m\u0259 al\u0131n\u0131b. M\u0259qal\u0259d\u0259 Rusiya-Ukrayna m\u00fcharib\u0259si fonunda Az\u0259rbaycan v\u0259 C\u0259nubi Qafqaz regionunun g\u00fcnb\u0259g\u00fcn artan \u0259h\u0259miyy\u0259ti vur\u011fulan\u0131r, \u00f6lk\u0259mizin post-m\u00fcnaqi\u015f\u0259 d\u00f6vr\u00fcnd\u0259 \u00fczl\u0259\u015fdiyi \u00e7a\u011f\u0131r\u0131\u015flara diqq\u0259t \u00e7\u0259kilir. Qeyd olunur ki, \u0259lveri\u015fli geostrateji m\u00f6vqey\u0259 malik olan Az\u0259rbaycan son ill\u0259rd\u0259 Avrasiya regionunun enerji x\u0259rit\u0259sini b\u00fct\u00fcnl\u00fckl\u0259 d\u0259yi\u015f\u0259r\u0259k m\u00fch\u00fcm n\u0259qliyyat v\u0259 enerji m\u0259rk\u0259zin\u0259&hellip;<\/p>\n","protected":false},"author":2,"featured_media":636615,"comment_status":"closed","ping_status":"closed","sticky":false,"template":"","format":"standard","meta":{"om_disable_all_campaigns":false,"_monsterinsights_skip_tracking":false,"_monsterinsights_sitenote_active":false,"_monsterinsights_sitenote_note":"","_monsterinsights_sitenote_category":0},"categories":[4],"tags":[],"aioseo_notices":[],"gutentor_comment":0,"rttpg_featured_image_url":{"full":["https:\/\/arantv.az\/wp-content\/uploads\/2023\/09\/13eda38e-b872-4b00-b30e-42e16633af52_850.jpg",620,413,false],"landscape":["https:\/\/arantv.az\/wp-content\/uploads\/2023\/09\/13eda38e-b872-4b00-b30e-42e16633af52_850.jpg",620,413,false],"portraits":["https:\/\/arantv.az\/wp-content\/uploads\/2023\/09\/13eda38e-b872-4b00-b30e-42e16633af52_850.jpg",620,413,false],"thumbnail":["https:\/\/arantv.az\/wp-content\/uploads\/2023\/09\/13eda38e-b872-4b00-b30e-42e16633af52_850-500x280.jpg",500,280,true],"medium":["https:\/\/arantv.az\/wp-content\/uploads\/2023\/09\/13eda38e-b872-4b00-b30e-42e16633af52_850-548x365.jpg",548,365,true],"large":["https:\/\/arantv.az\/wp-content\/uploads\/2023\/09\/13eda38e-b872-4b00-b30e-42e16633af52_850.jpg",620,413,false],"1536x1536":["https:\/\/arantv.az\/wp-content\/uploads\/2023\/09\/13eda38e-b872-4b00-b30e-42e16633af52_850.jpg",620,413,false],"2048x2048":["https:\/\/arantv.az\/wp-content\/uploads\/2023\/09\/13eda38e-b872-4b00-b30e-42e16633af52_850.jpg",620,413,false],"post-thumbnail":["https:\/\/arantv.az\/wp-content\/uploads\/2023\/09\/13eda38e-b872-4b00-b30e-42e16633af52_850-240x172.jpg",240,172,true],"advps-thumb-one":["https:\/\/arantv.az\/wp-content\/uploads\/2023\/09\/13eda38e-b872-4b00-b30e-42e16633af52_850.jpg",620,413,false]},"rttpg_author":{"display_name":"V\u00fcsal Rafiqo\u011flu","author_link":"https:\/\/arantv.az\/?author=2"},"rttpg_comment":0,"rttpg_category":"<a href=\"https:\/\/arantv.az\/?cat=4\" rel=\"category\">Siyas\u0259t<\/a>","rttpg_excerpt":"Lat\u0131n Amerikas\u0131n\u0131n \u0259n n\u00fcfuzlu t\u0259hsil ocaqlar\u0131ndan biri olan Meksika Milli Muxtar Universitetinin (UNAM) m\u0259tbu orqan\u0131 \u201cGaceta UNAM\u201d q\u0259zetind\u0259 \u201cAz\u0259rbaycan m\u00fch\u00fcm enerji m\u0259rk\u0259zidir\u201d ba\u015fl\u0131ql\u0131 m\u0259qal\u0259 d\u0259rc olunub. Bu bar\u0259d\u0259\u00a0Oxu.Az-a Az\u0259rbaycan\u0131n Meksikadak\u0131 s\u0259firliyind\u0259n bildirilib. M\u0259qal\u0259 Siyasi v\u0259 sosial elml\u0259r fak\u00fclt\u0259sinin Beyn\u0259lxalq m\u00fcnasib\u0259tl\u0259r m\u0259rk\u0259zinin m\u00fc\u0259llimi Talya \u0130\u015fcan\u0131n m\u00fcsahib\u0259si \u0259sas\u0131nda q\u0259l\u0259m\u0259 al\u0131n\u0131b. M\u0259qal\u0259d\u0259 Rusiya-Ukrayna m\u00fcharib\u0259si fonunda Az\u0259rbaycan v\u0259 C\u0259nubi&hellip;","_links":{"self":[{"href":"https:\/\/arantv.az\/index.php?rest_route=\/wp\/v2\/posts\/636614"}],"collection":[{"href":"https:\/\/arantv.az\/index.php?rest_route=\/wp\/v2\/posts"}],"about":[{"href":"https:\/\/arantv.az\/index.php?rest_route=\/wp\/v2\/types\/post"}],"author":[{"embeddable":true,"href":"https:\/\/arantv.az\/index.php?rest_route=\/wp\/v2\/users\/2"}],"replies":[{"embeddable":true,"href":"https:\/\/arantv.az\/index.php?rest_route=%2Fwp%2Fv2%2Fcomments&post=636614"}],"version-history":[{"count":0,"href":"https:\/\/arantv.az\/index.php?rest_route=\/wp\/v2\/posts\/636614\/revisions"}],"wp:featuredmedia":[{"embeddable":true,"href":"https:\/\/arantv.az\/index.php?rest_route=\/wp\/v2\/media\/636615"}],"wp:attachment":[{"href":"https:\/\/arantv.az\/index.php?rest_route=%2Fwp%2Fv2%2Fmedia&parent=636614"}],"wp:term":[{"taxonomy":"category","embeddable":true,"href":"https:\/\/arantv.az\/index.php?rest_route=%2Fwp%2Fv2%2Fcategories&post=636614"},{"taxonomy":"post_tag","embeddable":true,"href":"https:\/\/arantv.az\/index.php?rest_route=%2Fwp%2Fv2%2Ftags&post=636614"}],"curies":[{"name":"wp","href":"https:\/\/api.w.org\/{rel}","templated":true}]}}