{"id":636617,"date":"2023-09-23T11:03:48","date_gmt":"2023-09-23T07:03:48","guid":{"rendered":"https:\/\/arantv.az\/?p=636617"},"modified":"2023-09-23T11:03:48","modified_gmt":"2023-09-23T07:03:48","slug":"az%c9%99rbaycanin-rus-icmasi-qarabagin-erm%c9%99ni-%c9%99halisinin-reinteqrasiyasini-d%c9%99st%c9%99kl%c9%99yir","status":"publish","type":"post","link":"https:\/\/arantv.az\/?p=636617","title":{"rendered":"Az\u0259rbaycan\u0131n Rus \u0130cmas\u0131 Qaraba\u011f\u0131n erm\u0259ni \u0259halisinin reinteqrasiyas\u0131n\u0131 d\u0259st\u0259kl\u0259yir"},"content":{"rendered":"<p>Az\u0259rbaycan\u0131n Rus \u0130cmas\u0131 \u00f6lk\u0259 r\u0259hb\u0259rliyinin Qaraba\u011f\u0131n erm\u0259ni \u0259halisinin \u00e7oxmill\u0259tli Az\u0259rbaycan c\u0259miyy\u0259tin\u0259 tez bir zamanda reinteqrasiyas\u0131na y\u00f6n\u0259lmi\u015f s\u0259yl\u0259rini tam d\u0259st\u0259kl\u0259yir.<\/p>\n<p>Bu bar\u0259d\u0259 icman\u0131n b\u0259yanat\u0131nda deyilir.<\/p>\n<p>\u201cQaraba\u011fda lokal antiterror t\u0259dbirl\u0259ri v\u0259 sentyabr\u0131n 21-d\u0259 Yevlax \u015f\u0259h\u0259rind\u0259 Az\u0259rbaycan Prezidentinin n\u00fcmay\u0259nd\u0259l\u0259ri il\u0259 Qaraba\u011f\u0131n erm\u0259ni sakinl\u0259rinin t\u0259msil\u00e7il\u0259ri aras\u0131nda ke\u00e7iril\u0259n g\u00f6r\u00fc\u015f uzunm\u00fcdd\u0259tli m\u00fcnaqi\u015f\u0259y\u0259 son qoyub. N\u00f6vb\u0259ti g\u00fcn Qaraba\u011f\u0131n erm\u0259ni sakinl\u0259rinin n\u00fcmay\u0259nd\u0259l\u0259rinin xahi\u015fi il\u0259 sosial v\u0259 humanitar m\u0259s\u0259l\u0259l\u0259rin m\u00fczakir\u0259si kontekstind\u0259 A\u011fdam-Xank\u0259ndi yolu il\u0259 m\u00fcxt\u0259lif \u0259rzaq m\u0259hsullar\u0131 v\u0259 gigiyena vasit\u0259l\u0259ri olan iki y\u00fck ma\u015f\u0131n\u0131, o c\u00fcml\u0259d\u0259n \u00e7\u00f6r\u0259k dolu iki avtomobil yola sal\u0131n\u0131b\u201d, &#8211; b\u0259yanatda vur\u011fulan\u0131b.<\/p>\n<p>\u201cAz\u0259rbaycan\u0131n rus \u0259halisi olaraq \u0259minik ki, Qaraba\u011f b\u00f6lg\u0259si erm\u0259nil\u0259rinin reinteqrasiyas\u0131 \u00fczr\u0259 sosial-iqtisadi plan \u00f6lk\u0259 Konstitusiyas\u0131n\u0131n b\u00fct\u00fcn h\u00fcquq v\u0259 normalar\u0131na tam uy\u011fundur. Az\u0259rbaycan \u0259n\u0259n\u0259vi olaraq bir \u00e7ox etnik qruplar\u0131n s\u00fclh v\u0259 harmoniya \u015f\u0259raitind\u0259 ya\u015fad\u0131\u011f\u0131 \u00e7oxmill\u0259tli, multikultural \u00f6lk\u0259dir. Tariximiz boyu milliyy\u0259tind\u0259n v\u0259 dinind\u0259n as\u0131l\u0131 olmayaraq \u00f6lk\u0259mizd\u0259 ya\u015fayan b\u00fct\u00fcn xalqlar aras\u0131nda h\u0259mi\u015f\u0259 s\u00fclh olub. B\u00fct\u00fcn C\u0259nubi Qafqazda s\u00fclh\u00fcn, inki\u015faf\u0131n v\u0259 firavanl\u0131\u011f\u0131n vaxt\u0131 \u00e7at\u0131b\u201d, &#8211; m\u0259tnd\u0259 bildirilib.<\/p>\n<p>Qeyd olunub ki, Az\u0259rbaycan\u0131n r\u0259\u015fad\u0259tli Ordusu Ali Ba\u015f Komandan, Prezident\u00a0<strong>\u0130lham \u018fliyevin\u00a0<\/strong>r\u0259hb\u0259rliyi il\u0259 Qaraba\u011f\u0131n erm\u0259ni sakinl\u0259rini uzun ill\u0259r hakimiyy\u0259ti zorla \u0259lind\u0259 saxlam\u0131\u015f cinay\u0259tkarlar\u0131n h\u0259rbi xuntas\u0131ndan azad ed\u0259r\u0259k d\u00f6y\u00fc\u015f meydan\u0131nda \u0259sl q\u0259hr\u0259manl\u0131q v\u0259 v\u0259t\u0259np\u0259rv\u0259rlik n\u00fcmayi\u015f etdirib:<\/p>\n<p>\u201cV\u0259t\u0259n u\u011frunda canlar\u0131ndan ke\u00e7mi\u015f q\u0259hr\u0259manlar\u0131m\u0131z\u0131 h\u0259r zaman xat\u0131rlayaca\u011f\u0131q. T\u0259\u0259ss\u00fcf ki, lokal antiterror t\u0259dbirl\u0259ri zaman\u0131 \u015f\u0259hidl\u0259rimiz oldu. H\u0259lak olanlar\u0131n ail\u0259l\u0259rin\u0259 ba\u015fsa\u011fl\u0131\u011f\u0131 verir v\u0259 yaral\u0131lar\u0131n tezlikl\u0259 sa\u011falmas\u0131n\u0131 arzulay\u0131r\u0131q. H\u0259m\u00e7inin, h\u0259lak olmu\u015f Rusiya s\u00fclhm\u0259raml\u0131lar\u0131n\u0131n ail\u0259l\u0259rin\u0259 ba\u015fsa\u011fl\u0131\u011f\u0131 veririk v\u0259 bundan sonra s\u00fclh\u00fcn \u0259b\u0259di olaraq b\u0259rq\u0259rar olaca\u011f\u0131na \u00fcmid edirik\u201d.<\/p>\n","protected":false},"excerpt":{"rendered":"<p>Az\u0259rbaycan\u0131n Rus \u0130cmas\u0131 \u00f6lk\u0259 r\u0259hb\u0259rliyinin Qaraba\u011f\u0131n erm\u0259ni \u0259halisinin \u00e7oxmill\u0259tli Az\u0259rbaycan c\u0259miyy\u0259tin\u0259 tez bir zamanda reinteqrasiyas\u0131na y\u00f6n\u0259lmi\u015f s\u0259yl\u0259rini tam d\u0259st\u0259kl\u0259yir. Bu bar\u0259d\u0259 icman\u0131n b\u0259yanat\u0131nda deyilir. \u201cQaraba\u011fda lokal antiterror t\u0259dbirl\u0259ri v\u0259 sentyabr\u0131n 21-d\u0259 Yevlax \u015f\u0259h\u0259rind\u0259 Az\u0259rbaycan Prezidentinin n\u00fcmay\u0259nd\u0259l\u0259ri il\u0259 Qaraba\u011f\u0131n erm\u0259ni sakinl\u0259rinin t\u0259msil\u00e7il\u0259ri aras\u0131nda ke\u00e7iril\u0259n g\u00f6r\u00fc\u015f uzunm\u00fcdd\u0259tli m\u00fcnaqi\u015f\u0259y\u0259 son qoyub. N\u00f6vb\u0259ti g\u00fcn Qaraba\u011f\u0131n erm\u0259ni sakinl\u0259rinin n\u00fcmay\u0259nd\u0259l\u0259rinin xahi\u015fi il\u0259 sosial v\u0259 humanitar m\u0259s\u0259l\u0259l\u0259rin m\u00fczakir\u0259si kontekstind\u0259 A\u011fdam-Xank\u0259ndi yolu il\u0259 m\u00fcxt\u0259lif \u0259rzaq m\u0259hsullar\u0131 v\u0259 gigiyena vasit\u0259l\u0259ri olan iki y\u00fck ma\u015f\u0131n\u0131, o c\u00fcml\u0259d\u0259n \u00e7\u00f6r\u0259k dolu iki avtomobil yola sal\u0131n\u0131b\u201d, &#8211; b\u0259yanatda vur\u011fulan\u0131b. \u201cAz\u0259rbaycan\u0131n rus \u0259halisi olaraq&hellip;<\/p>\n","protected":false},"author":2,"featured_media":636618,"comment_status":"closed","ping_status":"closed","sticky":false,"template":"","format":"standard","meta":{"om_disable_all_campaigns":false,"_monsterinsights_skip_tracking":false,"_monsterinsights_sitenote_active":false,"_monsterinsights_sitenote_note":"","_monsterinsights_sitenote_category":0},"categories":[4],"tags":[],"aioseo_notices":[],"gutentor_comment":0,"rttpg_featured_image_url":{"full":["https:\/\/arantv.az\/wp-content\/uploads\/2023\/09\/15c2e3b5-e3dc-3273-a98e-4267c9c79b0d_850.jpg",620,413,false],"landscape":["https:\/\/arantv.az\/wp-content\/uploads\/2023\/09\/15c2e3b5-e3dc-3273-a98e-4267c9c79b0d_850.jpg",620,413,false],"portraits":["https:\/\/arantv.az\/wp-content\/uploads\/2023\/09\/15c2e3b5-e3dc-3273-a98e-4267c9c79b0d_850.jpg",620,413,false],"thumbnail":["https:\/\/arantv.az\/wp-content\/uploads\/2023\/09\/15c2e3b5-e3dc-3273-a98e-4267c9c79b0d_850-500x280.jpg",500,280,true],"medium":["https:\/\/arantv.az\/wp-content\/uploads\/2023\/09\/15c2e3b5-e3dc-3273-a98e-4267c9c79b0d_850-548x365.jpg",548,365,true],"large":["https:\/\/arantv.az\/wp-content\/uploads\/2023\/09\/15c2e3b5-e3dc-3273-a98e-4267c9c79b0d_850.jpg",620,413,false],"1536x1536":["https:\/\/arantv.az\/wp-content\/uploads\/2023\/09\/15c2e3b5-e3dc-3273-a98e-4267c9c79b0d_850.jpg",620,413,false],"2048x2048":["https:\/\/arantv.az\/wp-content\/uploads\/2023\/09\/15c2e3b5-e3dc-3273-a98e-4267c9c79b0d_850.jpg",620,413,false],"post-thumbnail":["https:\/\/arantv.az\/wp-content\/uploads\/2023\/09\/15c2e3b5-e3dc-3273-a98e-4267c9c79b0d_850-240x172.jpg",240,172,true],"advps-thumb-one":["https:\/\/arantv.az\/wp-content\/uploads\/2023\/09\/15c2e3b5-e3dc-3273-a98e-4267c9c79b0d_850.jpg",620,413,false]},"rttpg_author":{"display_name":"V\u00fcsal Rafiqo\u011flu","author_link":"https:\/\/arantv.az\/?author=2"},"rttpg_comment":0,"rttpg_category":"<a href=\"https:\/\/arantv.az\/?cat=4\" rel=\"category\">Siyas\u0259t<\/a>","rttpg_excerpt":"Az\u0259rbaycan\u0131n Rus \u0130cmas\u0131 \u00f6lk\u0259 r\u0259hb\u0259rliyinin Qaraba\u011f\u0131n erm\u0259ni \u0259halisinin \u00e7oxmill\u0259tli Az\u0259rbaycan c\u0259miyy\u0259tin\u0259 tez bir zamanda reinteqrasiyas\u0131na y\u00f6n\u0259lmi\u015f s\u0259yl\u0259rini tam d\u0259st\u0259kl\u0259yir. Bu bar\u0259d\u0259 icman\u0131n b\u0259yanat\u0131nda deyilir. \u201cQaraba\u011fda lokal antiterror t\u0259dbirl\u0259ri v\u0259 sentyabr\u0131n 21-d\u0259 Yevlax \u015f\u0259h\u0259rind\u0259 Az\u0259rbaycan Prezidentinin n\u00fcmay\u0259nd\u0259l\u0259ri il\u0259 Qaraba\u011f\u0131n erm\u0259ni sakinl\u0259rinin t\u0259msil\u00e7il\u0259ri aras\u0131nda ke\u00e7iril\u0259n g\u00f6r\u00fc\u015f uzunm\u00fcdd\u0259tli m\u00fcnaqi\u015f\u0259y\u0259 son qoyub. N\u00f6vb\u0259ti g\u00fcn Qaraba\u011f\u0131n erm\u0259ni sakinl\u0259rinin n\u00fcmay\u0259nd\u0259l\u0259rinin xahi\u015fi&hellip;","_links":{"self":[{"href":"https:\/\/arantv.az\/index.php?rest_route=\/wp\/v2\/posts\/636617"}],"collection":[{"href":"https:\/\/arantv.az\/index.php?rest_route=\/wp\/v2\/posts"}],"about":[{"href":"https:\/\/arantv.az\/index.php?rest_route=\/wp\/v2\/types\/post"}],"author":[{"embeddable":true,"href":"https:\/\/arantv.az\/index.php?rest_route=\/wp\/v2\/users\/2"}],"replies":[{"embeddable":true,"href":"https:\/\/arantv.az\/index.php?rest_route=%2Fwp%2Fv2%2Fcomments&post=636617"}],"version-history":[{"count":0,"href":"https:\/\/arantv.az\/index.php?rest_route=\/wp\/v2\/posts\/636617\/revisions"}],"wp:featuredmedia":[{"embeddable":true,"href":"https:\/\/arantv.az\/index.php?rest_route=\/wp\/v2\/media\/636618"}],"wp:attachment":[{"href":"https:\/\/arantv.az\/index.php?rest_route=%2Fwp%2Fv2%2Fmedia&parent=636617"}],"wp:term":[{"taxonomy":"category","embeddable":true,"href":"https:\/\/arantv.az\/index.php?rest_route=%2Fwp%2Fv2%2Fcategories&post=636617"},{"taxonomy":"post_tag","embeddable":true,"href":"https:\/\/arantv.az\/index.php?rest_route=%2Fwp%2Fv2%2Ftags&post=636617"}],"curies":[{"name":"wp","href":"https:\/\/api.w.org\/{rel}","templated":true}]}}