{"id":636621,"date":"2023-09-23T11:04:25","date_gmt":"2023-09-23T07:04:25","guid":{"rendered":"https:\/\/arantv.az\/?p=636621"},"modified":"2023-09-23T11:04:25","modified_gmt":"2023-09-23T07:04:25","slug":"iyirmi-dord-saatin-hokmu-kaspinin-t%c9%99hlili","status":"publish","type":"post","link":"https:\/\/arantv.az\/?p=636621","title":{"rendered":"\u0130yirmi d\u00f6rd saat\u0131n h\u00f6km\u00fc &#8211; \u201cKaspi\u201dnin T\u018fHL\u0130L\u0130"},"content":{"rendered":"<p>Bak\u0131 C\u0259nubi Qafqaz\u0131n \u201cs\u00fclh, \u0259m\u0259kda\u015fl\u0131q v\u0259 rifah evi\u201d olmas\u0131n\u0131 h\u0259d\u0259fl\u0259yir. Bu yolda add\u0131mlayark\u0259n milli maraqlar\u0131m\u0131z\u0131 t\u0259hdid ed\u0259n, torpaqlar\u0131m\u0131za yenid\u0259n g\u00f6z dikm\u0259yi arzulayanlar bir h\u0259qiq\u0259ti tam olaraq anlamal\u0131d\u0131rlar ki, \u201cd\u0259mir yumruq\u201d h\u0259r zaman yerind\u0259dir.<\/p>\n<p>M\u00f6vzu il\u0259\u00a0ba\u011fl\u0131<a href=\"https:\/\/kaspi.az\/iyirmi-dord-saatin-hokmu-t-hlil?fbclid=IwAR0AgmjExQMpmigA3p13Zqx85Yw_RfdkPKA_VzQ8yN9-Y1THpp-j2hP5zuw\" target=\"_blank\" rel=\"noopener\"><strong>\u00a0\u201cKaspi\u201d<\/strong><\/a>\u00a0q\u0259zetinin m\u0259qal\u0259sini t\u0259qdim edirik.<\/p>\n<p>Qaraba\u011fda separatizmin k\u00f6k\u00fcn\u00fc k\u0259sm\u0259k, suverenliyimizin b\u00fct\u00fcn \u0259razil\u0259rimizd\u0259 tam b\u0259rpas\u0131n\u0131 t\u0259min etm\u0259k \u00fc\u00e7\u00fcn d\u0259f\u0259l\u0259rl\u0259 ke\u00e7irilm\u0259sinin bir z\u0259rur\u0259t oldu\u011fu vur\u011fulanan antiterror t\u0259dbirl\u0259ri, n\u0259hay\u0259t, realla\u015f\u0131b. \u00d6z\u00fc d\u0259 b\u00fct\u00fcn proqnozlar\u0131 v\u0259 g\u00f6zl\u0259ntil\u0259ri alt-\u00fcst ed\u0259r\u0259k he\u00e7 d\u0259 g\u00fcnl\u0259rl\u0259, h\u0259ft\u0259l\u0259rl\u0259 yox, c\u0259mi 23 saat 51 d\u0259qiq\u0259 davam edib.<\/p>\n<p><strong>\u201cVur\u201d \u0259mrinin verilm\u0259sin\u0259 s\u0259b\u0259b olan faktorlar\u00a0<\/strong><\/p>\n<p>\u018fslind\u0259, lokal xarakterli antiterror t\u0259dbirl\u0259rinin yax\u0131nla\u015fd\u0131\u011f\u0131n\u0131 g\u00f6st\u0259r\u0259n m\u0259qamlar aylard\u0131r m\u00fc\u015fahid\u0259 edilirdi. Qondarma humanitar b\u00f6hran ad\u0131 il\u0259 \u0130r\u0259van\u0131n ba\u015flatd\u0131\u011f\u0131, separat\u00e7\u0131lar\u0131n is\u0259 ba\u015f rolda oynad\u0131\u011f\u0131 \u015fou prosesl\u0259ri daha da s\u00fcr\u0259tl\u0259ndirdi. La\u00e7\u0131n yolu il\u0259 iki il boyunca qanunsuz silah da\u015f\u0131malar\u0131, \u0259razil\u0259rimizd\u0259ki Erm\u0259nistan ordusunun qal\u0131qlar\u0131n\u0131n \u00e7\u0131xar\u0131lmamas\u0131, mina terrorunun davam etm\u0259si \u0259sas s\u0259b\u0259bl\u0259r olsa da, son barda\u011f\u0131n da\u015fmas\u0131na s\u0259b\u0259b yen\u0259 d\u0259 Pa\u015finyan oldu. Sentyabr\u0131n 2-d\u0259 qondarma rejim\u0259 \u201cm\u00fcst\u0259qillik t\u0259briki\u201d g\u00f6nd\u0259rm\u0259kl\u0259 \u0130r\u0259van\u0131n b\u0259yan etdiyi \u201cQaraba\u011f Az\u0259rbaycand\u0131r\u201d a\u00e7\u0131qlamas\u0131n\u0131n sad\u0259c\u0259 s\u00f6zd\u0259n ibar\u0259t oldu\u011funu b\u00fct\u00fcn d\u00fcnya g\u00f6rd\u00fc. Separat\u00e7\u0131lar\u0131n n\u00f6vb\u0259ti \u201cprezident\u201d se\u00e7m\u0259l\u0259ri, \u201cstatus\u201d m\u0259s\u0259l\u0259sini yenid\u0259n g\u00fcnd\u0259m\u0259 g\u0259tirm\u0259l\u0259ri, son g\u00fcnl\u0259rd\u0259 h\u0259yata ke\u00e7iril\u0259n infrastruktur layih\u0259l\u0259ri v\u0259 Az\u0259rbaycan v\u0259t\u0259nda\u015flar\u0131n\u0131 h\u0259d\u0259f\u0259 alan mina terroru \u201cVur\u201d \u0259mrinin verilm\u0259si il\u0259 n\u0259tic\u0259l\u0259ndi.<\/p>\n<p><strong>Otuzillik probleml\u0259r saatlar i\u00e7ind\u0259 h\u0259ll edildi<\/strong><\/p>\n<p>C\u0259mi bir g\u00fcn davam ed\u0259n lokal t\u0259dbirl\u0259r n\u0259tic\u0259sind\u0259 Az\u0259rbaycan beyn\u0259lxalq h\u00fcquqla tan\u0131nan \u0259razil\u0259rind\u0259 suverenliyini tam olaraq b\u0259rpa etdi. Ciddi t\u0259hl\u00fck\u0259 m\u0259nb\u0259yi say\u0131lan qanunsuz h\u0259rbi birl\u0259\u015fm\u0259l\u0259r t\u0259rk-silah olunma\u011fa raz\u0131l\u0131q verdil\u0259r. Qurama rejimin t\u0259slim akt\u0131na imza atmas\u0131 il\u0259 Qaraba\u011fda separatizm meyill\u0259rinin k\u00f6k\u00fcn\u00fcn k\u0259silm\u0259si istiqam\u0259tind\u0259 tarixi nailiyy\u0259t \u0259ld\u0259 edildi.<\/p>\n<p>&nbsp;<\/p>\n<div class=\"gallery\">\n<div class=\"gallery-i\"><img src=\"https:\/\/cdn.oxu.az\/uploads\/W1siZiIsIjIwMjMvMDkvMjMvMDkvMTkvMDgvMDUwZDgxNjEtNmU1ZS00ZmY4LTgxMjktMzFiOGNjYjgyMjMxL09aNFZMSkJLU05jUlRvQThrQXlhMmc2T2pOWXlmeEhCVFBXYTVhbE4uanBnIl0sWyJwIiwiZW5jb2RlIiwianBnIiwiLXF1YWxpdHkgODAiXSxbInAiLCJ0aHVtYiIsIjU5MHg1OTBcdTAwM2UiXV0?sha=0afe32464b93f305\" alt=\"\" \/><\/p>\n<div class=\"gallery-i-caption\"><\/div>\n<\/div>\n<\/div>\n<p>Antiterror t\u0259dbirl\u0259rinin siyasi t\u0259r\u0259fin\u0259 g\u0259ldikd\u0259 is\u0259, bu proses s\u00fclh dan\u0131\u015f\u0131qlar\u0131nda Erm\u0259nistan\u0131n m\u00fcdd\u0259ti uzatmaq, dan\u0131\u015f\u0131qlar\u0131 yenid\u0259n dalana dir\u0259m\u0259k \u00fc\u00e7\u00fcn istinad ed\u0259 bil\u0259c\u0259yi bir \u00e7ox kartlar\u0131 onun \u0259lind\u0259n \u00e7\u0131xartm\u0131\u015f oldu. Art\u0131q s\u00fclh dan\u0131\u015f\u0131qlar\u0131nda yaln\u0131z iki t\u0259r\u0259f var &#8211; Az\u0259rbaycan v\u0259 Erm\u0259nistan. S\u00fclh prosesinin \u0259sas m\u0259\u011fzini is\u0259 hans\u0131sa \u201cQaraba\u011f erm\u0259nil\u0259rinin h\u00fcquq v\u0259 azadl\u0131qlar\u0131\u201d yox, iki \u00f6lk\u0259 aras\u0131nda s\u0259rh\u0259dl\u0259rin m\u00fc\u0259yy\u0259nl\u0259\u015fm\u0259si, kommunikasiyalar\u0131n, x\u00fcsusil\u0259 d\u0259 Z\u0259ng\u0259zur d\u0259hlizinin a\u00e7\u0131lmas\u0131, indiki Erm\u0259nistan \u0259razisind\u0259n qovulmu\u015f soyda\u015flar\u0131m\u0131z\u0131n tarixi torpaqlar\u0131na qay\u0131d\u0131\u015f\u0131, onlar\u0131n h\u00fcquq v\u0259 t\u0259hl\u00fck\u0259sizlikl\u0259rinin t\u0259mini, \u00f6lk\u0259miz\u0259 qar\u015f\u0131 30 illik i\u015f\u011fal d\u00f6vr\u00fcnd\u0259 vurulmu\u015f ziyana g\u00f6r\u0259 milyardlarla dollar t\u0259zminat\u0131n \u00f6d\u0259nilm\u0259si v\u0259 sair t\u0259\u015fkil ed\u0259c\u0259k.<\/p>\n<p><strong>\u018fsas h\u0259d\u0259f m\u00fclkil\u0259r olmad\u0131<\/strong><\/p>\n<p>Antiterror t\u0259dbirl\u0259rind\u0259n d\u0259rhal sonra Yevlax \u015f\u0259h\u0259rind\u0259ki ilk t\u0259mas Bak\u0131n\u0131n probleml\u0259rin g\u00fcc yolu il\u0259 deyil, dan\u0131\u015f\u0131qlar yolu il\u0259 h\u0259llin\u0259 \u00fcst\u00fcnl\u00fck verdiyini bir daha s\u00fcbut etdi. Qanunsuz silahl\u0131 birl\u0259\u015fm\u0259l\u0259rin l\u0259\u011fvi, separat\u00e7\u0131 rejimin burax\u0131lmas\u0131 v\u0259 Qaraba\u011f\u0131n erm\u0259ni \u0259silli sakinl\u0259rinin Az\u0259rbaycan c\u0259miyy\u0259tin\u0259 reinteqrasiya prosesinin ba\u015flamas\u0131 m\u0259s\u0259l\u0259l\u0259rinin ilkin m\u00fczakir\u0259sinin apar\u0131ld\u0131\u011f\u0131 dialoqdan \u00e7\u0131xan q\u0259rarda humanitar \u00e7\u0259tinlikl\u0259rin h\u0259llin\u0259 d\u0259 x\u00fcsusi diqq\u0259t yetirildiyini b\u00fct\u00fcn d\u00fcnya g\u00f6rd\u00fc. Art\u0131q ilkin n\u0259tic\u0259l\u0259r d\u0259 var. \u00c7ox q\u0131sa zaman k\u0259siyind\u0259 Qaraba\u011fdak\u0131 erm\u0259nil\u0259rin ehtiyaclar\u0131n\u0131n qar\u015f\u0131lanmas\u0131 m\u0259qs\u0259dil\u0259 haz\u0131rlanan ilk yard\u0131m karvan\u0131 A\u011fdam-Xank\u0259ndi yolu il\u0259 b\u00f6lg\u0259y\u0259 yola sal\u0131n\u0131b. \u00d6z\u00fc d\u0259 bu yard\u0131m hans\u0131sa xarici d\u00f6vl\u0259tin deyil, Az\u0259rbaycan\u0131n \u00f6z\u00fcn\u00fcn yerli m\u0259hsullar\u0131ndan t\u0259\u015fkil olunub. Bu fakt bir daha s\u00fcbut edir ki, Az\u0259rbaycan \u00fc\u00e7\u00fcn \u0259sas h\u0259d\u0259f m\u00fclki insanlar yox, m\u0259hz d\u00f6vl\u0259timizin suverenliyini, t\u0259hl\u00fck\u0259sizliyini t\u0259hdid ed\u0259n qanunsuz silahl\u0131 birl\u0259\u015fm\u0259l\u0259r v\u0259 separatizm\u0259 r\u0259vac ver\u0259n meyill\u0259r idi.<\/p>\n<p><strong>BMT-d\u0259 r\u0259zil duruma d\u00fc\u015f\u0259nl\u0259r<\/strong><\/p>\n<p>Az\u0259rbaycan\u0131n birg\u00fcnl\u00fck ild\u0131r\u0131ms\u00fcr\u0259tli lokal antiterror t\u0259dbirl\u0259ri v\u0259 qar\u015f\u0131s\u0131na qoydu\u011fu h\u0259d\u0259fl\u0259r\u0259 \u00e7ox q\u0131sa zamanda \u00e7atmas\u0131 bir \u00e7oxlar\u0131n\u0131n \u00f6lk\u0259miz\u0259 qar\u015f\u0131 n\u00f6vb\u0259ti \u201cf\u00fcrs\u0259t\u201d kimi g\u00f6rd\u00fcy\u00fc bu prosesl\u0259 ba\u011fl\u0131 planlar\u0131n\u0131 da alt-\u00fcst etdi. Erm\u0259nistan r\u0259hb\u0259rliyi, b\u00f6lg\u0259d\u0259 separatizm kart\u0131ndan yararlanaraq \u00f6zl\u0259rinin geosiyasi h\u0259d\u0259fl\u0259rini qoruma\u011fa \u00e7al\u0131\u015fan g\u00fccl\u0259r, x\u00fcsusil\u0259 d\u0259 Fransan\u0131n BMT-d\u0259 d\u00fcn\u0259n Az\u0259rbaycana qar\u015f\u0131 \u0259vv\u0259lc\u0259d\u0259n b\u0259yan etdiyi m\u00fczakir\u0259l\u0259r tam \u0259ks effekt verdi. Paris, Va\u015finqton, \u0259n \u00e7ox da \u0130r\u0259van\u0131n g\u00f6zl\u0259diyi hans\u0131sa anti-Az\u0259rbaycan b\u0259yanat v\u0259 ya q\u0259tnam\u0259 layih\u0259si q\u0259bul olunmad\u0131. Ritorika bir q\u0259d\u0259r s\u0259rt olsa da, Az\u0259rbaycan\u0131n \u0259razi b\u00fct\u00f6vl\u00fcy\u00fcn\u0259 d\u0259st\u0259k ifad\u0259 edildi, Bak\u0131 v\u0259 \u0130r\u0259van aras\u0131nda m\u00fcnasib\u0259tl\u0259rin g\u00fcc yolu il\u0259 deyil, dan\u0131\u015f\u0131qlarla h\u0259llin\u0259 dair 30 il e\u015fitdiyimiz \u0259n\u0259n\u0259vi b\u0259yanatlara daha biri \u0259lav\u0259 olundu. BMT-d\u0259 m\u00fczakir\u0259l\u0259r zaman\u0131 Az\u0259rbaycan\u0131n t\u0259qdim etdiyi arqumentl\u0259r v\u0259 faktlar b\u00fct\u00fcn d\u00fcnyaya haqq i\u015fimizin beyn\u0259lxalq h\u00fcquq prinsipl\u0259rin\u0259 \u0259sasland\u0131\u011f\u0131n\u0131 g\u00f6st\u0259rdi. Erm\u0259nistan ba\u015f naziri Nikol Pa\u015finyan\u0131n Qaraba\u011fda at\u0259\u015fk\u0259sd\u0259n sonra m\u00f6vcud v\u0259ziyy\u0259t\u0259 dair etiraflar\u0131n\u0131 da xat\u0131rlatmaq yerin\u0259 d\u00fc\u015f\u0259r. Hans\u0131 ki, r\u0259smi Bak\u0131 bu etiraf\u0131n m\u00fcnaqi\u015f\u0259 t\u0259r\u0259fi olan bir d\u00f6vl\u0259tin ba\u015f naziri t\u0259r\u0259find\u0259n edildiyini x\u00fcsusi olaraq qabartd\u0131. \u0130st\u0259dikl\u0259rini bu d\u0259f\u0259 d\u0259 \u0259ld\u0259 etm\u0259y\u0259nl\u0259rin d\u00fc\u015fd\u00fckl\u0259ri p\u0259rt v\u0259ziyy\u0259t onlar\u0131n davran\u0131\u015flar\u0131nda, s\u0259s tonlar\u0131nda x\u00fcsusil\u0259 se\u00e7ildi. Erm\u0259nistan X\u0130N ba\u015f\u00e7\u0131s\u0131n\u0131n az\u0259rbaycanl\u0131 h\u0259mkar\u0131 Ceyhun Bayramov \u00e7\u0131x\u0131\u015f ed\u0259rk\u0259n zal\u0131 t\u0259rk etm\u0259si m\u0259qam\u0131 \u0130r\u0259van\u0131n hans\u0131 isterik v\u0259ziyy\u0259td\u0259 oldu\u011funun g\u00f6st\u0259ricisidir.<\/p>\n<p><strong>\u201cD\u0259mir yumruq\u201d h\u0259r zaman yerind\u0259dir!<\/strong><\/p>\n<p>\u018fslind\u0259 antiterror t\u0259dbirl\u0259ri ba\u015fa \u00e7atd\u0131qdan sonra prosesl\u0259rin hans\u0131 istiqam\u0259td\u0259 ir\u0259lil\u0259y\u0259c\u0259yinin anonsunu Prezident, Ali Ba\u015f Komandan\u00a0<strong>\u0130lham \u018fliyev\u00a0<\/strong>xalqa m\u00fcraci\u0259tind\u0259 a\u00e7\u0131qlad\u0131. Az\u0259rbaycan Prezidentinin d\u0259 vur\u011fulad\u0131\u011f\u0131 kimi, r\u0259smi Bak\u0131 C\u0259nubi Qafqaz\u0131n \u201cs\u00fclh, \u0259m\u0259kda\u015fl\u0131q v\u0259 rifah evi\u201d olmas\u0131n\u0131 h\u0259d\u0259fl\u0259yir. Lakin bu yolda add\u0131mlayark\u0259n milli maraqlar\u0131m\u0131z\u0131 t\u0259hdid ed\u0259n, torpaqlar\u0131m\u0131za yenid\u0259n g\u00f6z dikm\u0259yi arzulayanlar bir h\u0259qiq\u0259ti tam olaraq anlamal\u0131d\u0131rlar ki, \u201cd\u0259mir yumruq\u201d da yerind\u0259dir!<\/p>\n","protected":false},"excerpt":{"rendered":"<p>Bak\u0131 C\u0259nubi Qafqaz\u0131n \u201cs\u00fclh, \u0259m\u0259kda\u015fl\u0131q v\u0259 rifah evi\u201d olmas\u0131n\u0131 h\u0259d\u0259fl\u0259yir. Bu yolda add\u0131mlayark\u0259n milli maraqlar\u0131m\u0131z\u0131 t\u0259hdid ed\u0259n, torpaqlar\u0131m\u0131za yenid\u0259n g\u00f6z dikm\u0259yi arzulayanlar bir h\u0259qiq\u0259ti tam olaraq anlamal\u0131d\u0131rlar ki, \u201cd\u0259mir yumruq\u201d h\u0259r zaman yerind\u0259dir. M\u00f6vzu il\u0259\u00a0ba\u011fl\u0131\u00a0\u201cKaspi\u201d\u00a0q\u0259zetinin m\u0259qal\u0259sini t\u0259qdim edirik. Qaraba\u011fda separatizmin k\u00f6k\u00fcn\u00fc k\u0259sm\u0259k, suverenliyimizin b\u00fct\u00fcn \u0259razil\u0259rimizd\u0259 tam b\u0259rpas\u0131n\u0131 t\u0259min etm\u0259k \u00fc\u00e7\u00fcn d\u0259f\u0259l\u0259rl\u0259 ke\u00e7irilm\u0259sinin bir z\u0259rur\u0259t oldu\u011fu vur\u011fulanan antiterror t\u0259dbirl\u0259ri, n\u0259hay\u0259t, realla\u015f\u0131b. \u00d6z\u00fc d\u0259 b\u00fct\u00fcn proqnozlar\u0131 v\u0259 g\u00f6zl\u0259ntil\u0259ri alt-\u00fcst ed\u0259r\u0259k he\u00e7 d\u0259 g\u00fcnl\u0259rl\u0259, h\u0259ft\u0259l\u0259rl\u0259 yox, c\u0259mi 23 saat 51 d\u0259qiq\u0259 davam edib. \u201cVur\u201d \u0259mrinin verilm\u0259sin\u0259 s\u0259b\u0259b olan faktorlar\u00a0 \u018fslind\u0259, lokal xarakterli antiterror&hellip;<\/p>\n","protected":false},"author":2,"featured_media":636622,"comment_status":"closed","ping_status":"closed","sticky":false,"template":"","format":"standard","meta":{"om_disable_all_campaigns":false,"_monsterinsights_skip_tracking":false,"_monsterinsights_sitenote_active":false,"_monsterinsights_sitenote_note":"","_monsterinsights_sitenote_category":0},"categories":[4],"tags":[],"aioseo_notices":[],"gutentor_comment":0,"rttpg_featured_image_url":{"full":["https:\/\/arantv.az\/wp-content\/uploads\/2023\/09\/oNQQ9skAcLtvV2EaDtqVu1kA4sC42FFYuAv0SqWD.jpg",620,413,false],"landscape":["https:\/\/arantv.az\/wp-content\/uploads\/2023\/09\/oNQQ9skAcLtvV2EaDtqVu1kA4sC42FFYuAv0SqWD.jpg",620,413,false],"portraits":["https:\/\/arantv.az\/wp-content\/uploads\/2023\/09\/oNQQ9skAcLtvV2EaDtqVu1kA4sC42FFYuAv0SqWD.jpg",620,413,false],"thumbnail":["https:\/\/arantv.az\/wp-content\/uploads\/2023\/09\/oNQQ9skAcLtvV2EaDtqVu1kA4sC42FFYuAv0SqWD-500x280.jpg",500,280,true],"medium":["https:\/\/arantv.az\/wp-content\/uploads\/2023\/09\/oNQQ9skAcLtvV2EaDtqVu1kA4sC42FFYuAv0SqWD-548x365.jpg",548,365,true],"large":["https:\/\/arantv.az\/wp-content\/uploads\/2023\/09\/oNQQ9skAcLtvV2EaDtqVu1kA4sC42FFYuAv0SqWD.jpg",620,413,false],"1536x1536":["https:\/\/arantv.az\/wp-content\/uploads\/2023\/09\/oNQQ9skAcLtvV2EaDtqVu1kA4sC42FFYuAv0SqWD.jpg",620,413,false],"2048x2048":["https:\/\/arantv.az\/wp-content\/uploads\/2023\/09\/oNQQ9skAcLtvV2EaDtqVu1kA4sC42FFYuAv0SqWD.jpg",620,413,false],"post-thumbnail":["https:\/\/arantv.az\/wp-content\/uploads\/2023\/09\/oNQQ9skAcLtvV2EaDtqVu1kA4sC42FFYuAv0SqWD-240x172.jpg",240,172,true],"advps-thumb-one":["https:\/\/arantv.az\/wp-content\/uploads\/2023\/09\/oNQQ9skAcLtvV2EaDtqVu1kA4sC42FFYuAv0SqWD.jpg",620,413,false]},"rttpg_author":{"display_name":"V\u00fcsal Rafiqo\u011flu","author_link":"https:\/\/arantv.az\/?author=2"},"rttpg_comment":0,"rttpg_category":"<a href=\"https:\/\/arantv.az\/?cat=4\" rel=\"category\">Siyas\u0259t<\/a>","rttpg_excerpt":"Bak\u0131 C\u0259nubi Qafqaz\u0131n \u201cs\u00fclh, \u0259m\u0259kda\u015fl\u0131q v\u0259 rifah evi\u201d olmas\u0131n\u0131 h\u0259d\u0259fl\u0259yir. Bu yolda add\u0131mlayark\u0259n milli maraqlar\u0131m\u0131z\u0131 t\u0259hdid ed\u0259n, torpaqlar\u0131m\u0131za yenid\u0259n g\u00f6z dikm\u0259yi arzulayanlar bir h\u0259qiq\u0259ti tam olaraq anlamal\u0131d\u0131rlar ki, \u201cd\u0259mir yumruq\u201d h\u0259r zaman yerind\u0259dir. M\u00f6vzu il\u0259\u00a0ba\u011fl\u0131\u00a0\u201cKaspi\u201d\u00a0q\u0259zetinin m\u0259qal\u0259sini t\u0259qdim edirik. Qaraba\u011fda separatizmin k\u00f6k\u00fcn\u00fc k\u0259sm\u0259k, suverenliyimizin b\u00fct\u00fcn \u0259razil\u0259rimizd\u0259 tam b\u0259rpas\u0131n\u0131 t\u0259min etm\u0259k \u00fc\u00e7\u00fcn d\u0259f\u0259l\u0259rl\u0259 ke\u00e7irilm\u0259sinin bir z\u0259rur\u0259t oldu\u011fu&hellip;","_links":{"self":[{"href":"https:\/\/arantv.az\/index.php?rest_route=\/wp\/v2\/posts\/636621"}],"collection":[{"href":"https:\/\/arantv.az\/index.php?rest_route=\/wp\/v2\/posts"}],"about":[{"href":"https:\/\/arantv.az\/index.php?rest_route=\/wp\/v2\/types\/post"}],"author":[{"embeddable":true,"href":"https:\/\/arantv.az\/index.php?rest_route=\/wp\/v2\/users\/2"}],"replies":[{"embeddable":true,"href":"https:\/\/arantv.az\/index.php?rest_route=%2Fwp%2Fv2%2Fcomments&post=636621"}],"version-history":[{"count":0,"href":"https:\/\/arantv.az\/index.php?rest_route=\/wp\/v2\/posts\/636621\/revisions"}],"wp:featuredmedia":[{"embeddable":true,"href":"https:\/\/arantv.az\/index.php?rest_route=\/wp\/v2\/media\/636622"}],"wp:attachment":[{"href":"https:\/\/arantv.az\/index.php?rest_route=%2Fwp%2Fv2%2Fmedia&parent=636621"}],"wp:term":[{"taxonomy":"category","embeddable":true,"href":"https:\/\/arantv.az\/index.php?rest_route=%2Fwp%2Fv2%2Fcategories&post=636621"},{"taxonomy":"post_tag","embeddable":true,"href":"https:\/\/arantv.az\/index.php?rest_route=%2Fwp%2Fv2%2Ftags&post=636621"}],"curies":[{"name":"wp","href":"https:\/\/api.w.org\/{rel}","templated":true}]}}