{"id":636626,"date":"2023-09-23T11:05:07","date_gmt":"2023-09-23T07:05:07","guid":{"rendered":"https:\/\/arantv.az\/?p=636626"},"modified":"2023-09-23T11:05:07","modified_gmt":"2023-09-23T07:05:07","slug":"bmt-bas-q%c9%99rargahinda-mut%c9%99ml%c9%99k%c9%99ci-fransaya-qarsi-b%c9%99yanat-danisiqlara-baslayin-foto","status":"publish","type":"post","link":"https:\/\/arantv.az\/?p=636626","title":{"rendered":"BMT Ba\u015f Q\u0259rargah\u0131nda m\u00fct\u0259ml\u0259k\u0259\u00e7i Fransaya qar\u015f\u0131 b\u0259yanat: Dan\u0131\u015f\u0131qlara ba\u015flay\u0131n &#8211; FOTO"},"content":{"rendered":"<p>BMT Ba\u015f Q\u0259rargah\u0131nda ke\u00e7irilmi\u015f \u201cDekolonizasiya: Sakit inqilab\u201d konfrans\u0131nda yekun b\u0259yanat q\u0259bul olunub.<\/p>\n<p>APA x\u0259b\u0259r verir ki, b\u0259yanatda deyilir:<\/p>\n<p>\u201cAz\u0259rbaycan Respublikas\u0131n\u0131n s\u0259drlik etdiyi Qo\u015fulmama H\u0259r\u0259kat\u0131n\u0131n \u018flaq\u0259l\u0259ndirm\u0259 B\u00fcrosunun Nazirl\u0259r G\u00f6r\u00fc\u015f\u00fc \u00e7\u0259r\u00e7iv\u0259sind\u0259 6 iyul 2023-c\u00fc il tarixind\u0259 Bak\u0131da ke\u00e7irilmi\u015f ilk t\u0259dbird\u0259 t\u0259r\u0259fl\u0259r Bak\u0131 T\u0259\u015f\u0259bb\u00fcs Qrupunun yarad\u0131lmas\u0131na dair raz\u0131l\u0131\u011fa g\u0259lib v\u0259 m\u00fcst\u0259ml\u0259k\u0259\u00e7iliy\u0259 qar\u015f\u0131 m\u00fcbariz\u0259d\u0259 \u0259m\u0259kda\u015fl\u0131\u011f\u0131n davam etdirilm\u0259sind\u0259 h\u0259d\u0259fl\u0259rini ifad\u0259 edibl\u0259r.<\/p>\n<p>\u201cDekolonizasiya: Sakit inqilab\u201d konfrans\u0131n\u0131n i\u015ftirak\u00e7\u0131lar\u0131 Bak\u0131 T\u0259\u015f\u0259bb\u00fcs Qrupunu r\u0259smi f\u0259aliyy\u0259t\u0259 ba\u015flamas\u0131 il\u0259 \u0259laq\u0259dar t\u0259brik edib v\u0259 Az\u0259rbaycan Respublikas\u0131n\u0131n Birl\u0259\u015fmi\u015f Mill\u0259tl\u0259r T\u0259\u015fkilat\u0131 yan\u0131nda Daimi N\u00fcmay\u0259nd\u0259liyinin (Qo\u015fulmama H\u0259r\u0259kat\u0131n\u0131n \u018flaq\u0259l\u0259ndirici B\u00fcrosunun s\u0259dri qismind\u0259) d\u0259st\u0259yi il\u0259 konfrans\u0131n t\u0259\u015fkilin\u0259 g\u00f6r\u0259 minn\u0259tdarl\u0131qlar\u0131n\u0131 bildiribl\u0259r.<\/p>\n<p>Yeni Kaledoniya, Martinika, Frans\u0131z Qvianas\u0131, Frans\u0131z Polineziyas\u0131, Qvadelupa m\u00fcst\u0259qillik v\u0259 mill\u0259t\u00e7i h\u0259r\u0259katlar\u0131n\u0131n n\u00fcmay\u0259nd\u0259l\u0259ri, Melaneziya T\u0259\u015f\u0259bb\u00fcs Qrupunun katibliyi v\u0259 Bak\u0131 T\u0259\u015f\u0259bb\u00fcs Qrupunun n\u00fcmay\u0259nd\u0259l\u0259ri Birl\u0259\u015fmi\u015f Mill\u0259tl\u0259r T\u0259\u015fkilat\u0131n\u0131n v\u0259 Qo\u015fulmama H\u0259r\u0259kat\u0131n\u0131n Nizamnam\u0259sinin \u0259sas prinsipl\u0259rin\u0259, h\u0259m\u00e7inin, dekolonizasiyaya dair m\u00fcvafiq q\u0259tnam\u0259l\u0259r\u0259 sadiq olduqlar\u0131n\u0131 bildirib v\u0259 m\u00fcst\u0259ml\u0259k\u0259\u00e7ilik alt\u0131nda olan b\u00fct\u00fcn mill\u0259tl\u0259rin azad edilm\u0259sind\u0259n \u0259vv\u0259l dekolonizasiya prosesinin tamamlanmas\u0131n\u0131n vacibliyini bir daha vur\u011fulay\u0131blar.<\/p>\n<p>Beyn\u0259lxalq h\u00fcququn fundamental prinsipl\u0259ri \u00e7\u0259r\u00e7iv\u0259sind\u0259 m\u00fcst\u0259qillik u\u011frunda m\u00fcbariz\u0259 aparan xalqlara d\u0259st\u0259k verm\u0259k BMT-d\u0259n sonra ikinci \u0259n b\u00f6y\u00fck beyn\u0259lxalq t\u0259\u015fkilat olan Qo\u015fulmama H\u0259r\u0259kat\u0131n\u0131n \u0259sas h\u0259d\u0259fl\u0259rind\u0259n birini t\u0259\u015fkil edir.<\/p>\n<p>Bu, m\u00fcst\u0259ml\u0259k\u0259\u00e7ilikd\u0259n \u0259ziyy\u0259t \u00e7\u0259k\u0259n xalqlar\u0131n milli m\u00fcst\u0259qilliyi u\u011frunda m\u00fcbariz\u0259d\u0259 qar\u015f\u0131s\u0131na qoydu\u011fu \u00e7oxsayl\u0131 \u00e7a\u011f\u0131r\u0131\u015flara, tarix\u0259n Fransan\u0131n m\u00fcst\u0259ml\u0259k\u0259 g\u00fcc\u00fc il\u0259 insan, iqtisadi, ekoloji v\u0259 m\u0259d\u0259ni cinay\u0259tl\u0259r\u0259 g\u00f6r\u0259 h\u00fcquqi t\u0259zminat t\u0259l\u0259bin\u0259 h\u0259mr\u0259ylikl\u0259 nec\u0259 cavab verm\u0259k bar\u0259d\u0259 s\u0259yl\u0259rini birl\u0259\u015fdirm\u0259y\u0259 qiym\u0259tli imkanlar verir.<\/p>\n<p>Nyu-Yorkda t\u0259msil olunan Yeni Kaledoniya, Frans\u0131z Polineziyas\u0131, Martinika, Qayana v\u0259 Qvadelupa m\u00fcst\u0259qillik v\u0259 mill\u0259t\u00e7i h\u0259r\u0259katlar\u0131 d\u00fcnyaya, el\u0259c\u0259 d\u0259 bu g\u00fcn Ba\u015f Q\u0259rargah\u0131nda olduqlar\u0131 BMT ba\u015fda olmaqla beyn\u0259lxalq t\u0259\u015fkilatlara t\u0259cili m\u00fcraci\u0259tl\u0259 \u00e7\u0131x\u0131\u015f ed\u0259r\u0259k xalqlar\u0131n\u0131n m\u0259nafeyin\u0259 uy\u011fun olaraq azadl\u0131q h\u00fcquqlar\u0131na, t\u0259zminat v\u0259 inki\u015faf kimi \u0259sas s\u0259yl\u0259rinin d\u0259st\u0259kl\u0259nm\u0259si \u00fc\u00e7\u00fcn s\u0259sl\u0259rini \u0259n y\u00fcks\u0259k s\u0259viyy\u0259d\u0259 ucaltd\u0131lar.<\/p>\n<p>Biz Noumea M\u00fcqavil\u0259si il\u0259 ba\u015flayan dekolonizasiya prosesi \u00fczr\u0259 FLNKS-nin \u00fc\u00e7\u00fcnc\u00fc referendumun etiraz\u0131n\u0131 Beyn\u0259lxalq \u018fdal\u0259t M\u0259hk\u0259m\u0259sin\u0259 t\u0259qdim etm\u0259k q\u0259rar\u0131n\u0131 d\u0259st\u0259kl\u0259yirik.<\/p>\n<p>Frans\u0131z Qvianas\u0131, Martinika v\u0259 Qvadelupa il\u0259 \u0259laq\u0259dar is\u0259 biz t\u0259l\u0259b edirik ki, bu \u00f6lk\u0259l\u0259r Birl\u0259\u015fmi\u015f Mill\u0259tl\u0259r T\u0259\u015fkilat\u0131n\u0131n dekolonizasiya prosedurlar\u0131 \u00fczr\u0259 \u00f6lk\u0259l\u0259r siyah\u0131s\u0131na yenid\u0259n daxil edilsinl\u0259r.<\/p>\n<p>Fransa Respublikas\u0131 Maohi Nuinin m\u00fcst\u0259ml\u0259k\u0259d\u0259n azad olacaq \u00f6lk\u0259l\u0259r siyah\u0131s\u0131na yenid\u0259n yaz\u0131lmas\u0131ndan sonra Birl\u0259\u015fmi\u015f Mill\u0259tl\u0259r T\u0259\u015fkilat\u0131n\u0131n Ba\u015f Assambleyas\u0131 t\u0259r\u0259find\u0259n h\u0259r il Frans\u0131z Polineziyas\u0131, Maohi Nui b\u00f6lg\u0259l\u0259rin\u0259 aid m\u0259s\u0259l\u0259l\u0259rd\u0259 bo\u015f k\u00fcrs\u00fc rolunu oynay\u0131r. Biz Fransadan 2013, 2019, 2020, 2022-ci ild\u0259 q\u0259bul edil\u0259n q\u0259tnam\u0259l\u0259rin t\u0259l\u0259bl\u0259rin\u0259 uy\u011fun olaraq dekolonizasiya prosesi il\u0259 ba\u011fl\u0131 dan\u0131\u015f\u0131qlara ba\u015flamas\u0131n\u0131 t\u0259l\u0259b edirik.<\/p>\n<p>B\u0259\u015f\u0259riyy\u0259timizin qlobal t\u0259hl\u00fck\u0259l\u0259rl\u0259 \u00fczl\u0259\u015fdiyi bir vaxtda, t\u0259\u015fkilat\u0131m\u0131z t\u0259nt\u0259n\u0259li \u015f\u0259kild\u0259 b\u0259yan edir ki, m\u00fcst\u0259ml\u0259k\u0259\u00e7ilik v\u0259 neokolonializmin tamamil\u0259 l\u0259\u011fvi v\u0259 xalqlar aras\u0131nda \u0259m\u0259kda\u015fl\u0131\u011fa, b\u0259rab\u0259rliy\u0259 \u0259saslanan yeni d\u00fcnyan\u0131n qurulmas\u0131, qar\u015f\u0131l\u0131ql\u0131 h\u00f6rm\u0259t v\u0259 xalqlar\u0131n suverenliyi beyn\u0259lxalq m\u00fcnasib\u0259tl\u0259rin \u0259sas\u0131n\u0131 t\u0259\u015fkil etm\u0259lidir.<\/p>\n<p>Bak\u0131 T\u0259\u015f\u0259bb\u00fcs Qrupu v\u0259 C\u0259nubi Amerika, Karib h\u00f6vz\u0259si, Hind okean\u0131 v\u0259 Sakit okean h\u00f6vz\u0259sind\u0259ki Fransa koloniyalar\u0131n\u0131n t\u0259\u015fkilatlar\u0131 xalqlar\u0131m\u0131z aras\u0131nda z\u0259ruri h\u0259mr\u0259yliyin g\u00fccl\u0259ndirilm\u0259si v\u0259 Qo\u015fulmama H\u0259r\u0259kat\u0131n\u0131n Dekolonizasiya \u00fczr\u0259 X\u00fcsusi Komit\u0259si v\u0259 dig\u0259r BMT orqanlar\u0131 il\u0259 s\u0131x \u0259m\u0259kda\u015fl\u0131\u011f\u0131n qurulmas\u0131 m\u0259qs\u0259dil\u0259 \u00f6z n\u0259tic\u0259y\u00f6n\u00fcml\u00fc f\u0259aliyy\u0259tini davam etdir\u0259c\u0259k\u201d.<\/p>\n<p>&nbsp;<\/p>\n<div class=\"gallery\">\n<div class=\"gallery-i\"><img src=\"https:\/\/cdn.oxu.az\/uploads\/W1siZiIsIjIwMjMvMDkvMjMvMDkvNTcvMzMvN2NlZTk3N2ItMTBhYi00ZTllLTlhMjAtYTQzYjZmNzJmMzA0LzY1MGU3N2U4ZjM1MzI2NTBlNzdlOGYzNTMzMTY5NTQ0NzAxNjY1MGU3N2U4ZjM1MzA2NTBlNzdlOGYzNTMxLmpwZWciXSxbInAiLCJlbmNvZGUiLCJqcGciLCItcXVhbGl0eSA4MCJdLFsicCIsInRodW1iIiwiNTkweDU5MFx1MDAzZSJdXQ?sha=c35dbd5c59b097d1\" alt=\"\" \/><\/p>\n<div class=\"gallery-i-caption\"><\/div>\n<\/div>\n<div class=\"gallery-i\"><img src=\"https:\/\/cdn.oxu.az\/uploads\/W1siZiIsIjIwMjMvMDkvMjMvMDkvNTcvMzMvNmRmZTM5NzctMmJlOC00Yjk4LWEwOTMtM2I1MmRhZTdhNjVlLzY1MGU3N2U4ZGFkOWE2NTBlNzdlOGRhZDliMTY5NTQ0NzAxNjY1MGU3N2U4ZGFkOTg2NTBlNzdlOGRhZDk5LmpwZWciXSxbInAiLCJlbmNvZGUiLCJqcGciLCItcXVhbGl0eSA4MCJdLFsicCIsInRodW1iIiwiNTkweDU5MFx1MDAzZSJdXQ?sha=4539111906643e58\" alt=\"\" \/><\/div>\n<\/div>\n","protected":false},"excerpt":{"rendered":"<p>BMT Ba\u015f Q\u0259rargah\u0131nda ke\u00e7irilmi\u015f \u201cDekolonizasiya: Sakit inqilab\u201d konfrans\u0131nda yekun b\u0259yanat q\u0259bul olunub. APA x\u0259b\u0259r verir ki, b\u0259yanatda deyilir: \u201cAz\u0259rbaycan Respublikas\u0131n\u0131n s\u0259drlik etdiyi Qo\u015fulmama H\u0259r\u0259kat\u0131n\u0131n \u018flaq\u0259l\u0259ndirm\u0259 B\u00fcrosunun Nazirl\u0259r G\u00f6r\u00fc\u015f\u00fc \u00e7\u0259r\u00e7iv\u0259sind\u0259 6 iyul 2023-c\u00fc il tarixind\u0259 Bak\u0131da ke\u00e7irilmi\u015f ilk t\u0259dbird\u0259 t\u0259r\u0259fl\u0259r Bak\u0131 T\u0259\u015f\u0259bb\u00fcs Qrupunun yarad\u0131lmas\u0131na dair raz\u0131l\u0131\u011fa g\u0259lib v\u0259 m\u00fcst\u0259ml\u0259k\u0259\u00e7iliy\u0259 qar\u015f\u0131 m\u00fcbariz\u0259d\u0259 \u0259m\u0259kda\u015fl\u0131\u011f\u0131n davam etdirilm\u0259sind\u0259 h\u0259d\u0259fl\u0259rini ifad\u0259 edibl\u0259r. \u201cDekolonizasiya: Sakit inqilab\u201d konfrans\u0131n\u0131n i\u015ftirak\u00e7\u0131lar\u0131 Bak\u0131 T\u0259\u015f\u0259bb\u00fcs Qrupunu r\u0259smi f\u0259aliyy\u0259t\u0259 ba\u015flamas\u0131 il\u0259 \u0259laq\u0259dar t\u0259brik edib v\u0259 Az\u0259rbaycan Respublikas\u0131n\u0131n Birl\u0259\u015fmi\u015f Mill\u0259tl\u0259r T\u0259\u015fkilat\u0131 yan\u0131nda Daimi N\u00fcmay\u0259nd\u0259liyinin (Qo\u015fulmama H\u0259r\u0259kat\u0131n\u0131n \u018flaq\u0259l\u0259ndirici B\u00fcrosunun s\u0259dri qismind\u0259) d\u0259st\u0259yi il\u0259 konfrans\u0131n t\u0259\u015fkilin\u0259&hellip;<\/p>\n","protected":false},"author":2,"featured_media":636627,"comment_status":"closed","ping_status":"closed","sticky":false,"template":"","format":"standard","meta":{"om_disable_all_campaigns":false,"_monsterinsights_skip_tracking":false,"_monsterinsights_sitenote_active":false,"_monsterinsights_sitenote_note":"","_monsterinsights_sitenote_category":0},"categories":[4],"tags":[],"aioseo_notices":[],"gutentor_comment":0,"rttpg_featured_image_url":{"full":["https:\/\/arantv.az\/wp-content\/uploads\/2023\/09\/650e77e91203a650e77e91203b1695447016650e77e912038650e77e912039.jpg",620,413,false],"landscape":["https:\/\/arantv.az\/wp-content\/uploads\/2023\/09\/650e77e91203a650e77e91203b1695447016650e77e912038650e77e912039.jpg",620,413,false],"portraits":["https:\/\/arantv.az\/wp-content\/uploads\/2023\/09\/650e77e91203a650e77e91203b1695447016650e77e912038650e77e912039.jpg",620,413,false],"thumbnail":["https:\/\/arantv.az\/wp-content\/uploads\/2023\/09\/650e77e91203a650e77e91203b1695447016650e77e912038650e77e912039-500x280.jpg",500,280,true],"medium":["https:\/\/arantv.az\/wp-content\/uploads\/2023\/09\/650e77e91203a650e77e91203b1695447016650e77e912038650e77e912039-548x365.jpg",548,365,true],"large":["https:\/\/arantv.az\/wp-content\/uploads\/2023\/09\/650e77e91203a650e77e91203b1695447016650e77e912038650e77e912039.jpg",620,413,false],"1536x1536":["https:\/\/arantv.az\/wp-content\/uploads\/2023\/09\/650e77e91203a650e77e91203b1695447016650e77e912038650e77e912039.jpg",620,413,false],"2048x2048":["https:\/\/arantv.az\/wp-content\/uploads\/2023\/09\/650e77e91203a650e77e91203b1695447016650e77e912038650e77e912039.jpg",620,413,false],"post-thumbnail":["https:\/\/arantv.az\/wp-content\/uploads\/2023\/09\/650e77e91203a650e77e91203b1695447016650e77e912038650e77e912039-240x172.jpg",240,172,true],"advps-thumb-one":["https:\/\/arantv.az\/wp-content\/uploads\/2023\/09\/650e77e91203a650e77e91203b1695447016650e77e912038650e77e912039.jpg",620,413,false]},"rttpg_author":{"display_name":"V\u00fcsal Rafiqo\u011flu","author_link":"https:\/\/arantv.az\/?author=2"},"rttpg_comment":0,"rttpg_category":"<a href=\"https:\/\/arantv.az\/?cat=4\" rel=\"category\">Siyas\u0259t<\/a>","rttpg_excerpt":"BMT Ba\u015f Q\u0259rargah\u0131nda ke\u00e7irilmi\u015f \u201cDekolonizasiya: Sakit inqilab\u201d konfrans\u0131nda yekun b\u0259yanat q\u0259bul olunub. APA x\u0259b\u0259r verir ki, b\u0259yanatda deyilir: \u201cAz\u0259rbaycan Respublikas\u0131n\u0131n s\u0259drlik etdiyi Qo\u015fulmama H\u0259r\u0259kat\u0131n\u0131n \u018flaq\u0259l\u0259ndirm\u0259 B\u00fcrosunun Nazirl\u0259r G\u00f6r\u00fc\u015f\u00fc \u00e7\u0259r\u00e7iv\u0259sind\u0259 6 iyul 2023-c\u00fc il tarixind\u0259 Bak\u0131da ke\u00e7irilmi\u015f ilk t\u0259dbird\u0259 t\u0259r\u0259fl\u0259r Bak\u0131 T\u0259\u015f\u0259bb\u00fcs Qrupunun yarad\u0131lmas\u0131na dair raz\u0131l\u0131\u011fa g\u0259lib v\u0259 m\u00fcst\u0259ml\u0259k\u0259\u00e7iliy\u0259 qar\u015f\u0131 m\u00fcbariz\u0259d\u0259 \u0259m\u0259kda\u015fl\u0131\u011f\u0131n davam etdirilm\u0259sind\u0259 h\u0259d\u0259fl\u0259rini ifad\u0259&hellip;","_links":{"self":[{"href":"https:\/\/arantv.az\/index.php?rest_route=\/wp\/v2\/posts\/636626"}],"collection":[{"href":"https:\/\/arantv.az\/index.php?rest_route=\/wp\/v2\/posts"}],"about":[{"href":"https:\/\/arantv.az\/index.php?rest_route=\/wp\/v2\/types\/post"}],"author":[{"embeddable":true,"href":"https:\/\/arantv.az\/index.php?rest_route=\/wp\/v2\/users\/2"}],"replies":[{"embeddable":true,"href":"https:\/\/arantv.az\/index.php?rest_route=%2Fwp%2Fv2%2Fcomments&post=636626"}],"version-history":[{"count":0,"href":"https:\/\/arantv.az\/index.php?rest_route=\/wp\/v2\/posts\/636626\/revisions"}],"wp:featuredmedia":[{"embeddable":true,"href":"https:\/\/arantv.az\/index.php?rest_route=\/wp\/v2\/media\/636627"}],"wp:attachment":[{"href":"https:\/\/arantv.az\/index.php?rest_route=%2Fwp%2Fv2%2Fmedia&parent=636626"}],"wp:term":[{"taxonomy":"category","embeddable":true,"href":"https:\/\/arantv.az\/index.php?rest_route=%2Fwp%2Fv2%2Fcategories&post=636626"},{"taxonomy":"post_tag","embeddable":true,"href":"https:\/\/arantv.az\/index.php?rest_route=%2Fwp%2Fv2%2Ftags&post=636626"}],"curies":[{"name":"wp","href":"https:\/\/api.w.org\/{rel}","templated":true}]}}