{"id":636635,"date":"2023-09-23T11:51:00","date_gmt":"2023-09-23T07:51:00","guid":{"rendered":"https:\/\/arantv.az\/?p=636635"},"modified":"2023-09-23T11:51:00","modified_gmt":"2023-09-23T07:51:00","slug":"prezident-ilham-%c9%99liyev-s%c9%99udiyy%c9%99-%c9%99r%c9%99bistaninin-kralini-t%c9%99brik-edib-3","status":"publish","type":"post","link":"https:\/\/arantv.az\/?p=636635","title":{"rendered":"Prezident \u0130lham \u018fliyev S\u0259udiyy\u0259 \u018fr\u0259bistan\u0131n\u0131n kral\u0131n\u0131 t\u0259brik edib"},"content":{"rendered":"<p>Prezident\u00a0<strong>\u0130lham \u018fliyev<\/strong>\u00a0\u0130ki M\u00fcq\u0259dd\u0259s Oca\u011f\u0131n Xadimi, S\u0259udiyy\u0259 \u018fr\u0259bistan\u0131n\u0131n Kral\u0131 \u018flah\u0259zr\u0259t Salman bin \u018fbd\u00fcl\u0259ziz Al S\u0259uda t\u0259brik m\u0259ktubu \u00fcnvanlay\u0131b.<\/p>\n<p><a href=\"https:\/\/president.az\/az\/articles\/view\/61182\" target=\"_blank\" rel=\"noopener\"><strong>President.az<\/strong><\/a>-\u0131n x\u0259b\u0259rin\u0259 g\u00f6r\u0259, m\u0259ktubda deyilir:<\/p>\n<p>\u201c\u018flah\u0259zr\u0259t, \u0259ziz qarda\u015f\u0131m, S\u0259udiyy\u0259 \u018fr\u0259bistan\u0131 Krall\u0131\u011f\u0131n\u0131n milli bayram\u0131 &#8211; Krall\u0131q elan edilm\u0259si G\u00fcn\u00fc m\u00fcnasib\u0259til\u0259 Siz\u0259 v\u0259 Sizin siman\u0131zda b\u00fct\u00fcn xalq\u0131n\u0131za \u00f6z ad\u0131mdan v\u0259 Az\u0259rbaycan xalq\u0131 ad\u0131ndan \u0259n s\u0259mimi v\u0259 xo\u015f arzular\u0131m\u0131 \u00e7atd\u0131rmaqdan m\u0259mnunluq duyuram.<\/p>\n<p>Biz Az\u0259rbaycan il\u0259 S\u0259udiyy\u0259 \u018fr\u0259bistan\u0131 aras\u0131nda ortaq tarixi-m\u0259d\u0259ni k\u00f6kl\u0259r, qarda\u015fl\u0131q, islam h\u0259mr\u0259yliyi kimi m\u00f6hk\u0259m t\u0259m\u0259ll\u0259r \u00fcz\u0259rind\u0259 qurulmu\u015f, qar\u015f\u0131l\u0131ql\u0131 etimad v\u0259 d\u0259st\u0259y\u0259 \u0259saslanan m\u00fcnasib\u0259tl\u0259r\u0259 x\u00fcsusi \u0259h\u0259miyy\u0259t veririk. Y\u00fcks\u0259ks\u0259viyy\u0259li qar\u015f\u0131l\u0131ql\u0131 s\u0259f\u0259rl\u0259r, m\u00fcxt\u0259lif sah\u0259l\u0259ri \u0259hat\u0259 ed\u0259n ikit\u0259r\u0259fli v\u0259 \u00e7oxt\u0259r\u0259fli m\u00fcst\u0259vid\u0259 faydal\u0131 \u0259m\u0259kda\u015fl\u0131\u011f\u0131m\u0131z, daim geni\u015fl\u0259n\u0259n siyasi, iqtisadi v\u0259 m\u0259d\u0259ni \u0259laq\u0259l\u0259rimiz qarda\u015f \u00f6lk\u0259l\u0259rimiz aras\u0131nda \u00e7ox\u015fax\u0259li \u0259laq\u0259l\u0259ri s\u0259ciyy\u0259l\u0259ndir\u0259n ba\u015fl\u0131ca amill\u0259rd\u0259ndir. Az\u0259rbaycan il\u0259 S\u0259udiyy\u0259 \u018fr\u0259bistan\u0131 aras\u0131nda t\u0259r\u0259fda\u015fl\u0131\u011f\u0131n inki\u015faf\u0131nda v\u0259 m\u00f6hk\u0259ml\u0259nm\u0259sind\u0259 Sizin b\u00f6y\u00fck xidm\u0259tl\u0259riniz vard\u0131r v\u0259 biz bunu y\u00fcks\u0259k qiym\u0259tl\u0259ndiririk.<\/p>\n<p>Siyasi \u0259laq\u0259l\u0259rimizin haz\u0131rk\u0131 s\u0259viyy\u0259si v\u0259 f\u0259al dialoqumuz b\u00fct\u00fcn sah\u0259l\u0259rd\u0259, x\u00fcsusil\u0259 d\u0259 energetika v\u0259 investisiya qoyulu\u015fu sah\u0259l\u0259rind\u0259, o c\u00fcml\u0259d\u0259n i\u015f\u011faldan azad olunmu\u015f \u0259razil\u0259rd\u0259 qar\u015f\u0131l\u0131ql\u0131 f\u0259aliyy\u0259timizin daha da geni\u015fl\u0259ndirilm\u0259si \u00fc\u00e7\u00fcn yax\u015f\u0131 z\u0259min yarad\u0131r. Alternativ v\u0259 b\u0259rpa olunan enerji sah\u0259sind\u0259 S\u0259udiyy\u0259 \u018fr\u0259bistan\u0131n\u0131n apar\u0131c\u0131 \u201cACWA Power\u201d \u015firk\u0259ti t\u0259r\u0259find\u0259n Az\u0259rbaycanda K\u00fcl\u0259k Elektrik Stansiyas\u0131n\u0131n in\u015fas\u0131 il\u0259 ba\u011fl\u0131 h\u0259yata ke\u00e7irdiyi layih\u0259ni \u0259m\u0259kda\u015fl\u0131\u011f\u0131m\u0131z\u0131n \u0259h\u0259miyy\u0259tli n\u00fcmun\u0259si kimi d\u0259y\u0259rl\u0259ndirir\u0259m.<\/p>\n<p>Biz S\u0259udiyy\u0259 \u018fr\u0259bistan\u0131na Az\u0259rbaycan\u0131n \u0259razi b\u00fct\u00f6vl\u00fcy\u00fc, suverenliyi v\u0259 beyn\u0259lxalq s\u0259viyy\u0259d\u0259 tan\u0131nm\u0131\u015f s\u0259rh\u0259dl\u0259rinin toxunulmazl\u0131\u011f\u0131na verdiyi daimi d\u0259st\u0259yin\u0259 g\u00f6r\u0259 minn\u0259tdar\u0131q.<\/p>\n<p>\u018fmin\u0259m ki, Az\u0259rbaycan il\u0259 S\u0259udiyy\u0259 \u018fr\u0259bistan\u0131 aras\u0131ndak\u0131 \u0259n\u0259n\u0259vi dostluq m\u00fcnasib\u0259tl\u0259ri, h\u0259m ikit\u0259r\u0259fli, h\u0259m d\u0259 beyn\u0259lxalq t\u0259\u015fkilatlar \u00e7\u0259r\u00e7iv\u0259sind\u0259 s\u0259m\u0259r\u0259li \u0259m\u0259kda\u015fl\u0131\u011f\u0131m\u0131z qarda\u015f xalqlar\u0131m\u0131z\u0131n m\u0259nafel\u0259rin\u0259 uy\u011fun olaraq birg\u0259 s\u0259yl\u0259rimizl\u0259 bundan sonra da m\u00f6hk\u0259ml\u0259n\u0259c\u0259k v\u0259 d\u0259rinl\u0259\u015f\u0259c\u0259k.<\/p>\n<p>Bel\u0259 bir \u0259lam\u0259tdar g\u00fcnd\u0259 Siz\u0259 m\u00f6hk\u0259m cansa\u011fl\u0131\u011f\u0131, i\u015fl\u0259rinizd\u0259 u\u011furlar, S\u0259udiyy\u0259 \u018fr\u0259bistan\u0131n\u0131n qarda\u015f xalq\u0131na daim \u0259min-amanl\u0131q v\u0259 rifah arzulay\u0131ram\u201d.<\/p>\n","protected":false},"excerpt":{"rendered":"<p>Prezident\u00a0\u0130lham \u018fliyev\u00a0\u0130ki M\u00fcq\u0259dd\u0259s Oca\u011f\u0131n Xadimi, S\u0259udiyy\u0259 \u018fr\u0259bistan\u0131n\u0131n Kral\u0131 \u018flah\u0259zr\u0259t Salman bin \u018fbd\u00fcl\u0259ziz Al S\u0259uda t\u0259brik m\u0259ktubu \u00fcnvanlay\u0131b. President.az-\u0131n x\u0259b\u0259rin\u0259 g\u00f6r\u0259, m\u0259ktubda deyilir: \u201c\u018flah\u0259zr\u0259t, \u0259ziz qarda\u015f\u0131m, S\u0259udiyy\u0259 \u018fr\u0259bistan\u0131 Krall\u0131\u011f\u0131n\u0131n milli bayram\u0131 &#8211; Krall\u0131q elan edilm\u0259si G\u00fcn\u00fc m\u00fcnasib\u0259til\u0259 Siz\u0259 v\u0259 Sizin siman\u0131zda b\u00fct\u00fcn xalq\u0131n\u0131za \u00f6z ad\u0131mdan v\u0259 Az\u0259rbaycan xalq\u0131 ad\u0131ndan \u0259n s\u0259mimi v\u0259 xo\u015f arzular\u0131m\u0131 \u00e7atd\u0131rmaqdan m\u0259mnunluq duyuram. Biz Az\u0259rbaycan il\u0259 S\u0259udiyy\u0259 \u018fr\u0259bistan\u0131 aras\u0131nda ortaq tarixi-m\u0259d\u0259ni k\u00f6kl\u0259r, qarda\u015fl\u0131q, islam h\u0259mr\u0259yliyi kimi m\u00f6hk\u0259m t\u0259m\u0259ll\u0259r \u00fcz\u0259rind\u0259 qurulmu\u015f, qar\u015f\u0131l\u0131ql\u0131 etimad v\u0259 d\u0259st\u0259y\u0259 \u0259saslanan m\u00fcnasib\u0259tl\u0259r\u0259 x\u00fcsusi \u0259h\u0259miyy\u0259t veririk. Y\u00fcks\u0259ks\u0259viyy\u0259li qar\u015f\u0131l\u0131ql\u0131 s\u0259f\u0259rl\u0259r, m\u00fcxt\u0259lif sah\u0259l\u0259ri \u0259hat\u0259 ed\u0259n ikit\u0259r\u0259fli&hellip;<\/p>\n","protected":false},"author":2,"featured_media":636638,"comment_status":"closed","ping_status":"closed","sticky":false,"template":"","format":"standard","meta":{"om_disable_all_campaigns":false,"_monsterinsights_skip_tracking":false,"_monsterinsights_sitenote_active":false,"_monsterinsights_sitenote_note":"","_monsterinsights_sitenote_category":0},"categories":[4],"tags":[],"aioseo_notices":[],"gutentor_comment":0,"rttpg_featured_image_url":{"full":["https:\/\/arantv.az\/wp-content\/uploads\/2023\/09\/FotoJet-72.jpg",620,413,false],"landscape":["https:\/\/arantv.az\/wp-content\/uploads\/2023\/09\/FotoJet-72.jpg",620,413,false],"portraits":["https:\/\/arantv.az\/wp-content\/uploads\/2023\/09\/FotoJet-72.jpg",620,413,false],"thumbnail":["https:\/\/arantv.az\/wp-content\/uploads\/2023\/09\/FotoJet-72-500x280.jpg",500,280,true],"medium":["https:\/\/arantv.az\/wp-content\/uploads\/2023\/09\/FotoJet-72-548x365.jpg",548,365,true],"large":["https:\/\/arantv.az\/wp-content\/uploads\/2023\/09\/FotoJet-72.jpg",620,413,false],"1536x1536":["https:\/\/arantv.az\/wp-content\/uploads\/2023\/09\/FotoJet-72.jpg",620,413,false],"2048x2048":["https:\/\/arantv.az\/wp-content\/uploads\/2023\/09\/FotoJet-72.jpg",620,413,false],"post-thumbnail":["https:\/\/arantv.az\/wp-content\/uploads\/2023\/09\/FotoJet-72-240x172.jpg",240,172,true],"advps-thumb-one":["https:\/\/arantv.az\/wp-content\/uploads\/2023\/09\/FotoJet-72.jpg",620,413,false]},"rttpg_author":{"display_name":"V\u00fcsal Rafiqo\u011flu","author_link":"https:\/\/arantv.az\/?author=2"},"rttpg_comment":0,"rttpg_category":"<a href=\"https:\/\/arantv.az\/?cat=4\" rel=\"category\">Siyas\u0259t<\/a>","rttpg_excerpt":"Prezident\u00a0\u0130lham \u018fliyev\u00a0\u0130ki M\u00fcq\u0259dd\u0259s Oca\u011f\u0131n Xadimi, S\u0259udiyy\u0259 \u018fr\u0259bistan\u0131n\u0131n Kral\u0131 \u018flah\u0259zr\u0259t Salman bin \u018fbd\u00fcl\u0259ziz Al S\u0259uda t\u0259brik m\u0259ktubu \u00fcnvanlay\u0131b. President.az-\u0131n x\u0259b\u0259rin\u0259 g\u00f6r\u0259, m\u0259ktubda deyilir: \u201c\u018flah\u0259zr\u0259t, \u0259ziz qarda\u015f\u0131m, S\u0259udiyy\u0259 \u018fr\u0259bistan\u0131 Krall\u0131\u011f\u0131n\u0131n milli bayram\u0131 &#8211; Krall\u0131q elan edilm\u0259si G\u00fcn\u00fc m\u00fcnasib\u0259til\u0259 Siz\u0259 v\u0259 Sizin siman\u0131zda b\u00fct\u00fcn xalq\u0131n\u0131za \u00f6z ad\u0131mdan v\u0259 Az\u0259rbaycan xalq\u0131 ad\u0131ndan \u0259n s\u0259mimi v\u0259 xo\u015f arzular\u0131m\u0131 \u00e7atd\u0131rmaqdan m\u0259mnunluq&hellip;","_links":{"self":[{"href":"https:\/\/arantv.az\/index.php?rest_route=\/wp\/v2\/posts\/636635"}],"collection":[{"href":"https:\/\/arantv.az\/index.php?rest_route=\/wp\/v2\/posts"}],"about":[{"href":"https:\/\/arantv.az\/index.php?rest_route=\/wp\/v2\/types\/post"}],"author":[{"embeddable":true,"href":"https:\/\/arantv.az\/index.php?rest_route=\/wp\/v2\/users\/2"}],"replies":[{"embeddable":true,"href":"https:\/\/arantv.az\/index.php?rest_route=%2Fwp%2Fv2%2Fcomments&post=636635"}],"version-history":[{"count":0,"href":"https:\/\/arantv.az\/index.php?rest_route=\/wp\/v2\/posts\/636635\/revisions"}],"wp:featuredmedia":[{"embeddable":true,"href":"https:\/\/arantv.az\/index.php?rest_route=\/wp\/v2\/media\/636638"}],"wp:attachment":[{"href":"https:\/\/arantv.az\/index.php?rest_route=%2Fwp%2Fv2%2Fmedia&parent=636635"}],"wp:term":[{"taxonomy":"category","embeddable":true,"href":"https:\/\/arantv.az\/index.php?rest_route=%2Fwp%2Fv2%2Fcategories&post=636635"},{"taxonomy":"post_tag","embeddable":true,"href":"https:\/\/arantv.az\/index.php?rest_route=%2Fwp%2Fv2%2Ftags&post=636635"}],"curies":[{"name":"wp","href":"https:\/\/api.w.org\/{rel}","templated":true}]}}