{"id":636637,"date":"2023-09-23T11:51:28","date_gmt":"2023-09-23T07:51:28","guid":{"rendered":"https:\/\/arantv.az\/?p=636637"},"modified":"2023-09-23T11:51:28","modified_gmt":"2023-09-23T07:51:28","slug":"ordumuzun-h%c9%99yata-kecirdiyi-antiterror-t%c9%99dbiri-dunyaya-novb%c9%99ti-numun%c9%99dir-r%c9%99y-foto","status":"publish","type":"post","link":"https:\/\/arantv.az\/?p=636637","title":{"rendered":"\u201cOrdumuzun h\u0259yata ke\u00e7irdiyi antiterror t\u0259dbiri d\u00fcnyaya n\u00f6vb\u0259ti n\u00fcmun\u0259dir\u201d &#8211; R\u018fY + FOTO"},"content":{"rendered":"<p>\u201cAz\u0259rbaycan Ordusunun h\u0259yata ke\u00e7irdiyi lokal xarakterli antiterror t\u0259dbiri d\u00fcnyaya n\u00f6vb\u0259ti n\u00fcmun\u0259dir\u201d.<\/p>\n<p>Bunu \u201cReport\u201da a\u00e7\u0131qlamas\u0131nda Milli M\u0259clisin \u00fczv\u00fc Ayd\u0131n H\u00fcseynov deyib.<\/p>\n<p>Deputat\u0131n s\u00f6zl\u0259rin\u0259 g\u00f6r\u0259, Az\u0259rbaycan Qaraba\u011fda yerl\u0259\u015f\u0259n qanunsuz erm\u0259ni silahl\u0131 birl\u0259\u015fm\u0259l\u0259r\u0259 qar\u015f\u0131 lokal xarakterli antiterror t\u0259dbirl\u0259ri h\u0259yata ke\u00e7ir\u0259r\u0259k qar\u015f\u0131da duran b\u00fct\u00fcn v\u0259zif\u0259ni c\u0259mi bir g\u00fcn \u0259rzind\u0259 yerin\u0259 yetirdi v\u0259 \u00f6z suverenliyini tamamil\u0259 b\u0259rpa etdi:<\/p>\n<p>\u201cAz\u0259rbaycan Ordusu antiterror t\u0259dbirl\u0259rind\u0259 \u0259sl pe\u015f\u0259karl\u0131q n\u00fcmayi\u015f etdirdi v\u0259 strateji h\u0259d\u0259fl\u0259r\u0259 tam nail olundu. Bu, bir daha Az\u0259rbaycan Ordusunun b\u00f6y\u00fck q\u0259hr\u0259manl\u0131q, \u015f\u00fcca\u0259t, pe\u015f\u0259karl\u0131q n\u00fcmun\u0259sidir. \u00c7\u0259tin relyef \u015f\u0259raitind\u0259, d\u00fc\u015fm\u0259n t\u0259r\u0259find\u0259n uzun ill\u0259r \u0259rzind\u0259 qurulan istehkamlar\u0131n m\u00f6vcudlu\u011fu \u015f\u0259raitind\u0259, d\u00fc\u015fm\u0259n m\u00f6vqel\u0259rin t\u0259p\u0259l\u0259rd\u0259, \u0259lveri\u015fli yerl\u0259rd\u0259 yerl\u0259\u015fdirilm\u0259sin\u0259 baxmayaraq, h\u0259rb\u00e7il\u0259rimiz q\u0131sa m\u00fcdd\u0259t \u0259rzind\u0259 b\u00fct\u00fcn istiqam\u0259tl\u0259r \u00fczr\u0259 \u0259h\u0259miyy\u0259tli d\u0259r\u0259c\u0259d\u0259 h\u0259rbi u\u011furlar \u0259ld\u0259 etdil\u0259r\u201d.<\/p>\n<p>\u201cPrezidentin d\u0259 b\u0259yan etdiyi kimi, t\u0259dbirl\u0259r zaman\u0131 yaln\u0131z h\u0259rbi obyektl\u0259r h\u0259d\u0259f g\u00f6t\u00fcr\u00fcld\u00fc, Az\u0259rbaycan Ordusu m\u00fclki \u0259halini v\u0259 m\u00fclki obyektl\u0259ri h\u0259d\u0259f almad\u0131, Az\u0259rbaycan \u0259sg\u0259ri, zabiti h\u0259m d\u0259 y\u00fcks\u0259k m\u0259n\u0259vi keyfiyy\u0259tl\u0259r g\u00f6st\u0259rdi. Bu bax\u0131mdan, Az\u0259rbaycan Ordusunun h\u0259yata ke\u00e7irdiyi lokal antiterror t\u0259dbiri d\u00fcnyaya n\u00f6vb\u0259ti u\u011fur n\u00fcmun\u0259si kimi t\u0259qdim oluna bil\u0259r\u201d, &#8211; o qeyd edib.<\/p>\n<p>&nbsp;<\/p>\n<div class=\"gallery\">\n<div class=\"gallery-i\"><img src=\"https:\/\/cdn.oxu.az\/uploads\/W1siZiIsIjIwMjMvMDkvMjMvMTAvMDcvMDkvMjA5ZDkyNDktOTc2OC00NDNiLWFmMGUtYjIyNDRiZDk2M2RkL2Y5Y2M0M2VmLWI1NTQtMzI2MS1iZWQzLTZmNzc3NDA0YTA2NC5qcGciXSxbInAiLCJlbmNvZGUiLCJqcGciLCItcXVhbGl0eSA4MCJdLFsicCIsInRodW1iIiwiNTkweDU5MFx1MDAzZSJdXQ?sha=c0968832fc022aa6\" alt=\"\" \/><\/p>\n<div class=\"gallery-i-caption\"><\/div>\n<\/div>\n<\/div>\n<p>A.H\u00fcseynov deyib ki, antiterror t\u0259dbirl\u0259ri zaman\u0131 Rusiya s\u00fclhm\u0259raml\u0131lar\u0131n\u0131n davran\u0131\u015f\u0131 da t\u0259qdir\u0259layiqdir, onlar Az\u0259rbaycan Ordusunun h\u0259yata ke\u00e7irdiyi lokal antiterror t\u0259dbirl\u0259ri zaman\u0131 \u00fcz\u0259rl\u0259rin\u0259 d\u00fc\u015f\u0259n v\u0259zif\u0259l\u0259rin \u00f6hd\u0259sind\u0259n g\u0259l\u0259 bildil\u0259r v\u0259 bu t\u0259dbirl\u0259rin operativ, a\u011f\u0131r itkil\u0259r olmadan ba\u015fa \u00e7atmas\u0131nda Az\u0259rbaycan Ordusunun sars\u0131lmaz pe\u015f\u0259karl\u0131\u011f\u0131ndan, h\u0259qiq\u0259t\u0259n, bir \u00e7ox m\u0259qamlar\u0131 \u00f6yr\u0259ndil\u0259r:<\/p>\n<p>\u201cBundan \u0259lav\u0259, onlar\u0131n f\u0259aliyy\u0259tinin t\u0259min olunmas\u0131na Az\u0259rbaycan t\u0259r\u0259fi \u015f\u0259rait yaratd\u0131. S\u00fclhm\u0259raml\u0131lar\u0131n bu f\u0259aliyy\u0259ti d\u0259 bilavasit\u0259 bundan sonra b\u00f6lg\u0259d\u0259, C\u0259nubi Qafqazda yeni reall\u0131q yaranmas\u0131na imkan ver\u0259c\u0259k. C\u0259nubi Qafqaz \u00f6lk\u0259l\u0259rinin g\u0259l\u0259c\u0259yi s\u00fclh\u0259, \u0259min-amanl\u0131\u011fa, inki\u015fafa s\u00f6yk\u0259n\u0259c\u0259k. B\u00f6lg\u0259mizd\u0259n uzaqda yerl\u0259\u015f\u0259n, ancaq \u00f6z siyasi g\u00fcnd\u0259liyini g\u00fcd\u0259n v\u0259 erm\u0259ni xalq\u0131ndan bir al\u0259t kimi istifad\u0259 ed\u0259n, onlar\u0131 istismara m\u0259ruz qoyan v\u0259 satan q\u00fcvv\u0259l\u0259r, saxtakarlar, korrupsiyala\u015fm\u0131\u015f siyas\u0259t\u00e7il\u0259r bununla da bu b\u00f6lg\u0259d\u0259n \u00f6z m\u0259nfur niyy\u0259tl\u0259rini geri \u00e7\u0259kmi\u015f olacaq\u201d.<\/p>\n<p>Milli M\u0259clis \u00fczv\u00fcn\u00fcn fikrinc\u0259, art\u0131q b\u00f6lg\u0259d\u0259 yaranm\u0131\u015f yeni reall\u0131qdan sonra Erm\u0259nistan\u0131n da sabitliyi, g\u0259l\u0259c\u0259k inki\u015faf\u0131 \u00fc\u00e7\u00fcn \u015fanslar yaran\u0131r:<\/p>\n<p>\u201cOnlar da bu s\u00fclh v\u0259 geni\u015f \u0259m\u0259kda\u015fl\u0131q platformas\u0131nda olmaqla \u00f6zl\u0259rinin uzun\u00f6m\u00fcrl\u00fc inki\u015faf\u0131n\u0131 t\u0259min ed\u0259 bil\u0259rl\u0259r\u201d.<\/p>\n","protected":false},"excerpt":{"rendered":"<p>\u201cAz\u0259rbaycan Ordusunun h\u0259yata ke\u00e7irdiyi lokal xarakterli antiterror t\u0259dbiri d\u00fcnyaya n\u00f6vb\u0259ti n\u00fcmun\u0259dir\u201d. Bunu \u201cReport\u201da a\u00e7\u0131qlamas\u0131nda Milli M\u0259clisin \u00fczv\u00fc Ayd\u0131n H\u00fcseynov deyib. Deputat\u0131n s\u00f6zl\u0259rin\u0259 g\u00f6r\u0259, Az\u0259rbaycan Qaraba\u011fda yerl\u0259\u015f\u0259n qanunsuz erm\u0259ni silahl\u0131 birl\u0259\u015fm\u0259l\u0259r\u0259 qar\u015f\u0131 lokal xarakterli antiterror t\u0259dbirl\u0259ri h\u0259yata ke\u00e7ir\u0259r\u0259k qar\u015f\u0131da duran b\u00fct\u00fcn v\u0259zif\u0259ni c\u0259mi bir g\u00fcn \u0259rzind\u0259 yerin\u0259 yetirdi v\u0259 \u00f6z suverenliyini tamamil\u0259 b\u0259rpa etdi: \u201cAz\u0259rbaycan Ordusu antiterror t\u0259dbirl\u0259rind\u0259 \u0259sl pe\u015f\u0259karl\u0131q n\u00fcmayi\u015f etdirdi v\u0259 strateji h\u0259d\u0259fl\u0259r\u0259 tam nail olundu. Bu, bir daha Az\u0259rbaycan Ordusunun b\u00f6y\u00fck q\u0259hr\u0259manl\u0131q, \u015f\u00fcca\u0259t, pe\u015f\u0259karl\u0131q n\u00fcmun\u0259sidir. \u00c7\u0259tin relyef \u015f\u0259raitind\u0259, d\u00fc\u015fm\u0259n t\u0259r\u0259find\u0259n uzun ill\u0259r \u0259rzind\u0259 qurulan istehkamlar\u0131n m\u00f6vcudlu\u011fu \u015f\u0259raitind\u0259, d\u00fc\u015fm\u0259n&hellip;<\/p>\n","protected":false},"author":2,"featured_media":636642,"comment_status":"closed","ping_status":"closed","sticky":false,"template":"","format":"standard","meta":{"om_disable_all_campaigns":false,"_monsterinsights_skip_tracking":false,"_monsterinsights_sitenote_active":false,"_monsterinsights_sitenote_note":"","_monsterinsights_sitenote_category":0},"categories":[4],"tags":[],"aioseo_notices":[],"gutentor_comment":0,"rttpg_featured_image_url":{"full":["https:\/\/arantv.az\/wp-content\/uploads\/2023\/09\/a9734ac7-fc59-379f-ab33-787995051f57_850.jpg",620,413,false],"landscape":["https:\/\/arantv.az\/wp-content\/uploads\/2023\/09\/a9734ac7-fc59-379f-ab33-787995051f57_850.jpg",620,413,false],"portraits":["https:\/\/arantv.az\/wp-content\/uploads\/2023\/09\/a9734ac7-fc59-379f-ab33-787995051f57_850.jpg",620,413,false],"thumbnail":["https:\/\/arantv.az\/wp-content\/uploads\/2023\/09\/a9734ac7-fc59-379f-ab33-787995051f57_850-500x280.jpg",500,280,true],"medium":["https:\/\/arantv.az\/wp-content\/uploads\/2023\/09\/a9734ac7-fc59-379f-ab33-787995051f57_850-548x365.jpg",548,365,true],"large":["https:\/\/arantv.az\/wp-content\/uploads\/2023\/09\/a9734ac7-fc59-379f-ab33-787995051f57_850.jpg",620,413,false],"1536x1536":["https:\/\/arantv.az\/wp-content\/uploads\/2023\/09\/a9734ac7-fc59-379f-ab33-787995051f57_850.jpg",620,413,false],"2048x2048":["https:\/\/arantv.az\/wp-content\/uploads\/2023\/09\/a9734ac7-fc59-379f-ab33-787995051f57_850.jpg",620,413,false],"post-thumbnail":["https:\/\/arantv.az\/wp-content\/uploads\/2023\/09\/a9734ac7-fc59-379f-ab33-787995051f57_850-240x172.jpg",240,172,true],"advps-thumb-one":["https:\/\/arantv.az\/wp-content\/uploads\/2023\/09\/a9734ac7-fc59-379f-ab33-787995051f57_850.jpg",620,413,false]},"rttpg_author":{"display_name":"V\u00fcsal Rafiqo\u011flu","author_link":"https:\/\/arantv.az\/?author=2"},"rttpg_comment":0,"rttpg_category":"<a href=\"https:\/\/arantv.az\/?cat=4\" rel=\"category\">Siyas\u0259t<\/a>","rttpg_excerpt":"\u201cAz\u0259rbaycan Ordusunun h\u0259yata ke\u00e7irdiyi lokal xarakterli antiterror t\u0259dbiri d\u00fcnyaya n\u00f6vb\u0259ti n\u00fcmun\u0259dir\u201d. Bunu \u201cReport\u201da a\u00e7\u0131qlamas\u0131nda Milli M\u0259clisin \u00fczv\u00fc Ayd\u0131n H\u00fcseynov deyib. Deputat\u0131n s\u00f6zl\u0259rin\u0259 g\u00f6r\u0259, Az\u0259rbaycan Qaraba\u011fda yerl\u0259\u015f\u0259n qanunsuz erm\u0259ni silahl\u0131 birl\u0259\u015fm\u0259l\u0259r\u0259 qar\u015f\u0131 lokal xarakterli antiterror t\u0259dbirl\u0259ri h\u0259yata ke\u00e7ir\u0259r\u0259k qar\u015f\u0131da duran b\u00fct\u00fcn v\u0259zif\u0259ni c\u0259mi bir g\u00fcn \u0259rzind\u0259 yerin\u0259 yetirdi v\u0259 \u00f6z suverenliyini tamamil\u0259 b\u0259rpa etdi: \u201cAz\u0259rbaycan Ordusu&hellip;","_links":{"self":[{"href":"https:\/\/arantv.az\/index.php?rest_route=\/wp\/v2\/posts\/636637"}],"collection":[{"href":"https:\/\/arantv.az\/index.php?rest_route=\/wp\/v2\/posts"}],"about":[{"href":"https:\/\/arantv.az\/index.php?rest_route=\/wp\/v2\/types\/post"}],"author":[{"embeddable":true,"href":"https:\/\/arantv.az\/index.php?rest_route=\/wp\/v2\/users\/2"}],"replies":[{"embeddable":true,"href":"https:\/\/arantv.az\/index.php?rest_route=%2Fwp%2Fv2%2Fcomments&post=636637"}],"version-history":[{"count":0,"href":"https:\/\/arantv.az\/index.php?rest_route=\/wp\/v2\/posts\/636637\/revisions"}],"wp:featuredmedia":[{"embeddable":true,"href":"https:\/\/arantv.az\/index.php?rest_route=\/wp\/v2\/media\/636642"}],"wp:attachment":[{"href":"https:\/\/arantv.az\/index.php?rest_route=%2Fwp%2Fv2%2Fmedia&parent=636637"}],"wp:term":[{"taxonomy":"category","embeddable":true,"href":"https:\/\/arantv.az\/index.php?rest_route=%2Fwp%2Fv2%2Fcategories&post=636637"},{"taxonomy":"post_tag","embeddable":true,"href":"https:\/\/arantv.az\/index.php?rest_route=%2Fwp%2Fv2%2Ftags&post=636637"}],"curies":[{"name":"wp","href":"https:\/\/api.w.org\/{rel}","templated":true}]}}