{"id":636819,"date":"2023-09-24T16:32:52","date_gmt":"2023-09-24T12:32:52","guid":{"rendered":"https:\/\/arantv.az\/?p=636819"},"modified":"2023-09-24T16:32:52","modified_gmt":"2023-09-24T12:32:52","slug":"mehriban-%c9%99liyeva-q%c9%99nir%c9%99-pasayeva-il%c9%99-bagli-tapsiriq-verdi-video","status":"publish","type":"post","link":"https:\/\/arantv.az\/?p=636819","title":{"rendered":"Mehriban \u018fliyeva Q\u0259nir\u0259 Pa\u015fayeva il\u0259 ba\u011fl\u0131 tap\u015f\u0131r\u0131q verdi &#8211; V\u0130DEO"},"content":{"rendered":"<article class=\"news\">\n<div class=\"news-inner\">\n<p>M\u0259rk\u0259zi Klinik X\u0259st\u0259xanaya yerl\u0259\u015fdiril\u0259n mill\u0259t v\u0259kili Q\u0259nir\u0259 Pa\u015fayevan\u0131n m\u00fcalic\u0259si il\u0259 ba\u011fl\u0131 b\u00fct\u00fcn z\u0259ruri t\u0259dbirl\u0259r g\u00f6r\u00fcl\u00fcr.<\/p>\n<p>Bu bar\u0259d\u0259 mill\u0259t v\u0259kilinin qarda\u015f\u0131 H\u00fcseyn Pa\u015fayev \u201cQafqazinfo\u201dya bildirib.<\/p>\n<p>Onun s\u00f6zl\u0259rin\u0259 g\u00f6r\u0259, Heyd\u0259r \u018fliyev Fondunun prezidenti\u00a0<strong>Mehriban \u018fliyevan\u0131n<\/strong>\u00a0tap\u015f\u0131r\u0131\u011f\u0131na \u0259sas\u0259n, mill\u0259t v\u0259kilinin m\u00fcalic\u0259si il\u0259 ba\u011fl\u0131 m\u0259s\u0259l\u0259l\u0259r Fond t\u0259r\u0259find\u0259n n\u0259zar\u0259t\u0259 g\u00f6t\u00fcr\u00fcl\u00fcb:<\/p>\n<p>\u201cBu g\u00fcn s\u0259h\u0259r saatlar\u0131nda Az\u0259rbaycan Prezidentinin k\u00f6m\u0259k\u00e7isi Anar \u018fl\u0259kb\u0259rov x\u0259st\u0259xanada olub. Heyd\u0259r \u018fliyev Fondunun \u0259m\u0259kda\u015flar\u0131 x\u0259st\u0259xana il\u0259 m\u00fcnt\u0259z\u0259m \u0259laq\u0259d\u0259dir v\u0259 mill\u0259t v\u0259kilinin m\u00fcalic\u0259si \u00fczr\u0259 b\u00fct\u00fcn z\u0259ruri d\u0259st\u0259k v\u0259 t\u0259dbirl\u0259r g\u00f6r\u00fcl\u00fcr\u201d.<\/p>\n<div><iframe loading=\"lazy\" title=\"YouTube video player\" src=\"https:\/\/www.youtube.com\/embed\/QTUeVJwoqrc?si=exnYIuAIRytDmJB3\" width=\"560\" height=\"315\" frameborder=\"0\" allowfullscreen=\"allowfullscreen\" data-mce-fragment=\"1\"><\/iframe><\/div>\n<\/div>\n<\/article>\n","protected":false},"excerpt":{"rendered":"<p>M\u0259rk\u0259zi Klinik X\u0259st\u0259xanaya yerl\u0259\u015fdiril\u0259n mill\u0259t v\u0259kili Q\u0259nir\u0259 Pa\u015fayevan\u0131n m\u00fcalic\u0259si il\u0259 ba\u011fl\u0131 b\u00fct\u00fcn z\u0259ruri t\u0259dbirl\u0259r g\u00f6r\u00fcl\u00fcr. Bu bar\u0259d\u0259 mill\u0259t v\u0259kilinin qarda\u015f\u0131 H\u00fcseyn Pa\u015fayev \u201cQafqazinfo\u201dya bildirib. Onun s\u00f6zl\u0259rin\u0259 g\u00f6r\u0259, Heyd\u0259r \u018fliyev Fondunun prezidenti\u00a0Mehriban \u018fliyevan\u0131n\u00a0tap\u015f\u0131r\u0131\u011f\u0131na \u0259sas\u0259n, mill\u0259t v\u0259kilinin m\u00fcalic\u0259si il\u0259 ba\u011fl\u0131 m\u0259s\u0259l\u0259l\u0259r Fond t\u0259r\u0259find\u0259n n\u0259zar\u0259t\u0259 g\u00f6t\u00fcr\u00fcl\u00fcb: \u201cBu g\u00fcn s\u0259h\u0259r saatlar\u0131nda Az\u0259rbaycan Prezidentinin k\u00f6m\u0259k\u00e7isi Anar \u018fl\u0259kb\u0259rov x\u0259st\u0259xanada olub. Heyd\u0259r \u018fliyev Fondunun \u0259m\u0259kda\u015flar\u0131 x\u0259st\u0259xana il\u0259 m\u00fcnt\u0259z\u0259m \u0259laq\u0259d\u0259dir v\u0259 mill\u0259t v\u0259kilinin m\u00fcalic\u0259si \u00fczr\u0259 b\u00fct\u00fcn z\u0259ruri d\u0259st\u0259k v\u0259 t\u0259dbirl\u0259r g\u00f6r\u00fcl\u00fcr\u201d.<\/p>\n","protected":false},"author":2,"featured_media":636822,"comment_status":"closed","ping_status":"closed","sticky":false,"template":"","format":"standard","meta":{"om_disable_all_campaigns":false,"_monsterinsights_skip_tracking":false,"_monsterinsights_sitenote_active":false,"_monsterinsights_sitenote_note":"","_monsterinsights_sitenote_category":0},"categories":[4],"tags":[],"aioseo_notices":[],"gutentor_comment":0,"rttpg_featured_image_url":{"full":["https:\/\/arantv.az\/wp-content\/uploads\/2023\/09\/148b97bc-249d-4bb8-ac29-fd578db63f96.jpg",620,413,false],"landscape":["https:\/\/arantv.az\/wp-content\/uploads\/2023\/09\/148b97bc-249d-4bb8-ac29-fd578db63f96.jpg",620,413,false],"portraits":["https:\/\/arantv.az\/wp-content\/uploads\/2023\/09\/148b97bc-249d-4bb8-ac29-fd578db63f96.jpg",620,413,false],"thumbnail":["https:\/\/arantv.az\/wp-content\/uploads\/2023\/09\/148b97bc-249d-4bb8-ac29-fd578db63f96-500x280.jpg",500,280,true],"medium":["https:\/\/arantv.az\/wp-content\/uploads\/2023\/09\/148b97bc-249d-4bb8-ac29-fd578db63f96-548x365.jpg",548,365,true],"large":["https:\/\/arantv.az\/wp-content\/uploads\/2023\/09\/148b97bc-249d-4bb8-ac29-fd578db63f96.jpg",620,413,false],"1536x1536":["https:\/\/arantv.az\/wp-content\/uploads\/2023\/09\/148b97bc-249d-4bb8-ac29-fd578db63f96.jpg",620,413,false],"2048x2048":["https:\/\/arantv.az\/wp-content\/uploads\/2023\/09\/148b97bc-249d-4bb8-ac29-fd578db63f96.jpg",620,413,false],"post-thumbnail":["https:\/\/arantv.az\/wp-content\/uploads\/2023\/09\/148b97bc-249d-4bb8-ac29-fd578db63f96-240x172.jpg",240,172,true],"advps-thumb-one":["https:\/\/arantv.az\/wp-content\/uploads\/2023\/09\/148b97bc-249d-4bb8-ac29-fd578db63f96.jpg",620,413,false]},"rttpg_author":{"display_name":"V\u00fcsal Rafiqo\u011flu","author_link":"https:\/\/arantv.az\/?author=2"},"rttpg_comment":0,"rttpg_category":"<a href=\"https:\/\/arantv.az\/?cat=4\" rel=\"category\">Siyas\u0259t<\/a>","rttpg_excerpt":"M\u0259rk\u0259zi Klinik X\u0259st\u0259xanaya yerl\u0259\u015fdiril\u0259n mill\u0259t v\u0259kili Q\u0259nir\u0259 Pa\u015fayevan\u0131n m\u00fcalic\u0259si il\u0259 ba\u011fl\u0131 b\u00fct\u00fcn z\u0259ruri t\u0259dbirl\u0259r g\u00f6r\u00fcl\u00fcr. Bu bar\u0259d\u0259 mill\u0259t v\u0259kilinin qarda\u015f\u0131 H\u00fcseyn Pa\u015fayev \u201cQafqazinfo\u201dya bildirib. Onun s\u00f6zl\u0259rin\u0259 g\u00f6r\u0259, Heyd\u0259r \u018fliyev Fondunun prezidenti\u00a0Mehriban \u018fliyevan\u0131n\u00a0tap\u015f\u0131r\u0131\u011f\u0131na \u0259sas\u0259n, mill\u0259t v\u0259kilinin m\u00fcalic\u0259si il\u0259 ba\u011fl\u0131 m\u0259s\u0259l\u0259l\u0259r Fond t\u0259r\u0259find\u0259n n\u0259zar\u0259t\u0259 g\u00f6t\u00fcr\u00fcl\u00fcb: \u201cBu g\u00fcn s\u0259h\u0259r saatlar\u0131nda Az\u0259rbaycan Prezidentinin k\u00f6m\u0259k\u00e7isi Anar \u018fl\u0259kb\u0259rov x\u0259st\u0259xanada olub. Heyd\u0259r&hellip;","_links":{"self":[{"href":"https:\/\/arantv.az\/index.php?rest_route=\/wp\/v2\/posts\/636819"}],"collection":[{"href":"https:\/\/arantv.az\/index.php?rest_route=\/wp\/v2\/posts"}],"about":[{"href":"https:\/\/arantv.az\/index.php?rest_route=\/wp\/v2\/types\/post"}],"author":[{"embeddable":true,"href":"https:\/\/arantv.az\/index.php?rest_route=\/wp\/v2\/users\/2"}],"replies":[{"embeddable":true,"href":"https:\/\/arantv.az\/index.php?rest_route=%2Fwp%2Fv2%2Fcomments&post=636819"}],"version-history":[{"count":0,"href":"https:\/\/arantv.az\/index.php?rest_route=\/wp\/v2\/posts\/636819\/revisions"}],"wp:featuredmedia":[{"embeddable":true,"href":"https:\/\/arantv.az\/index.php?rest_route=\/wp\/v2\/media\/636822"}],"wp:attachment":[{"href":"https:\/\/arantv.az\/index.php?rest_route=%2Fwp%2Fv2%2Fmedia&parent=636819"}],"wp:term":[{"taxonomy":"category","embeddable":true,"href":"https:\/\/arantv.az\/index.php?rest_route=%2Fwp%2Fv2%2Fcategories&post=636819"},{"taxonomy":"post_tag","embeddable":true,"href":"https:\/\/arantv.az\/index.php?rest_route=%2Fwp%2Fv2%2Ftags&post=636819"}],"curies":[{"name":"wp","href":"https:\/\/api.w.org\/{rel}","templated":true}]}}