{"id":636837,"date":"2023-09-24T16:37:01","date_gmt":"2023-09-24T12:37:01","guid":{"rendered":"https:\/\/arantv.az\/?p=636837"},"modified":"2023-09-24T16:37:01","modified_gmt":"2023-09-24T12:37:01","slug":"q%c9%99rbi-az%c9%99rbaycan-icmasi-mirzoyanin-bmt-d%c9%99ki-cixisini-qinayib","status":"publish","type":"post","link":"https:\/\/arantv.az\/?p=636837","title":{"rendered":"Q\u0259rbi Az\u0259rbaycan \u0130cmas\u0131 Mirzoyan\u0131n BMT-d\u0259ki \u00e7\u0131x\u0131\u015f\u0131n\u0131 q\u0131nay\u0131b"},"content":{"rendered":"<p>\u201cBiz Erm\u0259nistan\u0131n xarici i\u015f\u0259r naziri Ararat Mirzoyan\u0131n BMT Ba\u015f Assambleyas\u0131n\u0131n 78-ci sessiyas\u0131n\u0131n \u00fcmumi m\u00fczakir\u0259l\u0259rind\u0259 etdiyi \u00e7\u0131x\u0131\u015f\u0131nda Az\u0259rbaycan Respublikas\u0131n\u0131n suverenliyin\u0259 v\u0259 \u0259razi b\u00fct\u00f6vl\u00fcy\u00fcn\u0259 q\u0259sd ed\u0259n v\u0259 onun daxili i\u015fl\u0259rin\u0259 qar\u0131\u015fan m\u00f6vqe s\u0259rgil\u0259m\u0259sini q\u0131nay\u0131r\u0131q\u201d.<\/p>\n<p><strong>ARANTV.AZ <\/strong>\u00a0x\u0259b\u0259r verir ki, bu bar\u0259d\u0259 Q\u0259rbi Az\u0259rbaycan \u0130cmas\u0131n\u0131n yayd\u0131\u011f\u0131 b\u0259yanatda deyilir.<\/p>\n<p>B\u0259yanatda bildirilir ki, nazir Mirzoyan Qaraba\u011fdak\u0131 ke\u00e7mi\u015f qanunsuz rejimin qal\u0131qlar\u0131n\u0131n kapitulyasiya b\u0259yanatlar\u0131nda da etiraf etdikl\u0259ri kimi, Erm\u0259nistan\u0131n silahl\u0131 q\u00fcvv\u0259l\u0259rinin Az\u0259rbaycan \u0259razisind\u0259 qanunsuz \u015f\u0259kild\u0259 yerl\u0259\u015fdirilm\u0259sin\u0259 izahat verm\u0259k \u0259v\u0259zin\u0259 Az\u0259rbaycan\u0131 guya Erm\u0259nistan\u0131n \u0259razi b\u00fct\u00f6vl\u00fcy\u00fcn\u0259 t\u0259hdid t\u00f6r\u0259tm\u0259kd\u0259 imtina etm\u0259si riyakarl\u0131qd\u0131r:<\/p>\n<p>\u201cXat\u0131rlatmaq ist\u0259rdik ki, Az\u0259rbaycan\u0131n Qazax v\u0259 S\u0259d\u0259r\u0259k rayonlar\u0131n\u0131n 8 s\u0259kkiz k\u0259ndi h\u0259l\u0259 d\u0259 Erm\u0259nistan\u0131n i\u015f\u011fal\u0131 alt\u0131ndad\u0131r v\u0259 o k\u0259ndl\u0259rin 10 min\u0259 yax\u0131n \u0259halisi 30 ildir \u00f6z evl\u0259rin\u0259 qay\u0131da bilmirl\u0259r. Erm\u0259nistan Az\u0259rbaycan \u0259razil\u0259rinin 20 faizini i\u015f\u011fal etm\u0259sin\u0259, oradan bir milyona yax\u0131n az\u0259rbaycanl\u0131n\u0131 qovmas\u0131na, 20 mind\u0259n art\u0131q az\u0259rbaycanl\u0131 m\u00fclki \u015f\u0259xsi \u00f6ld\u00fcrm\u0259sin\u0259, min\u0259 yax\u0131n Az\u0259rbaycan \u015f\u0259h\u0259r v\u0259 k\u0259ndini da\u011f\u0131tmas\u0131na g\u00f6r\u0259 da\u015f\u0131d\u0131\u011f\u0131 cavabdehliyi qar\u015f\u0131lamaq v\u0259 bar\u0131\u015f\u0131q \u00fc\u00e7\u00fcn h\u0259l\u0259 d\u0259 laz\u0131mi add\u0131mlar atmay\u0131b\u201d.<\/p>\n<p>B\u0259yanatda Erm\u0259nistan\u0131n nazirinin Az\u0259rbaycan\u0131n Qaraba\u011f b\u00f6lg\u0259sind\u0259 guya humanitar probleml\u0259r olmas\u0131 bar\u0259d\u0259 iddias\u0131 v\u0259 oraya BMT-nin qurumlararas\u0131 missiyas\u0131n\u0131n g\u00f6nd\u0259rilm\u0259si bar\u0259d\u0259 t\u0259klifi il\u0259 ba\u011fl\u0131 qeyd edilir ki, Erm\u0259nistan\u0131n atmal\u0131 oldu\u011fu add\u0131m Az\u0259rbaycana qar\u015f\u0131 t\u00f6r\u0259tdiyi i\u015f\u011fal, q\u0259tliam, etnik t\u0259mizl\u0259m\u0259 v\u0259 da\u011f\u0131nt\u0131lara g\u00f6r\u0259 m\u0259suliyy\u0259ti \u00fcz\u0259rin\u0259 g\u00f6t\u00fcrm\u0259k v\u0259 Az\u0259rbaycan h\u00f6kum\u0259tinin Qaraba\u011fda apard\u0131\u011f\u0131 re-inteqrasiya v\u0259 yenid\u0259n qurma i\u015fl\u0259rin\u0259 d\u0259st\u0259k verm\u0259kdir.<\/p>\n<p>Bununla yana\u015f\u0131, vur\u011fulan\u0131r ki, BMT-nin qurumlararas\u0131 missiyas\u0131n\u0131n getm\u0259li oldu\u011fu \u00f6lk\u0259 is\u0259 Erm\u0259nistand\u0131r. Xat\u0131rladaq ki, Erm\u0259nistandan qovulmu\u015f az\u0259rbaycanl\u0131lar\u0131n t\u0259hl\u00fck\u0259siz v\u0259 l\u0259yaq\u0259tli \u015f\u0259kild\u0259 \u00f6z evl\u0259rin\u0259 qay\u0131tmas\u0131 prosesin\u0259 yard\u0131m etm\u0259k \u00fc\u00e7\u00fcn BMT-nin qurumlararas\u0131 missiyas\u0131n\u0131n Erm\u0259nistana g\u00f6nd\u0259rilm\u0259si \u00fc\u00e7\u00fcn biz h\u0259l\u0259 bu ilin aprel ay\u0131nda BMT-nin Ba\u015f katibin\u0259 m\u00fcraci\u0259t etmi\u015fik. Lakin Erm\u0259nistan h\u00f6kum\u0259ti raz\u0131l\u0131q verm\u0259diyi \u00fc\u00e7\u00fcn missiyan\u0131n orada g\u00f6nd\u0259rilm\u0259si h\u0259l\u0259lik m\u00fcmk\u00fcn olmay\u0131b.<\/p>\n<p>\u201cA.Mirzoyan\u0131n \u201cAz\u0259rbaycan ordusunun v\u0259 h\u00fcquq-m\u00fchafiz\u0259 orqanlar\u0131n\u0131n Qaraba\u011fdak\u0131 ya\u015fay\u0131\u015f m\u0259nt\u0259q\u0259l\u0259rind\u0259n geri \u00e7\u0259kilm\u0259si\u201dn\u0259, \u201cBMT t\u0259r\u0259find\u0259n mandat verilmi\u015f s\u00fclhm\u0259raml\u0131 q\u00fcvv\u0259l\u0259rin Qaraba\u011fda yerl\u0259\u015fdirilm\u0259si\u201dn\u0259 \u00e7a\u011f\u0131rmas\u0131 olduqca m\u0259suliyy\u0259tsiz v\u0259 t\u0259hl\u00fck\u0259li a\u00e7\u0131qlamad\u0131r. \u00d6z\u00fcn\u00fcn suverenliyini, \u0259razi b\u00fct\u00f6vl\u00fcy\u00fcn\u00fc, \u201cq\u0131rm\u0131z\u0131 x\u0259tt\u201dl\u0259rini daim qabardan Erm\u0259nistan\u0131n Az\u0259rbaycan\u0131 \u00f6z suveren \u0259razil\u0259rind\u0259n geri \u00e7\u0259kilm\u0259y\u0259 \u00e7a\u011f\u0131rmas\u0131 bir daha r\u0259smi \u0130r\u0259van\u0131n Az\u0259rbaycana qar\u015f\u0131 \u0259razi iddias\u0131n\u0131, sad\u0259c\u0259 bunu indi ba\u015fqa ad alt\u0131nda p\u0259rd\u0259l\u0259m\u0259y\u0259 m\u0259cbur olmas\u0131n\u0131 s\u00fcbut edir. \u201cBMT t\u0259r\u0259find\u0259n mandat verilmi\u015f s\u00fclhm\u0259raml\u0131 q\u00fcvv\u0259l\u0259r\u201d dedikd\u0259 y\u0259qin ki erm\u0259ni nazir Avropa \u0130ttifaq\u0131n\u0131n Erm\u0259nistandak\u0131 missiyas\u0131n\u0131n Az\u0259rbaycan \u0259razil\u0259rind\u0259 yerl\u0259\u015fdirilm\u0259si kimi xam x\u0259yal\u0131 n\u0259z\u0259rd\u0259 tutur. Ayd\u0131nd\u0131r ki, bunu Avropa \u0130ttifaq\u0131, Fransa, Almaniya kimi \u00f6lk\u0259l\u0259r A.Mirzoyan\u0131n \u00e7\u0131x\u0131\u015f\u0131na sal\u0131blar.<\/p>\n<p>Erm\u0259nistan bilm\u0259lidir ki, Br\u00fcsseld\u0259 oturub bo\u015f-bo\u015f b\u0259yanat ver\u0259n Marina Kalyurand, Natali Luazo kimi s\u0259lib\u00e7il\u0259r\u0259, Fransa, Almaniya, Litva, Estoniya kimi \u00f6lk\u0259l\u0259r\u0259, Luis Okamponun c\u0131zmaqaras\u0131na, Snop Doqqun tvitin\u0259 arxalan\u0131b Az\u0259rbaycana qar\u015f\u0131 \u00e7irkin siyas\u0259tini davam etdirm\u0259kl\u0259 s\u00fclh\u0259 nail olmaq olmaz.<\/p>\n<p>A.Mirzoyan\u0131n \u00e7\u0131x\u0131\u015f\u0131 onu g\u00f6st\u0259rir ki, da\u015fnak v\u0259 ma\u011fara t\u0259f\u0259kk\u00fcrl\u00fc erm\u0259ni diplomatlar\u0131 b\u00f6lg\u0259d\u0259 s\u00fclh v\u0259 bar\u0131\u015f\u0131\u011fa mane\u0259 olmaqla yana\u015f\u0131, h\u0259m d\u0259 Erm\u0259nistan\u0131n bu 30 il \u0259rzind\u0259 \u201cba\u015f tutmam\u0131\u015f d\u00f6vl\u0259t\u201d olmas\u0131n\u0131n \u0259sas s\u0259b\u0259bkarlar\u0131ndan biridir.<\/p>\n<p>Demokratiyadan dan\u0131\u015fan erm\u0259ni nazir\u0259 son g\u00fcnl\u0259r Erm\u0259nistanda ba\u015f ver\u0259n v\u0259t\u0259nda\u015f m\u00fcharib\u0259sini, polis zorak\u0131l\u0131\u011f\u0131n\u0131, k\u00fctl\u0259vi saxlan\u0131lmalar\u0131 xat\u0131rlad\u0131r\u0131q.<\/p>\n<p>Biz Erm\u0259nistan h\u00f6kum\u0259tind\u0259n Az\u0259rbaycan\u0131n \u0259razi b\u00fct\u00f6vl\u00fcy\u00fcn\u0259 v\u0259 suverenliyin\u0259 qar\u015f\u0131 q\u0259sdini, onun daxili i\u015fl\u0259rin\u0259 qar\u0131\u015fma\u011f\u0131 d\u0259rhal dayand\u0131rma\u011f\u0131, Az\u0259rbaycan\u0131n i\u015f\u011fal alt\u0131nda olan 8 k\u0259ndini azad etm\u0259yi, Erm\u0259nistandan qovulmu\u015f az\u0259rbaycanl\u0131lar\u0131n qay\u0131d\u0131\u015f\u0131na \u015f\u0259rait yaratma\u011f\u0131 v\u0259 bu m\u0259qs\u0259dl\u0259, BMT-nin qurumlararas\u0131 missiyas\u0131n\u0131n Erm\u0259nistana g\u00f6nd\u0259rilm\u0259sin\u0259 raz\u0131l\u0131q verm\u0259yi t\u0259l\u0259b edirik\u201d, &#8211; b\u0259yanatda \u0259ks olunur.<\/p>\n","protected":false},"excerpt":{"rendered":"<p>\u201cBiz Erm\u0259nistan\u0131n xarici i\u015f\u0259r naziri Ararat Mirzoyan\u0131n BMT Ba\u015f Assambleyas\u0131n\u0131n 78-ci sessiyas\u0131n\u0131n \u00fcmumi m\u00fczakir\u0259l\u0259rind\u0259 etdiyi \u00e7\u0131x\u0131\u015f\u0131nda Az\u0259rbaycan Respublikas\u0131n\u0131n suverenliyin\u0259 v\u0259 \u0259razi b\u00fct\u00f6vl\u00fcy\u00fcn\u0259 q\u0259sd ed\u0259n v\u0259 onun daxili i\u015fl\u0259rin\u0259 qar\u0131\u015fan m\u00f6vqe s\u0259rgil\u0259m\u0259sini q\u0131nay\u0131r\u0131q\u201d. ARANTV.AZ \u00a0x\u0259b\u0259r verir ki, bu bar\u0259d\u0259 Q\u0259rbi Az\u0259rbaycan \u0130cmas\u0131n\u0131n yayd\u0131\u011f\u0131 b\u0259yanatda deyilir. B\u0259yanatda bildirilir ki, nazir Mirzoyan Qaraba\u011fdak\u0131 ke\u00e7mi\u015f qanunsuz rejimin qal\u0131qlar\u0131n\u0131n kapitulyasiya b\u0259yanatlar\u0131nda da etiraf etdikl\u0259ri kimi, Erm\u0259nistan\u0131n silahl\u0131 q\u00fcvv\u0259l\u0259rinin Az\u0259rbaycan \u0259razisind\u0259 qanunsuz \u015f\u0259kild\u0259 yerl\u0259\u015fdirilm\u0259sin\u0259 izahat verm\u0259k \u0259v\u0259zin\u0259 Az\u0259rbaycan\u0131 guya Erm\u0259nistan\u0131n \u0259razi b\u00fct\u00f6vl\u00fcy\u00fcn\u0259 t\u0259hdid t\u00f6r\u0259tm\u0259kd\u0259 imtina etm\u0259si riyakarl\u0131qd\u0131r: \u201cXat\u0131rlatmaq ist\u0259rdik ki, Az\u0259rbaycan\u0131n Qazax v\u0259 S\u0259d\u0259r\u0259k rayonlar\u0131n\u0131n 8&hellip;<\/p>\n","protected":false},"author":2,"featured_media":636841,"comment_status":"closed","ping_status":"closed","sticky":false,"template":"","format":"standard","meta":{"om_disable_all_campaigns":false,"_monsterinsights_skip_tracking":false,"_monsterinsights_sitenote_active":false,"_monsterinsights_sitenote_note":"","_monsterinsights_sitenote_category":0},"categories":[4],"tags":[],"aioseo_notices":[],"gutentor_comment":0,"rttpg_featured_image_url":{"full":["https:\/\/arantv.az\/wp-content\/uploads\/2023\/09\/a0a54f98-0d67-3545-a597-7365d7ef9900_850.jpg",620,413,false],"landscape":["https:\/\/arantv.az\/wp-content\/uploads\/2023\/09\/a0a54f98-0d67-3545-a597-7365d7ef9900_850.jpg",620,413,false],"portraits":["https:\/\/arantv.az\/wp-content\/uploads\/2023\/09\/a0a54f98-0d67-3545-a597-7365d7ef9900_850.jpg",620,413,false],"thumbnail":["https:\/\/arantv.az\/wp-content\/uploads\/2023\/09\/a0a54f98-0d67-3545-a597-7365d7ef9900_850-500x280.jpg",500,280,true],"medium":["https:\/\/arantv.az\/wp-content\/uploads\/2023\/09\/a0a54f98-0d67-3545-a597-7365d7ef9900_850-548x365.jpg",548,365,true],"large":["https:\/\/arantv.az\/wp-content\/uploads\/2023\/09\/a0a54f98-0d67-3545-a597-7365d7ef9900_850.jpg",620,413,false],"1536x1536":["https:\/\/arantv.az\/wp-content\/uploads\/2023\/09\/a0a54f98-0d67-3545-a597-7365d7ef9900_850.jpg",620,413,false],"2048x2048":["https:\/\/arantv.az\/wp-content\/uploads\/2023\/09\/a0a54f98-0d67-3545-a597-7365d7ef9900_850.jpg",620,413,false],"post-thumbnail":["https:\/\/arantv.az\/wp-content\/uploads\/2023\/09\/a0a54f98-0d67-3545-a597-7365d7ef9900_850-240x172.jpg",240,172,true],"advps-thumb-one":["https:\/\/arantv.az\/wp-content\/uploads\/2023\/09\/a0a54f98-0d67-3545-a597-7365d7ef9900_850.jpg",620,413,false]},"rttpg_author":{"display_name":"V\u00fcsal Rafiqo\u011flu","author_link":"https:\/\/arantv.az\/?author=2"},"rttpg_comment":0,"rttpg_category":"<a href=\"https:\/\/arantv.az\/?cat=4\" rel=\"category\">Siyas\u0259t<\/a>","rttpg_excerpt":"\u201cBiz Erm\u0259nistan\u0131n xarici i\u015f\u0259r naziri Ararat Mirzoyan\u0131n BMT Ba\u015f Assambleyas\u0131n\u0131n 78-ci sessiyas\u0131n\u0131n \u00fcmumi m\u00fczakir\u0259l\u0259rind\u0259 etdiyi \u00e7\u0131x\u0131\u015f\u0131nda Az\u0259rbaycan Respublikas\u0131n\u0131n suverenliyin\u0259 v\u0259 \u0259razi b\u00fct\u00f6vl\u00fcy\u00fcn\u0259 q\u0259sd ed\u0259n v\u0259 onun daxili i\u015fl\u0259rin\u0259 qar\u0131\u015fan m\u00f6vqe s\u0259rgil\u0259m\u0259sini q\u0131nay\u0131r\u0131q\u201d. ARANTV.AZ \u00a0x\u0259b\u0259r verir ki, bu bar\u0259d\u0259 Q\u0259rbi Az\u0259rbaycan \u0130cmas\u0131n\u0131n yayd\u0131\u011f\u0131 b\u0259yanatda deyilir. B\u0259yanatda bildirilir ki, nazir Mirzoyan Qaraba\u011fdak\u0131 ke\u00e7mi\u015f qanunsuz rejimin qal\u0131qlar\u0131n\u0131n kapitulyasiya&hellip;","_links":{"self":[{"href":"https:\/\/arantv.az\/index.php?rest_route=\/wp\/v2\/posts\/636837"}],"collection":[{"href":"https:\/\/arantv.az\/index.php?rest_route=\/wp\/v2\/posts"}],"about":[{"href":"https:\/\/arantv.az\/index.php?rest_route=\/wp\/v2\/types\/post"}],"author":[{"embeddable":true,"href":"https:\/\/arantv.az\/index.php?rest_route=\/wp\/v2\/users\/2"}],"replies":[{"embeddable":true,"href":"https:\/\/arantv.az\/index.php?rest_route=%2Fwp%2Fv2%2Fcomments&post=636837"}],"version-history":[{"count":0,"href":"https:\/\/arantv.az\/index.php?rest_route=\/wp\/v2\/posts\/636837\/revisions"}],"wp:featuredmedia":[{"embeddable":true,"href":"https:\/\/arantv.az\/index.php?rest_route=\/wp\/v2\/media\/636841"}],"wp:attachment":[{"href":"https:\/\/arantv.az\/index.php?rest_route=%2Fwp%2Fv2%2Fmedia&parent=636837"}],"wp:term":[{"taxonomy":"category","embeddable":true,"href":"https:\/\/arantv.az\/index.php?rest_route=%2Fwp%2Fv2%2Fcategories&post=636837"},{"taxonomy":"post_tag","embeddable":true,"href":"https:\/\/arantv.az\/index.php?rest_route=%2Fwp%2Fv2%2Ftags&post=636837"}],"curies":[{"name":"wp","href":"https:\/\/api.w.org\/{rel}","templated":true}]}}