{"id":636840,"date":"2023-09-24T16:37:20","date_gmt":"2023-09-24T12:37:20","guid":{"rendered":"https:\/\/arantv.az\/?p=636840"},"modified":"2023-09-24T16:37:20","modified_gmt":"2023-09-24T12:37:20","slug":"%c9%99rdogan-sabah-naxcivana-s%c9%99f%c9%99r-ed%c9%99c%c9%99k","status":"publish","type":"post","link":"https:\/\/arantv.az\/?p=636840","title":{"rendered":"\u018frdo\u011fan sabah Nax\u00e7\u0131vana s\u0259f\u0259r ed\u0259c\u0259k"},"content":{"rendered":"<p>T\u00fcrkiy\u0259 Prezidenti R\u0259c\u0259b Tayyib \u018frdo\u011fan Nax\u00e7\u0131van Muxtar Respublikas\u0131na s\u0259f\u0259r ed\u0259c\u0259k.<\/p>\n<p>S\u0259f\u0259r Az\u0259rbaycan Prezidenti\u00a0<strong>\u0130lham \u018fliyevin<\/strong>\u00a0d\u0259v\u0259ti il\u0259 ba\u015f tutacaq.<\/p>\n<p>\u018frdo\u011fan s\u0259f\u0259r \u00e7\u0259r\u00e7iv\u0259sind\u0259 Qaraba\u011fda lokal antiterror t\u0259dbirl\u0259rind\u0259n sonra erm\u0259ni separat\u00e7\u0131lar\u0131n\u0131n t\u0259rksilah prosesi v\u0259 Z\u0259ng\u0259zur d\u0259hlizi il\u0259 ba\u011fl\u0131 m\u00fczakir\u0259l\u0259r aparacaq.<\/p>\n<p>M\u0259nb\u0259: NTV<\/p>\n","protected":false},"excerpt":{"rendered":"<p>T\u00fcrkiy\u0259 Prezidenti R\u0259c\u0259b Tayyib \u018frdo\u011fan Nax\u00e7\u0131van Muxtar Respublikas\u0131na s\u0259f\u0259r ed\u0259c\u0259k. S\u0259f\u0259r Az\u0259rbaycan Prezidenti\u00a0\u0130lham \u018fliyevin\u00a0d\u0259v\u0259ti il\u0259 ba\u015f tutacaq. \u018frdo\u011fan s\u0259f\u0259r \u00e7\u0259r\u00e7iv\u0259sind\u0259 Qaraba\u011fda lokal antiterror t\u0259dbirl\u0259rind\u0259n sonra erm\u0259ni separat\u00e7\u0131lar\u0131n\u0131n t\u0259rksilah prosesi v\u0259 Z\u0259ng\u0259zur d\u0259hlizi il\u0259 ba\u011fl\u0131 m\u00fczakir\u0259l\u0259r aparacaq. M\u0259nb\u0259: NTV<\/p>\n","protected":false},"author":2,"featured_media":636843,"comment_status":"closed","ping_status":"closed","sticky":false,"template":"","format":"standard","meta":{"om_disable_all_campaigns":false,"_monsterinsights_skip_tracking":false,"_monsterinsights_sitenote_active":false,"_monsterinsights_sitenote_note":"","_monsterinsights_sitenote_category":0},"categories":[4],"tags":[],"aioseo_notices":[],"gutentor_comment":0,"rttpg_featured_image_url":{"full":["https:\/\/arantv.az\/wp-content\/uploads\/2023\/09\/FotoJet-2023-09-24T004323.812.jpg",620,413,false],"landscape":["https:\/\/arantv.az\/wp-content\/uploads\/2023\/09\/FotoJet-2023-09-24T004323.812.jpg",620,413,false],"portraits":["https:\/\/arantv.az\/wp-content\/uploads\/2023\/09\/FotoJet-2023-09-24T004323.812.jpg",620,413,false],"thumbnail":["https:\/\/arantv.az\/wp-content\/uploads\/2023\/09\/FotoJet-2023-09-24T004323.812-500x280.jpg",500,280,true],"medium":["https:\/\/arantv.az\/wp-content\/uploads\/2023\/09\/FotoJet-2023-09-24T004323.812-548x365.jpg",548,365,true],"large":["https:\/\/arantv.az\/wp-content\/uploads\/2023\/09\/FotoJet-2023-09-24T004323.812.jpg",620,413,false],"1536x1536":["https:\/\/arantv.az\/wp-content\/uploads\/2023\/09\/FotoJet-2023-09-24T004323.812.jpg",620,413,false],"2048x2048":["https:\/\/arantv.az\/wp-content\/uploads\/2023\/09\/FotoJet-2023-09-24T004323.812.jpg",620,413,false],"post-thumbnail":["https:\/\/arantv.az\/wp-content\/uploads\/2023\/09\/FotoJet-2023-09-24T004323.812-240x172.jpg",240,172,true],"advps-thumb-one":["https:\/\/arantv.az\/wp-content\/uploads\/2023\/09\/FotoJet-2023-09-24T004323.812.jpg",620,413,false]},"rttpg_author":{"display_name":"V\u00fcsal Rafiqo\u011flu","author_link":"https:\/\/arantv.az\/?author=2"},"rttpg_comment":0,"rttpg_category":"<a href=\"https:\/\/arantv.az\/?cat=4\" rel=\"category\">Siyas\u0259t<\/a>","rttpg_excerpt":"T\u00fcrkiy\u0259 Prezidenti R\u0259c\u0259b Tayyib \u018frdo\u011fan Nax\u00e7\u0131van Muxtar Respublikas\u0131na s\u0259f\u0259r ed\u0259c\u0259k. S\u0259f\u0259r Az\u0259rbaycan Prezidenti\u00a0\u0130lham \u018fliyevin\u00a0d\u0259v\u0259ti il\u0259 ba\u015f tutacaq. \u018frdo\u011fan s\u0259f\u0259r \u00e7\u0259r\u00e7iv\u0259sind\u0259 Qaraba\u011fda lokal antiterror t\u0259dbirl\u0259rind\u0259n sonra erm\u0259ni separat\u00e7\u0131lar\u0131n\u0131n t\u0259rksilah prosesi v\u0259 Z\u0259ng\u0259zur d\u0259hlizi il\u0259 ba\u011fl\u0131 m\u00fczakir\u0259l\u0259r aparacaq. M\u0259nb\u0259: NTV","_links":{"self":[{"href":"https:\/\/arantv.az\/index.php?rest_route=\/wp\/v2\/posts\/636840"}],"collection":[{"href":"https:\/\/arantv.az\/index.php?rest_route=\/wp\/v2\/posts"}],"about":[{"href":"https:\/\/arantv.az\/index.php?rest_route=\/wp\/v2\/types\/post"}],"author":[{"embeddable":true,"href":"https:\/\/arantv.az\/index.php?rest_route=\/wp\/v2\/users\/2"}],"replies":[{"embeddable":true,"href":"https:\/\/arantv.az\/index.php?rest_route=%2Fwp%2Fv2%2Fcomments&post=636840"}],"version-history":[{"count":0,"href":"https:\/\/arantv.az\/index.php?rest_route=\/wp\/v2\/posts\/636840\/revisions"}],"wp:featuredmedia":[{"embeddable":true,"href":"https:\/\/arantv.az\/index.php?rest_route=\/wp\/v2\/media\/636843"}],"wp:attachment":[{"href":"https:\/\/arantv.az\/index.php?rest_route=%2Fwp%2Fv2%2Fmedia&parent=636840"}],"wp:term":[{"taxonomy":"category","embeddable":true,"href":"https:\/\/arantv.az\/index.php?rest_route=%2Fwp%2Fv2%2Fcategories&post=636840"},{"taxonomy":"post_tag","embeddable":true,"href":"https:\/\/arantv.az\/index.php?rest_route=%2Fwp%2Fv2%2Ftags&post=636840"}],"curies":[{"name":"wp","href":"https:\/\/api.w.org\/{rel}","templated":true}]}}