{"id":636882,"date":"2023-09-24T20:05:10","date_gmt":"2023-09-24T16:05:10","guid":{"rendered":"https:\/\/arantv.az\/?p=636882"},"modified":"2023-09-24T20:05:10","modified_gmt":"2023-09-24T16:05:10","slug":"s%c9%99rdar-berdim%c9%99h%c9%99mm%c9%99dov-turkm%c9%99nistan-q%c9%99hr%c9%99mani-adina-layiq-gorulub","status":"publish","type":"post","link":"https:\/\/arantv.az\/?p=636882","title":{"rendered":"S\u0259rdar Berdim\u0259h\u0259mm\u0259dov T\u00fcrkm\u0259nistan Q\u0259hr\u0259man\u0131 ad\u0131na layiq g\u00f6r\u00fcl\u00fcb"},"content":{"rendered":"<p>T\u00fcrkm\u0259nistan Prezidenti S\u0259rdar Berdim\u0259h\u0259mm\u0259dov bu \u00f6lk\u0259nin q\u0259hr\u0259man\u0131 ad\u0131na layiq g\u00f6r\u00fcl\u00fcb.<\/p>\n<p>M\u0259lumata g\u00f6r\u0259, d\u00f6vl\u0259t ba\u015f\u00e7\u0131s\u0131 m\u00fckafat\u0131 \u00f6lk\u0259nin m\u00fcst\u0259qilliyin\u0259 v\u0259 inki\u015faf\u0131na verdiyi t\u00f6hf\u0259y\u0259 g\u00f6r\u0259 al\u0131b.<\/p>\n<p>Bildirilir ki, bazar g\u00fcn\u00fc T\u00fcrkm\u0259nistan Xalq Maslaxat\u0131n\u0131n (Xalq \u015euras\u0131n\u0131n) iclas\u0131 zaman\u0131 Berdim\u0259h\u0259mm\u0259dova T\u00fcrkm\u0259nistan Q\u0259hr\u0259man\u0131 ad\u0131n\u0131n verilm\u0259si il\u0259 ba\u011fl\u0131 t\u0259nt\u0259n\u0259li m\u0259rasim ke\u00e7irilib.<\/p>\n<p>T\u0259nt\u0259n\u0259li m\u0259rasimd\u0259 \u00f6lk\u0259 parlamentinin s\u0259dri D\u00fcnyag\u00f6z\u0259l G\u00fclmanova \u201cT\u00fcrkm\u0259nistan Prezidenti Berdim\u0259h\u0259mm\u0259dov\u00a0S\u0259rdar Qurbanquliyevi\u00e7\u0259 T\u00fcrkm\u0259nistan Q\u0259hr\u0259man\u0131 ad\u0131n\u0131n verilm\u0259si haqq\u0131nda\u201d \u00f6lk\u0259 parlamentinin q\u0259rar\u0131n\u0131 oxuyub.<\/p>\n<p>M\u0259nb\u0259: TASS<\/p>\n","protected":false},"excerpt":{"rendered":"<p>T\u00fcrkm\u0259nistan Prezidenti S\u0259rdar Berdim\u0259h\u0259mm\u0259dov bu \u00f6lk\u0259nin q\u0259hr\u0259man\u0131 ad\u0131na layiq g\u00f6r\u00fcl\u00fcb. M\u0259lumata g\u00f6r\u0259, d\u00f6vl\u0259t ba\u015f\u00e7\u0131s\u0131 m\u00fckafat\u0131 \u00f6lk\u0259nin m\u00fcst\u0259qilliyin\u0259 v\u0259 inki\u015faf\u0131na verdiyi t\u00f6hf\u0259y\u0259 g\u00f6r\u0259 al\u0131b. Bildirilir ki, bazar g\u00fcn\u00fc T\u00fcrkm\u0259nistan Xalq Maslaxat\u0131n\u0131n (Xalq \u015euras\u0131n\u0131n) iclas\u0131 zaman\u0131 Berdim\u0259h\u0259mm\u0259dova T\u00fcrkm\u0259nistan Q\u0259hr\u0259man\u0131 ad\u0131n\u0131n verilm\u0259si il\u0259 ba\u011fl\u0131 t\u0259nt\u0259n\u0259li m\u0259rasim ke\u00e7irilib. T\u0259nt\u0259n\u0259li m\u0259rasimd\u0259 \u00f6lk\u0259 parlamentinin s\u0259dri D\u00fcnyag\u00f6z\u0259l G\u00fclmanova \u201cT\u00fcrkm\u0259nistan Prezidenti Berdim\u0259h\u0259mm\u0259dov\u00a0S\u0259rdar Qurbanquliyevi\u00e7\u0259 T\u00fcrkm\u0259nistan Q\u0259hr\u0259man\u0131 ad\u0131n\u0131n verilm\u0259si haqq\u0131nda\u201d \u00f6lk\u0259 parlamentinin q\u0259rar\u0131n\u0131 oxuyub. M\u0259nb\u0259: TASS<\/p>\n","protected":false},"author":2,"featured_media":636892,"comment_status":"closed","ping_status":"closed","sticky":false,"template":"","format":"standard","meta":{"om_disable_all_campaigns":false,"_monsterinsights_skip_tracking":false,"_monsterinsights_sitenote_active":false,"_monsterinsights_sitenote_note":"","_monsterinsights_sitenote_category":0},"categories":[4],"tags":[],"aioseo_notices":[],"gutentor_comment":0,"rttpg_featured_image_url":{"full":["https:\/\/arantv.az\/wp-content\/uploads\/2023\/09\/1673673983_serdar-berdymuhamedov.jpg",620,413,false],"landscape":["https:\/\/arantv.az\/wp-content\/uploads\/2023\/09\/1673673983_serdar-berdymuhamedov.jpg",620,413,false],"portraits":["https:\/\/arantv.az\/wp-content\/uploads\/2023\/09\/1673673983_serdar-berdymuhamedov.jpg",620,413,false],"thumbnail":["https:\/\/arantv.az\/wp-content\/uploads\/2023\/09\/1673673983_serdar-berdymuhamedov-500x280.jpg",500,280,true],"medium":["https:\/\/arantv.az\/wp-content\/uploads\/2023\/09\/1673673983_serdar-berdymuhamedov-548x365.jpg",548,365,true],"large":["https:\/\/arantv.az\/wp-content\/uploads\/2023\/09\/1673673983_serdar-berdymuhamedov.jpg",620,413,false],"1536x1536":["https:\/\/arantv.az\/wp-content\/uploads\/2023\/09\/1673673983_serdar-berdymuhamedov.jpg",620,413,false],"2048x2048":["https:\/\/arantv.az\/wp-content\/uploads\/2023\/09\/1673673983_serdar-berdymuhamedov.jpg",620,413,false],"post-thumbnail":["https:\/\/arantv.az\/wp-content\/uploads\/2023\/09\/1673673983_serdar-berdymuhamedov-240x172.jpg",240,172,true],"advps-thumb-one":["https:\/\/arantv.az\/wp-content\/uploads\/2023\/09\/1673673983_serdar-berdymuhamedov.jpg",620,413,false]},"rttpg_author":{"display_name":"V\u00fcsal Rafiqo\u011flu","author_link":"https:\/\/arantv.az\/?author=2"},"rttpg_comment":0,"rttpg_category":"<a href=\"https:\/\/arantv.az\/?cat=4\" rel=\"category\">Siyas\u0259t<\/a>","rttpg_excerpt":"T\u00fcrkm\u0259nistan Prezidenti S\u0259rdar Berdim\u0259h\u0259mm\u0259dov bu \u00f6lk\u0259nin q\u0259hr\u0259man\u0131 ad\u0131na layiq g\u00f6r\u00fcl\u00fcb. M\u0259lumata g\u00f6r\u0259, d\u00f6vl\u0259t ba\u015f\u00e7\u0131s\u0131 m\u00fckafat\u0131 \u00f6lk\u0259nin m\u00fcst\u0259qilliyin\u0259 v\u0259 inki\u015faf\u0131na verdiyi t\u00f6hf\u0259y\u0259 g\u00f6r\u0259 al\u0131b. Bildirilir ki, bazar g\u00fcn\u00fc T\u00fcrkm\u0259nistan Xalq Maslaxat\u0131n\u0131n (Xalq \u015euras\u0131n\u0131n) iclas\u0131 zaman\u0131 Berdim\u0259h\u0259mm\u0259dova T\u00fcrkm\u0259nistan Q\u0259hr\u0259man\u0131 ad\u0131n\u0131n verilm\u0259si il\u0259 ba\u011fl\u0131 t\u0259nt\u0259n\u0259li m\u0259rasim ke\u00e7irilib. T\u0259nt\u0259n\u0259li m\u0259rasimd\u0259 \u00f6lk\u0259 parlamentinin s\u0259dri D\u00fcnyag\u00f6z\u0259l G\u00fclmanova \u201cT\u00fcrkm\u0259nistan Prezidenti Berdim\u0259h\u0259mm\u0259dov\u00a0S\u0259rdar Qurbanquliyevi\u00e7\u0259&hellip;","_links":{"self":[{"href":"https:\/\/arantv.az\/index.php?rest_route=\/wp\/v2\/posts\/636882"}],"collection":[{"href":"https:\/\/arantv.az\/index.php?rest_route=\/wp\/v2\/posts"}],"about":[{"href":"https:\/\/arantv.az\/index.php?rest_route=\/wp\/v2\/types\/post"}],"author":[{"embeddable":true,"href":"https:\/\/arantv.az\/index.php?rest_route=\/wp\/v2\/users\/2"}],"replies":[{"embeddable":true,"href":"https:\/\/arantv.az\/index.php?rest_route=%2Fwp%2Fv2%2Fcomments&post=636882"}],"version-history":[{"count":0,"href":"https:\/\/arantv.az\/index.php?rest_route=\/wp\/v2\/posts\/636882\/revisions"}],"wp:featuredmedia":[{"embeddable":true,"href":"https:\/\/arantv.az\/index.php?rest_route=\/wp\/v2\/media\/636892"}],"wp:attachment":[{"href":"https:\/\/arantv.az\/index.php?rest_route=%2Fwp%2Fv2%2Fmedia&parent=636882"}],"wp:term":[{"taxonomy":"category","embeddable":true,"href":"https:\/\/arantv.az\/index.php?rest_route=%2Fwp%2Fv2%2Fcategories&post=636882"},{"taxonomy":"post_tag","embeddable":true,"href":"https:\/\/arantv.az\/index.php?rest_route=%2Fwp%2Fv2%2Ftags&post=636882"}],"curies":[{"name":"wp","href":"https:\/\/api.w.org\/{rel}","templated":true}]}}