{"id":636923,"date":"2023-09-24T20:14:42","date_gmt":"2023-09-24T16:14:42","guid":{"rendered":"https:\/\/arantv.az\/?p=636923"},"modified":"2023-09-24T20:14:42","modified_gmt":"2023-09-24T16:14:42","slug":"separatcilarin-qoyub-qacdigi-doyus-postunun-goruntul%c9%99ri-yayildi-video","status":"publish","type":"post","link":"https:\/\/arantv.az\/?p=636923","title":{"rendered":"Separat\u00e7\u0131lar\u0131n qoyub qa\u00e7d\u0131\u011f\u0131 d\u00f6y\u00fc\u015f postunun g\u00f6r\u00fcnt\u00fcl\u0259ri yay\u0131ld\u0131 &#8211; V\u0130DEO"},"content":{"rendered":"<p>Az\u0259rbaycan Silahl\u0131 Q\u00fcvv\u0259l\u0259rinin Qaraba\u011f b\u00f6lg\u0259sind\u0259 h\u0259yata ke\u00e7irdiyi lokal xarakterli antiterror t\u0259dbirl\u0259rind\u0259n yeni g\u00f6r\u00fcnt\u00fcl\u0259r yay\u0131l\u0131b.<\/p>\n<p>G\u00f6r\u00fcnt\u00fcl\u0259rd\u0259 separat\u00e7\u0131lar\u0131n qoyub qa\u00e7d\u0131\u011f\u0131 d\u00f6y\u00fc\u015f postu yer al\u0131b.<\/p>\n<p>G\u00f6r\u00fcnt\u00fcl\u0259r dem\u0259y\u0259 \u0259sas verir ki, y\u00fcks\u0259klikd\u0259 yerl\u0259\u015f\u0259n post u\u011frunda \u015fidd\u0259tli d\u00f6y\u00fc\u015fl\u0259r gedib.<\/p>\n<p>Qeyd ed\u0259k ki,\u00a0Az\u0259rbaycan Respublikas\u0131n\u0131n konstitusiya qurulu\u015funun b\u0259rpa edilm\u0259si m\u0259qs\u0259dil\u0259 2023-c\u00fc il\u00a0sentyabr\u0131n 19-da Qaraba\u011f b\u00f6lg\u0259sind\u0259 lokal xarakterli antiterror t\u0259dbirl\u0259rin\u0259 ba\u015flan\u0131l\u0131b. Qaraba\u011f\u0131n erm\u0259ni sakinl\u0259rinin n\u00fcmay\u0259nd\u0259l\u0259rinin Rusiya s\u00fclhm\u0259raml\u0131 kontingenti vasit\u0259sil\u0259 m\u00fcraci\u0259tini n\u0259z\u0259r\u0259 alaraq sentyabr\u0131n 20-d\u0259 saat 13:00-da m\u00fc\u0259yy\u0259n \u015f\u0259rtl\u0259r alt\u0131nda lokal xarakterli antiterror t\u0259dbirl\u0259rinin dayand\u0131r\u0131lmas\u0131 bar\u0259d\u0259 raz\u0131l\u0131q \u0259ld\u0259 olunub. Haz\u0131rda qanunsuz erm\u0259ni silahl\u0131 d\u0259st\u0259l\u0259rinin t\u0259rk-silah edilm\u0259si prosesi apar\u0131l\u0131r.<\/p>\n<p>Baku TV h\u0259min g\u00f6r\u00fcnt\u00fcl\u0259ri t\u0259qdim edir:<\/p>\n<div><iframe loading=\"lazy\" title=\"YouTube video player\" src=\"https:\/\/www.youtube.com\/embed\/TcoBaeFpHv8?si=girEPTav3KOVNsbH\" width=\"560\" height=\"315\" frameborder=\"0\" allowfullscreen=\"allowfullscreen\" data-mce-fragment=\"1\"><\/iframe><\/div>\n<p>&nbsp;<\/p>\n","protected":false},"excerpt":{"rendered":"<p>Az\u0259rbaycan Silahl\u0131 Q\u00fcvv\u0259l\u0259rinin Qaraba\u011f b\u00f6lg\u0259sind\u0259 h\u0259yata ke\u00e7irdiyi lokal xarakterli antiterror t\u0259dbirl\u0259rind\u0259n yeni g\u00f6r\u00fcnt\u00fcl\u0259r yay\u0131l\u0131b. G\u00f6r\u00fcnt\u00fcl\u0259rd\u0259 separat\u00e7\u0131lar\u0131n qoyub qa\u00e7d\u0131\u011f\u0131 d\u00f6y\u00fc\u015f postu yer al\u0131b. G\u00f6r\u00fcnt\u00fcl\u0259r dem\u0259y\u0259 \u0259sas verir ki, y\u00fcks\u0259klikd\u0259 yerl\u0259\u015f\u0259n post u\u011frunda \u015fidd\u0259tli d\u00f6y\u00fc\u015fl\u0259r gedib. Qeyd ed\u0259k ki,\u00a0Az\u0259rbaycan Respublikas\u0131n\u0131n konstitusiya qurulu\u015funun b\u0259rpa edilm\u0259si m\u0259qs\u0259dil\u0259 2023-c\u00fc il\u00a0sentyabr\u0131n 19-da Qaraba\u011f b\u00f6lg\u0259sind\u0259 lokal xarakterli antiterror t\u0259dbirl\u0259rin\u0259 ba\u015flan\u0131l\u0131b. Qaraba\u011f\u0131n erm\u0259ni sakinl\u0259rinin n\u00fcmay\u0259nd\u0259l\u0259rinin Rusiya s\u00fclhm\u0259raml\u0131 kontingenti vasit\u0259sil\u0259 m\u00fcraci\u0259tini n\u0259z\u0259r\u0259 alaraq sentyabr\u0131n 20-d\u0259 saat 13:00-da m\u00fc\u0259yy\u0259n \u015f\u0259rtl\u0259r alt\u0131nda lokal xarakterli antiterror t\u0259dbirl\u0259rinin dayand\u0131r\u0131lmas\u0131 bar\u0259d\u0259 raz\u0131l\u0131q \u0259ld\u0259 olunub. Haz\u0131rda qanunsuz erm\u0259ni silahl\u0131 d\u0259st\u0259l\u0259rinin t\u0259rk-silah edilm\u0259si prosesi apar\u0131l\u0131r. Baku&hellip;<\/p>\n","protected":false},"author":2,"featured_media":636925,"comment_status":"closed","ping_status":"closed","sticky":false,"template":"","format":"standard","meta":{"om_disable_all_campaigns":false,"_monsterinsights_skip_tracking":false,"_monsterinsights_sitenote_active":false,"_monsterinsights_sitenote_note":"","_monsterinsights_sitenote_category":0},"categories":[10],"tags":[],"aioseo_notices":[],"gutentor_comment":0,"rttpg_featured_image_url":{"full":["https:\/\/arantv.az\/wp-content\/uploads\/2023\/09\/FotoJet-1-19.jpg",620,413,false],"landscape":["https:\/\/arantv.az\/wp-content\/uploads\/2023\/09\/FotoJet-1-19.jpg",620,413,false],"portraits":["https:\/\/arantv.az\/wp-content\/uploads\/2023\/09\/FotoJet-1-19.jpg",620,413,false],"thumbnail":["https:\/\/arantv.az\/wp-content\/uploads\/2023\/09\/FotoJet-1-19-500x280.jpg",500,280,true],"medium":["https:\/\/arantv.az\/wp-content\/uploads\/2023\/09\/FotoJet-1-19-548x365.jpg",548,365,true],"large":["https:\/\/arantv.az\/wp-content\/uploads\/2023\/09\/FotoJet-1-19.jpg",620,413,false],"1536x1536":["https:\/\/arantv.az\/wp-content\/uploads\/2023\/09\/FotoJet-1-19.jpg",620,413,false],"2048x2048":["https:\/\/arantv.az\/wp-content\/uploads\/2023\/09\/FotoJet-1-19.jpg",620,413,false],"post-thumbnail":["https:\/\/arantv.az\/wp-content\/uploads\/2023\/09\/FotoJet-1-19-240x172.jpg",240,172,true],"advps-thumb-one":["https:\/\/arantv.az\/wp-content\/uploads\/2023\/09\/FotoJet-1-19.jpg",620,413,false]},"rttpg_author":{"display_name":"V\u00fcsal Rafiqo\u011flu","author_link":"https:\/\/arantv.az\/?author=2"},"rttpg_comment":0,"rttpg_category":"<a href=\"https:\/\/arantv.az\/?cat=10\" rel=\"category\">C\u0259bh\u0259d\u0259n X\u0259b\u0259r<\/a>","rttpg_excerpt":"Az\u0259rbaycan Silahl\u0131 Q\u00fcvv\u0259l\u0259rinin Qaraba\u011f b\u00f6lg\u0259sind\u0259 h\u0259yata ke\u00e7irdiyi lokal xarakterli antiterror t\u0259dbirl\u0259rind\u0259n yeni g\u00f6r\u00fcnt\u00fcl\u0259r yay\u0131l\u0131b. G\u00f6r\u00fcnt\u00fcl\u0259rd\u0259 separat\u00e7\u0131lar\u0131n qoyub qa\u00e7d\u0131\u011f\u0131 d\u00f6y\u00fc\u015f postu yer al\u0131b. G\u00f6r\u00fcnt\u00fcl\u0259r dem\u0259y\u0259 \u0259sas verir ki, y\u00fcks\u0259klikd\u0259 yerl\u0259\u015f\u0259n post u\u011frunda \u015fidd\u0259tli d\u00f6y\u00fc\u015fl\u0259r gedib. Qeyd ed\u0259k ki,\u00a0Az\u0259rbaycan Respublikas\u0131n\u0131n konstitusiya qurulu\u015funun b\u0259rpa edilm\u0259si m\u0259qs\u0259dil\u0259 2023-c\u00fc il\u00a0sentyabr\u0131n 19-da Qaraba\u011f b\u00f6lg\u0259sind\u0259 lokal xarakterli antiterror t\u0259dbirl\u0259rin\u0259 ba\u015flan\u0131l\u0131b. Qaraba\u011f\u0131n erm\u0259ni&hellip;","_links":{"self":[{"href":"https:\/\/arantv.az\/index.php?rest_route=\/wp\/v2\/posts\/636923"}],"collection":[{"href":"https:\/\/arantv.az\/index.php?rest_route=\/wp\/v2\/posts"}],"about":[{"href":"https:\/\/arantv.az\/index.php?rest_route=\/wp\/v2\/types\/post"}],"author":[{"embeddable":true,"href":"https:\/\/arantv.az\/index.php?rest_route=\/wp\/v2\/users\/2"}],"replies":[{"embeddable":true,"href":"https:\/\/arantv.az\/index.php?rest_route=%2Fwp%2Fv2%2Fcomments&post=636923"}],"version-history":[{"count":0,"href":"https:\/\/arantv.az\/index.php?rest_route=\/wp\/v2\/posts\/636923\/revisions"}],"wp:featuredmedia":[{"embeddable":true,"href":"https:\/\/arantv.az\/index.php?rest_route=\/wp\/v2\/media\/636925"}],"wp:attachment":[{"href":"https:\/\/arantv.az\/index.php?rest_route=%2Fwp%2Fv2%2Fmedia&parent=636923"}],"wp:term":[{"taxonomy":"category","embeddable":true,"href":"https:\/\/arantv.az\/index.php?rest_route=%2Fwp%2Fv2%2Fcategories&post=636923"},{"taxonomy":"post_tag","embeddable":true,"href":"https:\/\/arantv.az\/index.php?rest_route=%2Fwp%2Fv2%2Ftags&post=636923"}],"curies":[{"name":"wp","href":"https:\/\/api.w.org\/{rel}","templated":true}]}}