{"id":636935,"date":"2023-09-24T20:45:30","date_gmt":"2023-09-24T16:45:30","guid":{"rendered":"https:\/\/arantv.az\/?p=636935"},"modified":"2023-09-24T20:45:30","modified_gmt":"2023-09-24T16:45:30","slug":"pasinyan-hokum%c9%99tin%c9%99-qarsi-novb%c9%99ti-kutl%c9%99vi-etiraz-aksiyasi-kecirilir-video","status":"publish","type":"post","link":"https:\/\/arantv.az\/?p=636935","title":{"rendered":"Pa\u015finyan h\u00f6kum\u0259tin\u0259 qar\u015f\u0131 n\u00f6vb\u0259ti k\u00fctl\u0259vi etiraz aksiyas\u0131 ke\u00e7irilir &#8211; V\u0130DEO"},"content":{"rendered":"<p>Erm\u0259nistan\u0131n ba\u015f naziri Nikol Pa\u015finyan\u0131n istefas\u0131n\u0131 t\u0259l\u0259b ed\u0259n v\u0259t\u0259nda\u015flar \u0130r\u0259van\u0131n m\u0259rk\u0259zind\u0259ki meydana topla\u015f\u0131blar.<\/p>\n<p>H\u00f6kum\u0259t binas\u0131n\u0131n yerl\u0259\u015fdiyi meydana mind\u0259n \u00e7ox insan y\u0131\u011f\u0131\u015f\u0131b. V\u0259t\u0259nda\u015flar \u0259raziy\u0259 g\u0259lm\u0259kd\u0259 davam edirl\u0259r.<\/p>\n<p>Haz\u0131rda h\u00f6kum\u0259t binas\u0131n\u0131n giri\u015fi polisl\u0259r t\u0259r\u0259find\u0259n qorunur. Lakin etiraz\u00e7\u0131lar giri\u015fd\u0259 deyil, meydan\u0131n m\u0259rk\u0259zi hiss\u0259sind\u0259, m\u00fcv\u0259qq\u0259ti s\u0259hn\u0259nin qar\u015f\u0131s\u0131nda topla\u015f\u0131blar.<\/p>\n<div><iframe loading=\"lazy\" src=\"https:\/\/baku.tv\/embed\/99541\" width=\"560\" height=\"315\" frameborder=\"0\" allowfullscreen=\"allowfullscreen\" data-mce-fragment=\"1\"><\/iframe><\/div>\n<p>M\u0259nb\u0259: TASS<\/p>\n","protected":false},"excerpt":{"rendered":"<p>Erm\u0259nistan\u0131n ba\u015f naziri Nikol Pa\u015finyan\u0131n istefas\u0131n\u0131 t\u0259l\u0259b ed\u0259n v\u0259t\u0259nda\u015flar \u0130r\u0259van\u0131n m\u0259rk\u0259zind\u0259ki meydana topla\u015f\u0131blar. H\u00f6kum\u0259t binas\u0131n\u0131n yerl\u0259\u015fdiyi meydana mind\u0259n \u00e7ox insan y\u0131\u011f\u0131\u015f\u0131b. V\u0259t\u0259nda\u015flar \u0259raziy\u0259 g\u0259lm\u0259kd\u0259 davam edirl\u0259r. Haz\u0131rda h\u00f6kum\u0259t binas\u0131n\u0131n giri\u015fi polisl\u0259r t\u0259r\u0259find\u0259n qorunur. Lakin etiraz\u00e7\u0131lar giri\u015fd\u0259 deyil, meydan\u0131n m\u0259rk\u0259zi hiss\u0259sind\u0259, m\u00fcv\u0259qq\u0259ti s\u0259hn\u0259nin qar\u015f\u0131s\u0131nda topla\u015f\u0131blar. M\u0259nb\u0259: TASS<\/p>\n","protected":false},"author":2,"featured_media":636943,"comment_status":"closed","ping_status":"closed","sticky":false,"template":"","format":"standard","meta":{"om_disable_all_campaigns":false,"_monsterinsights_skip_tracking":false,"_monsterinsights_sitenote_active":false,"_monsterinsights_sitenote_note":"","_monsterinsights_sitenote_category":0},"categories":[7],"tags":[],"aioseo_notices":[],"gutentor_comment":0,"rttpg_featured_image_url":{"full":["https:\/\/arantv.az\/wp-content\/uploads\/2023\/09\/FS_aYniXwAEDWDj.jpg",620,413,false],"landscape":["https:\/\/arantv.az\/wp-content\/uploads\/2023\/09\/FS_aYniXwAEDWDj.jpg",620,413,false],"portraits":["https:\/\/arantv.az\/wp-content\/uploads\/2023\/09\/FS_aYniXwAEDWDj.jpg",620,413,false],"thumbnail":["https:\/\/arantv.az\/wp-content\/uploads\/2023\/09\/FS_aYniXwAEDWDj-500x280.jpg",500,280,true],"medium":["https:\/\/arantv.az\/wp-content\/uploads\/2023\/09\/FS_aYniXwAEDWDj-548x365.jpg",548,365,true],"large":["https:\/\/arantv.az\/wp-content\/uploads\/2023\/09\/FS_aYniXwAEDWDj.jpg",620,413,false],"1536x1536":["https:\/\/arantv.az\/wp-content\/uploads\/2023\/09\/FS_aYniXwAEDWDj.jpg",620,413,false],"2048x2048":["https:\/\/arantv.az\/wp-content\/uploads\/2023\/09\/FS_aYniXwAEDWDj.jpg",620,413,false],"post-thumbnail":["https:\/\/arantv.az\/wp-content\/uploads\/2023\/09\/FS_aYniXwAEDWDj-240x172.jpg",240,172,true],"advps-thumb-one":["https:\/\/arantv.az\/wp-content\/uploads\/2023\/09\/FS_aYniXwAEDWDj.jpg",620,413,false]},"rttpg_author":{"display_name":"V\u00fcsal Rafiqo\u011flu","author_link":"https:\/\/arantv.az\/?author=2"},"rttpg_comment":0,"rttpg_category":"<a href=\"https:\/\/arantv.az\/?cat=7\" rel=\"category\">D\u00fcnya<\/a>","rttpg_excerpt":"Erm\u0259nistan\u0131n ba\u015f naziri Nikol Pa\u015finyan\u0131n istefas\u0131n\u0131 t\u0259l\u0259b ed\u0259n v\u0259t\u0259nda\u015flar \u0130r\u0259van\u0131n m\u0259rk\u0259zind\u0259ki meydana topla\u015f\u0131blar. H\u00f6kum\u0259t binas\u0131n\u0131n yerl\u0259\u015fdiyi meydana mind\u0259n \u00e7ox insan y\u0131\u011f\u0131\u015f\u0131b. V\u0259t\u0259nda\u015flar \u0259raziy\u0259 g\u0259lm\u0259kd\u0259 davam edirl\u0259r. Haz\u0131rda h\u00f6kum\u0259t binas\u0131n\u0131n giri\u015fi polisl\u0259r t\u0259r\u0259find\u0259n qorunur. Lakin etiraz\u00e7\u0131lar giri\u015fd\u0259 deyil, meydan\u0131n m\u0259rk\u0259zi hiss\u0259sind\u0259, m\u00fcv\u0259qq\u0259ti s\u0259hn\u0259nin qar\u015f\u0131s\u0131nda topla\u015f\u0131blar. M\u0259nb\u0259: TASS","_links":{"self":[{"href":"https:\/\/arantv.az\/index.php?rest_route=\/wp\/v2\/posts\/636935"}],"collection":[{"href":"https:\/\/arantv.az\/index.php?rest_route=\/wp\/v2\/posts"}],"about":[{"href":"https:\/\/arantv.az\/index.php?rest_route=\/wp\/v2\/types\/post"}],"author":[{"embeddable":true,"href":"https:\/\/arantv.az\/index.php?rest_route=\/wp\/v2\/users\/2"}],"replies":[{"embeddable":true,"href":"https:\/\/arantv.az\/index.php?rest_route=%2Fwp%2Fv2%2Fcomments&post=636935"}],"version-history":[{"count":0,"href":"https:\/\/arantv.az\/index.php?rest_route=\/wp\/v2\/posts\/636935\/revisions"}],"wp:featuredmedia":[{"embeddable":true,"href":"https:\/\/arantv.az\/index.php?rest_route=\/wp\/v2\/media\/636943"}],"wp:attachment":[{"href":"https:\/\/arantv.az\/index.php?rest_route=%2Fwp%2Fv2%2Fmedia&parent=636935"}],"wp:term":[{"taxonomy":"category","embeddable":true,"href":"https:\/\/arantv.az\/index.php?rest_route=%2Fwp%2Fv2%2Fcategories&post=636935"},{"taxonomy":"post_tag","embeddable":true,"href":"https:\/\/arantv.az\/index.php?rest_route=%2Fwp%2Fv2%2Ftags&post=636935"}],"curies":[{"name":"wp","href":"https:\/\/api.w.org\/{rel}","templated":true}]}}