{"id":636957,"date":"2023-09-25T09:01:19","date_gmt":"2023-09-25T05:01:19","guid":{"rendered":"https:\/\/arantv.az\/?p=636957"},"modified":"2023-09-25T09:01:19","modified_gmt":"2023-09-25T05:01:19","slug":"militarizasiya-s%c9%99viyy%c9%99si-%c9%99n-yuks%c9%99k-olan-bolg%c9%99-video","status":"publish","type":"post","link":"https:\/\/arantv.az\/?p=636957","title":{"rendered":"Militarizasiya s\u0259viyy\u0259si \u0259n y\u00fcks\u0259k olan b\u00f6lg\u0259 &#8211; V\u0130DEO"},"content":{"rendered":"<article class=\"news\">\n<div class=\"news-inner\">\n<p>\u201cAz\u0259rbaycan\u0131n \u00f6z \u0259razisind\u0259 qeyri-qanuni silahl\u0131 birl\u0259\u015fm\u0259l\u0259r t\u0259r\u0259find\u0259n \u0259n \u00e7ox silahland\u0131r\u0131lm\u0131\u015f separatiziml\u0259 qar\u015f\u0131-qar\u015f\u0131ya oldu\u011funa d\u00fcnya bir daha \u015fahidlik etdi\u201d.<\/p>\n<p>Bu bar\u0259d\u0259 \u201cATV News\u201da a\u00e7\u0131qlamas\u0131nda h\u0259rbi ekspert \u018fdal\u0259t Verdiyev bildirib.<\/p>\n<p>Qeyd olunub ki, b\u00f6lg\u0259d\u0259 militarizasiya s\u0259viyy\u0259si b\u0259lk\u0259 d\u0259 d\u00fcnya \u00fczr\u0259 \u0259n y\u00fcks\u0259k h\u0259dd\u0259dir.<\/p>\n<p>Ekspert deyib ki, haz\u0131rda h\u0259min silahlar\u0131n y\u0131\u011f\u0131lmas\u0131, q\u0259nim\u0259t olaraq toplanmas\u0131, ard\u0131nca is\u0259 erm\u0259ni yaraql\u0131lar\u0131n\u0131n \u0259razimizd\u0259n \u00e7\u0131xar\u0131lmas\u0131 Az\u0259rbaycan\u0131n prioritetl\u0259ri s\u0131ras\u0131ndad\u0131r.<\/p>\n<p>Daha \u0259trafl\u0131 videomaterialda:<\/p>\n<div><iframe loading=\"lazy\" title=\"YouTube video player\" src=\"https:\/\/www.youtube.com\/embed\/uVHTCN_IMy0?si=6CeCtiUi8J3rU4lO\" width=\"560\" height=\"315\" frameborder=\"0\" allowfullscreen=\"allowfullscreen\" data-mce-fragment=\"1\"><\/iframe><\/div>\n<\/div>\n<\/article>\n","protected":false},"excerpt":{"rendered":"<p>\u201cAz\u0259rbaycan\u0131n \u00f6z \u0259razisind\u0259 qeyri-qanuni silahl\u0131 birl\u0259\u015fm\u0259l\u0259r t\u0259r\u0259find\u0259n \u0259n \u00e7ox silahland\u0131r\u0131lm\u0131\u015f separatiziml\u0259 qar\u015f\u0131-qar\u015f\u0131ya oldu\u011funa d\u00fcnya bir daha \u015fahidlik etdi\u201d. Bu bar\u0259d\u0259 \u201cATV News\u201da a\u00e7\u0131qlamas\u0131nda h\u0259rbi ekspert \u018fdal\u0259t Verdiyev bildirib. Qeyd olunub ki, b\u00f6lg\u0259d\u0259 militarizasiya s\u0259viyy\u0259si b\u0259lk\u0259 d\u0259 d\u00fcnya \u00fczr\u0259 \u0259n y\u00fcks\u0259k h\u0259dd\u0259dir. Ekspert deyib ki, haz\u0131rda h\u0259min silahlar\u0131n y\u0131\u011f\u0131lmas\u0131, q\u0259nim\u0259t olaraq toplanmas\u0131, ard\u0131nca is\u0259 erm\u0259ni yaraql\u0131lar\u0131n\u0131n \u0259razimizd\u0259n \u00e7\u0131xar\u0131lmas\u0131 Az\u0259rbaycan\u0131n prioritetl\u0259ri s\u0131ras\u0131ndad\u0131r. Daha \u0259trafl\u0131 videomaterialda:<\/p>\n","protected":false},"author":2,"featured_media":636961,"comment_status":"closed","ping_status":"closed","sticky":false,"template":"","format":"standard","meta":{"om_disable_all_campaigns":false,"_monsterinsights_skip_tracking":false,"_monsterinsights_sitenote_active":false,"_monsterinsights_sitenote_note":"","_monsterinsights_sitenote_category":0},"categories":[1],"tags":[],"aioseo_notices":[],"gutentor_comment":0,"rttpg_featured_image_url":{"full":["https:\/\/arantv.az\/wp-content\/uploads\/2023\/09\/Screenshot-2023-09-25-003817.jpg",620,413,false],"landscape":["https:\/\/arantv.az\/wp-content\/uploads\/2023\/09\/Screenshot-2023-09-25-003817.jpg",620,413,false],"portraits":["https:\/\/arantv.az\/wp-content\/uploads\/2023\/09\/Screenshot-2023-09-25-003817.jpg",620,413,false],"thumbnail":["https:\/\/arantv.az\/wp-content\/uploads\/2023\/09\/Screenshot-2023-09-25-003817-500x280.jpg",500,280,true],"medium":["https:\/\/arantv.az\/wp-content\/uploads\/2023\/09\/Screenshot-2023-09-25-003817-548x365.jpg",548,365,true],"large":["https:\/\/arantv.az\/wp-content\/uploads\/2023\/09\/Screenshot-2023-09-25-003817.jpg",620,413,false],"1536x1536":["https:\/\/arantv.az\/wp-content\/uploads\/2023\/09\/Screenshot-2023-09-25-003817.jpg",620,413,false],"2048x2048":["https:\/\/arantv.az\/wp-content\/uploads\/2023\/09\/Screenshot-2023-09-25-003817.jpg",620,413,false],"post-thumbnail":["https:\/\/arantv.az\/wp-content\/uploads\/2023\/09\/Screenshot-2023-09-25-003817-240x172.jpg",240,172,true],"advps-thumb-one":["https:\/\/arantv.az\/wp-content\/uploads\/2023\/09\/Screenshot-2023-09-25-003817.jpg",620,413,false]},"rttpg_author":{"display_name":"V\u00fcsal Rafiqo\u011flu","author_link":"https:\/\/arantv.az\/?author=2"},"rttpg_comment":0,"rttpg_category":"<a href=\"https:\/\/arantv.az\/?cat=1\" rel=\"category\">C\u0259miyy\u0259t<\/a>","rttpg_excerpt":"\u201cAz\u0259rbaycan\u0131n \u00f6z \u0259razisind\u0259 qeyri-qanuni silahl\u0131 birl\u0259\u015fm\u0259l\u0259r t\u0259r\u0259find\u0259n \u0259n \u00e7ox silahland\u0131r\u0131lm\u0131\u015f separatiziml\u0259 qar\u015f\u0131-qar\u015f\u0131ya oldu\u011funa d\u00fcnya bir daha \u015fahidlik etdi\u201d. Bu bar\u0259d\u0259 \u201cATV News\u201da a\u00e7\u0131qlamas\u0131nda h\u0259rbi ekspert \u018fdal\u0259t Verdiyev bildirib. Qeyd olunub ki, b\u00f6lg\u0259d\u0259 militarizasiya s\u0259viyy\u0259si b\u0259lk\u0259 d\u0259 d\u00fcnya \u00fczr\u0259 \u0259n y\u00fcks\u0259k h\u0259dd\u0259dir. Ekspert deyib ki, haz\u0131rda h\u0259min silahlar\u0131n y\u0131\u011f\u0131lmas\u0131, q\u0259nim\u0259t olaraq toplanmas\u0131, ard\u0131nca is\u0259 erm\u0259ni yaraql\u0131lar\u0131n\u0131n&hellip;","_links":{"self":[{"href":"https:\/\/arantv.az\/index.php?rest_route=\/wp\/v2\/posts\/636957"}],"collection":[{"href":"https:\/\/arantv.az\/index.php?rest_route=\/wp\/v2\/posts"}],"about":[{"href":"https:\/\/arantv.az\/index.php?rest_route=\/wp\/v2\/types\/post"}],"author":[{"embeddable":true,"href":"https:\/\/arantv.az\/index.php?rest_route=\/wp\/v2\/users\/2"}],"replies":[{"embeddable":true,"href":"https:\/\/arantv.az\/index.php?rest_route=%2Fwp%2Fv2%2Fcomments&post=636957"}],"version-history":[{"count":0,"href":"https:\/\/arantv.az\/index.php?rest_route=\/wp\/v2\/posts\/636957\/revisions"}],"wp:featuredmedia":[{"embeddable":true,"href":"https:\/\/arantv.az\/index.php?rest_route=\/wp\/v2\/media\/636961"}],"wp:attachment":[{"href":"https:\/\/arantv.az\/index.php?rest_route=%2Fwp%2Fv2%2Fmedia&parent=636957"}],"wp:term":[{"taxonomy":"category","embeddable":true,"href":"https:\/\/arantv.az\/index.php?rest_route=%2Fwp%2Fv2%2Fcategories&post=636957"},{"taxonomy":"post_tag","embeddable":true,"href":"https:\/\/arantv.az\/index.php?rest_route=%2Fwp%2Fv2%2Ftags&post=636957"}],"curies":[{"name":"wp","href":"https:\/\/api.w.org\/{rel}","templated":true}]}}