{"id":636960,"date":"2023-09-25T09:01:59","date_gmt":"2023-09-25T05:01:59","guid":{"rendered":"https:\/\/arantv.az\/?p=636960"},"modified":"2023-09-25T09:01:59","modified_gmt":"2023-09-25T05:01:59","slug":"erm%c9%99ni%c9%99silli-xank%c9%99ndi-sakini-sovetl%c9%99r-dovrund%c9%99-az%c9%99rbaycanlilarla-mehriban-qonsu-olmusuq-video","status":"publish","type":"post","link":"https:\/\/arantv.az\/?p=636960","title":{"rendered":"Erm\u0259ni\u0259silli Xank\u0259ndi sakini: \u201cSovetl\u0259r d\u00f6vr\u00fcnd\u0259 az\u0259rbaycanl\u0131larla mehriban qon\u015fu olmu\u015fuq\u201d &#8211; V\u0130DEO"},"content":{"rendered":"<article class=\"news\">\n<div class=\"news-inner\">\n<p>AzTV-nin m\u00fcxbiri \u201cLa\u00e7\u0131n\u201d s\u0259rh\u0259d-burax\u0131l\u0131\u015f m\u0259nt\u0259q\u0259sind\u0259n reportaj haz\u0131rlay\u0131b.<\/p>\n<p>Reportajda s\u0259rh\u0259d-burax\u0131l\u0131\u015f m\u0259nt\u0259q\u0259sind\u0259n ke\u00e7m\u0259kl\u0259 Erm\u0259nistana ged\u0259n erm\u0259ni\u0259silli Xank\u0259ndi sakinl\u0259rinin fikirl\u0259ri d\u0259 yer al\u0131b.<\/p>\n<p>Jurnalistin onlara \u00fcnvanlad\u0131\u011f\u0131 suallar\u0131 cavabland\u0131ran erm\u0259ni\u0259silli v\u0259t\u0259nda\u015flar h\u0259r hans\u0131 mane\u0259nin olmad\u0131\u011f\u0131n\u0131, s\u0259rb\u0259st \u015f\u0259kild\u0259 ke\u00e7idin t\u0259min olundu\u011funu bildiribl\u0259r.<\/p>\n<p>Qeyd edibl\u0259r ki, onlar\u0131 buradan zorla qovan yoxdur, k\u00f6n\u00fcll\u00fc \u015f\u0259kild\u0259, \u00f6z ist\u0259kl\u0259ri il\u0259 Qaraba\u011f \u0259razisini t\u0259rk edirl\u0259r.<\/p>\n<p>Xank\u0259ndinin erm\u0259ni\u0259silli sakinl\u0259ri sovetl\u0259r d\u00f6vr\u00fcnd\u0259 az\u0259rbaycanl\u0131larla birg\u0259 mehriban qon\u015fuluq \u015f\u0259raitind\u0259 ya\u015fad\u0131qlar\u0131n\u0131, vaxtil\u0259 az\u0259rbaycanl\u0131lar aras\u0131nda dostlar\u0131n\u0131n oldu\u011funu vur\u011fulay\u0131blar.<\/p>\n<p>Daha \u0259trafl\u0131 videomaterialda:<\/p>\n<div><iframe loading=\"lazy\" title=\"YouTube video player\" src=\"https:\/\/www.youtube.com\/embed\/Z0EMhcJSQek?si=8MWxefj0Dk2SLpiR\" width=\"560\" height=\"315\" frameborder=\"0\" allowfullscreen=\"allowfullscreen\" data-mce-fragment=\"1\"><\/iframe><\/div>\n<\/div>\n<\/article>\n","protected":false},"excerpt":{"rendered":"<p>AzTV-nin m\u00fcxbiri \u201cLa\u00e7\u0131n\u201d s\u0259rh\u0259d-burax\u0131l\u0131\u015f m\u0259nt\u0259q\u0259sind\u0259n reportaj haz\u0131rlay\u0131b. Reportajda s\u0259rh\u0259d-burax\u0131l\u0131\u015f m\u0259nt\u0259q\u0259sind\u0259n ke\u00e7m\u0259kl\u0259 Erm\u0259nistana ged\u0259n erm\u0259ni\u0259silli Xank\u0259ndi sakinl\u0259rinin fikirl\u0259ri d\u0259 yer al\u0131b. Jurnalistin onlara \u00fcnvanlad\u0131\u011f\u0131 suallar\u0131 cavabland\u0131ran erm\u0259ni\u0259silli v\u0259t\u0259nda\u015flar h\u0259r hans\u0131 mane\u0259nin olmad\u0131\u011f\u0131n\u0131, s\u0259rb\u0259st \u015f\u0259kild\u0259 ke\u00e7idin t\u0259min olundu\u011funu bildiribl\u0259r. Qeyd edibl\u0259r ki, onlar\u0131 buradan zorla qovan yoxdur, k\u00f6n\u00fcll\u00fc \u015f\u0259kild\u0259, \u00f6z ist\u0259kl\u0259ri il\u0259 Qaraba\u011f \u0259razisini t\u0259rk edirl\u0259r. Xank\u0259ndinin erm\u0259ni\u0259silli sakinl\u0259ri sovetl\u0259r d\u00f6vr\u00fcnd\u0259 az\u0259rbaycanl\u0131larla birg\u0259 mehriban qon\u015fuluq \u015f\u0259raitind\u0259 ya\u015fad\u0131qlar\u0131n\u0131, vaxtil\u0259 az\u0259rbaycanl\u0131lar aras\u0131nda dostlar\u0131n\u0131n oldu\u011funu vur\u011fulay\u0131blar. Daha \u0259trafl\u0131 videomaterialda:<\/p>\n","protected":false},"author":2,"featured_media":636964,"comment_status":"closed","ping_status":"closed","sticky":false,"template":"","format":"standard","meta":{"om_disable_all_campaigns":false,"_monsterinsights_skip_tracking":false,"_monsterinsights_sitenote_active":false,"_monsterinsights_sitenote_note":"","_monsterinsights_sitenote_category":0},"categories":[1],"tags":[],"aioseo_notices":[],"gutentor_comment":0,"rttpg_featured_image_url":{"full":["https:\/\/arantv.az\/wp-content\/uploads\/2023\/09\/FotoJet-7-7.jpg",620,413,false],"landscape":["https:\/\/arantv.az\/wp-content\/uploads\/2023\/09\/FotoJet-7-7.jpg",620,413,false],"portraits":["https:\/\/arantv.az\/wp-content\/uploads\/2023\/09\/FotoJet-7-7.jpg",620,413,false],"thumbnail":["https:\/\/arantv.az\/wp-content\/uploads\/2023\/09\/FotoJet-7-7-500x280.jpg",500,280,true],"medium":["https:\/\/arantv.az\/wp-content\/uploads\/2023\/09\/FotoJet-7-7-548x365.jpg",548,365,true],"large":["https:\/\/arantv.az\/wp-content\/uploads\/2023\/09\/FotoJet-7-7.jpg",620,413,false],"1536x1536":["https:\/\/arantv.az\/wp-content\/uploads\/2023\/09\/FotoJet-7-7.jpg",620,413,false],"2048x2048":["https:\/\/arantv.az\/wp-content\/uploads\/2023\/09\/FotoJet-7-7.jpg",620,413,false],"post-thumbnail":["https:\/\/arantv.az\/wp-content\/uploads\/2023\/09\/FotoJet-7-7-240x172.jpg",240,172,true],"advps-thumb-one":["https:\/\/arantv.az\/wp-content\/uploads\/2023\/09\/FotoJet-7-7.jpg",620,413,false]},"rttpg_author":{"display_name":"V\u00fcsal Rafiqo\u011flu","author_link":"https:\/\/arantv.az\/?author=2"},"rttpg_comment":0,"rttpg_category":"<a href=\"https:\/\/arantv.az\/?cat=1\" rel=\"category\">C\u0259miyy\u0259t<\/a>","rttpg_excerpt":"AzTV-nin m\u00fcxbiri \u201cLa\u00e7\u0131n\u201d s\u0259rh\u0259d-burax\u0131l\u0131\u015f m\u0259nt\u0259q\u0259sind\u0259n reportaj haz\u0131rlay\u0131b. Reportajda s\u0259rh\u0259d-burax\u0131l\u0131\u015f m\u0259nt\u0259q\u0259sind\u0259n ke\u00e7m\u0259kl\u0259 Erm\u0259nistana ged\u0259n erm\u0259ni\u0259silli Xank\u0259ndi sakinl\u0259rinin fikirl\u0259ri d\u0259 yer al\u0131b. Jurnalistin onlara \u00fcnvanlad\u0131\u011f\u0131 suallar\u0131 cavabland\u0131ran erm\u0259ni\u0259silli v\u0259t\u0259nda\u015flar h\u0259r hans\u0131 mane\u0259nin olmad\u0131\u011f\u0131n\u0131, s\u0259rb\u0259st \u015f\u0259kild\u0259 ke\u00e7idin t\u0259min olundu\u011funu bildiribl\u0259r. Qeyd edibl\u0259r ki, onlar\u0131 buradan zorla qovan yoxdur, k\u00f6n\u00fcll\u00fc \u015f\u0259kild\u0259, \u00f6z ist\u0259kl\u0259ri il\u0259 Qaraba\u011f \u0259razisini t\u0259rk edirl\u0259r. Xank\u0259ndinin&hellip;","_links":{"self":[{"href":"https:\/\/arantv.az\/index.php?rest_route=\/wp\/v2\/posts\/636960"}],"collection":[{"href":"https:\/\/arantv.az\/index.php?rest_route=\/wp\/v2\/posts"}],"about":[{"href":"https:\/\/arantv.az\/index.php?rest_route=\/wp\/v2\/types\/post"}],"author":[{"embeddable":true,"href":"https:\/\/arantv.az\/index.php?rest_route=\/wp\/v2\/users\/2"}],"replies":[{"embeddable":true,"href":"https:\/\/arantv.az\/index.php?rest_route=%2Fwp%2Fv2%2Fcomments&post=636960"}],"version-history":[{"count":0,"href":"https:\/\/arantv.az\/index.php?rest_route=\/wp\/v2\/posts\/636960\/revisions"}],"wp:featuredmedia":[{"embeddable":true,"href":"https:\/\/arantv.az\/index.php?rest_route=\/wp\/v2\/media\/636964"}],"wp:attachment":[{"href":"https:\/\/arantv.az\/index.php?rest_route=%2Fwp%2Fv2%2Fmedia&parent=636960"}],"wp:term":[{"taxonomy":"category","embeddable":true,"href":"https:\/\/arantv.az\/index.php?rest_route=%2Fwp%2Fv2%2Fcategories&post=636960"},{"taxonomy":"post_tag","embeddable":true,"href":"https:\/\/arantv.az\/index.php?rest_route=%2Fwp%2Fv2%2Ftags&post=636960"}],"curies":[{"name":"wp","href":"https:\/\/api.w.org\/{rel}","templated":true}]}}