{"id":636963,"date":"2023-09-25T09:02:48","date_gmt":"2023-09-25T05:02:48","guid":{"rendered":"https:\/\/arantv.az\/?p=636963"},"modified":"2023-09-25T09:02:48","modified_gmt":"2023-09-25T05:02:48","slug":"ir%c9%99van-az%c9%99rbaycanin-qarabag-bolg%c9%99sini-t%c9%99rk-ed%c9%99n-erm%c9%99nil%c9%99rin-sayini-aciqlayib","status":"publish","type":"post","link":"https:\/\/arantv.az\/?p=636963","title":{"rendered":"\u0130r\u0259van Az\u0259rbaycan\u0131n Qaraba\u011f b\u00f6lg\u0259sini t\u0259rk ed\u0259n erm\u0259nil\u0259rin say\u0131n\u0131 a\u00e7\u0131qlay\u0131b"},"content":{"rendered":"<p>Az\u0259rbaycan\u0131n Qaraba\u011f b\u00f6lg\u0259sind\u0259n Erm\u0259nistan \u0259razisin\u0259 daxil olan erm\u0259nil\u0259rin say\u0131 1050 n\u0259f\u0259r t\u0259\u015fkil edib.<\/p>\n<p>Bu bar\u0259d\u0259 Erm\u0259nistan h\u00f6kum\u0259ti m\u0259lumat yay\u0131b.<\/p>\n<p>Qeyd olunur ki, bu r\u0259q\u0259ml\u0259r saat 22:00-a olan v\u0259ziyy\u0259ti \u0259ks etdirir (Bak\u0131 vaxt\u0131 il\u0259 \u00fcst-\u00fcst\u0259 d\u00fc\u015f\u00fcr).<\/p>\n<p>Bazar g\u00fcn\u00fc s\u0259h\u0259r saatlar\u0131nda Erm\u0259nistan h\u00f6kum\u0259ti Qaraba\u011f\u0131 t\u0259rk ed\u0259n erm\u0259nil\u0259rin 377 n\u0259f\u0259rd\u0259n ibar\u0259t ilk qrupunun Erm\u0259nistana g\u0259ldiyi bar\u0259d\u0259 m\u0259lumat yay\u0131b.<\/p>\n<p>M\u0259nb\u0259: TASS<\/p>\n","protected":false},"excerpt":{"rendered":"<p>Az\u0259rbaycan\u0131n Qaraba\u011f b\u00f6lg\u0259sind\u0259n Erm\u0259nistan \u0259razisin\u0259 daxil olan erm\u0259nil\u0259rin say\u0131 1050 n\u0259f\u0259r t\u0259\u015fkil edib. Bu bar\u0259d\u0259 Erm\u0259nistan h\u00f6kum\u0259ti m\u0259lumat yay\u0131b. Qeyd olunur ki, bu r\u0259q\u0259ml\u0259r saat 22:00-a olan v\u0259ziyy\u0259ti \u0259ks etdirir (Bak\u0131 vaxt\u0131 il\u0259 \u00fcst-\u00fcst\u0259 d\u00fc\u015f\u00fcr). Bazar g\u00fcn\u00fc s\u0259h\u0259r saatlar\u0131nda Erm\u0259nistan h\u00f6kum\u0259ti Qaraba\u011f\u0131 t\u0259rk ed\u0259n erm\u0259nil\u0259rin 377 n\u0259f\u0259rd\u0259n ibar\u0259t ilk qrupunun Erm\u0259nistana g\u0259ldiyi bar\u0259d\u0259 m\u0259lumat yay\u0131b. M\u0259nb\u0259: TASS<\/p>\n","protected":false},"author":2,"featured_media":636967,"comment_status":"closed","ping_status":"closed","sticky":false,"template":"","format":"standard","meta":{"om_disable_all_campaigns":false,"_monsterinsights_skip_tracking":false,"_monsterinsights_sitenote_active":false,"_monsterinsights_sitenote_note":"","_monsterinsights_sitenote_category":0},"categories":[19],"tags":[],"aioseo_notices":[],"gutentor_comment":0,"rttpg_featured_image_url":{"full":["https:\/\/arantv.az\/wp-content\/uploads\/2023\/09\/dgjd.jpg",620,413,false],"landscape":["https:\/\/arantv.az\/wp-content\/uploads\/2023\/09\/dgjd.jpg",620,413,false],"portraits":["https:\/\/arantv.az\/wp-content\/uploads\/2023\/09\/dgjd.jpg",620,413,false],"thumbnail":["https:\/\/arantv.az\/wp-content\/uploads\/2023\/09\/dgjd-500x280.jpg",500,280,true],"medium":["https:\/\/arantv.az\/wp-content\/uploads\/2023\/09\/dgjd-548x365.jpg",548,365,true],"large":["https:\/\/arantv.az\/wp-content\/uploads\/2023\/09\/dgjd.jpg",620,413,false],"1536x1536":["https:\/\/arantv.az\/wp-content\/uploads\/2023\/09\/dgjd.jpg",620,413,false],"2048x2048":["https:\/\/arantv.az\/wp-content\/uploads\/2023\/09\/dgjd.jpg",620,413,false],"post-thumbnail":["https:\/\/arantv.az\/wp-content\/uploads\/2023\/09\/dgjd-240x172.jpg",240,172,true],"advps-thumb-one":["https:\/\/arantv.az\/wp-content\/uploads\/2023\/09\/dgjd.jpg",620,413,false]},"rttpg_author":{"display_name":"V\u00fcsal Rafiqo\u011flu","author_link":"https:\/\/arantv.az\/?author=2"},"rttpg_comment":0,"rttpg_category":"<a href=\"https:\/\/arantv.az\/?cat=19\" rel=\"category\">G\u00fcnd\u0259m<\/a>","rttpg_excerpt":"Az\u0259rbaycan\u0131n Qaraba\u011f b\u00f6lg\u0259sind\u0259n Erm\u0259nistan \u0259razisin\u0259 daxil olan erm\u0259nil\u0259rin say\u0131 1050 n\u0259f\u0259r t\u0259\u015fkil edib. Bu bar\u0259d\u0259 Erm\u0259nistan h\u00f6kum\u0259ti m\u0259lumat yay\u0131b. Qeyd olunur ki, bu r\u0259q\u0259ml\u0259r saat 22:00-a olan v\u0259ziyy\u0259ti \u0259ks etdirir (Bak\u0131 vaxt\u0131 il\u0259 \u00fcst-\u00fcst\u0259 d\u00fc\u015f\u00fcr). Bazar g\u00fcn\u00fc s\u0259h\u0259r saatlar\u0131nda Erm\u0259nistan h\u00f6kum\u0259ti Qaraba\u011f\u0131 t\u0259rk ed\u0259n erm\u0259nil\u0259rin 377 n\u0259f\u0259rd\u0259n ibar\u0259t ilk qrupunun Erm\u0259nistana g\u0259ldiyi bar\u0259d\u0259 m\u0259lumat yay\u0131b.&hellip;","_links":{"self":[{"href":"https:\/\/arantv.az\/index.php?rest_route=\/wp\/v2\/posts\/636963"}],"collection":[{"href":"https:\/\/arantv.az\/index.php?rest_route=\/wp\/v2\/posts"}],"about":[{"href":"https:\/\/arantv.az\/index.php?rest_route=\/wp\/v2\/types\/post"}],"author":[{"embeddable":true,"href":"https:\/\/arantv.az\/index.php?rest_route=\/wp\/v2\/users\/2"}],"replies":[{"embeddable":true,"href":"https:\/\/arantv.az\/index.php?rest_route=%2Fwp%2Fv2%2Fcomments&post=636963"}],"version-history":[{"count":0,"href":"https:\/\/arantv.az\/index.php?rest_route=\/wp\/v2\/posts\/636963\/revisions"}],"wp:featuredmedia":[{"embeddable":true,"href":"https:\/\/arantv.az\/index.php?rest_route=\/wp\/v2\/media\/636967"}],"wp:attachment":[{"href":"https:\/\/arantv.az\/index.php?rest_route=%2Fwp%2Fv2%2Fmedia&parent=636963"}],"wp:term":[{"taxonomy":"category","embeddable":true,"href":"https:\/\/arantv.az\/index.php?rest_route=%2Fwp%2Fv2%2Fcategories&post=636963"},{"taxonomy":"post_tag","embeddable":true,"href":"https:\/\/arantv.az\/index.php?rest_route=%2Fwp%2Fv2%2Ftags&post=636963"}],"curies":[{"name":"wp","href":"https:\/\/api.w.org\/{rel}","templated":true}]}}