{"id":636972,"date":"2023-09-25T09:05:53","date_gmt":"2023-09-25T05:05:53","guid":{"rendered":"https:\/\/arantv.az\/?p=636972"},"modified":"2023-09-25T09:05:53","modified_gmt":"2023-09-25T05:05:53","slug":"%c9%99sg%c9%99rimiz-xocaliya-az%c9%99rbaycan-bayragini-sancdi-video","status":"publish","type":"post","link":"https:\/\/arantv.az\/?p=636972","title":{"rendered":"\u018fsg\u0259rimiz Xocal\u0131ya Az\u0259rbaycan Bayra\u011f\u0131n\u0131 sancd\u0131 &#8211; V\u0130DEO"},"content":{"rendered":"<p>Ordumuzun \u0259sg\u0259rl\u0259ri Xocal\u0131da Az\u0259rbaycan Bayra\u011f\u0131n\u0131 dal\u011faland\u0131r\u0131blar.<\/p>\n<p>Bununla ba\u011fl\u0131 sosial \u015f\u0259b\u0259k\u0259d\u0259 video yay\u0131l\u0131b.<\/p>\n<p>G\u00f6r\u00fcnt\u00fcl\u0259rd\u0259n ayd\u0131n olur ki, Silahl\u0131 Q\u00fcvv\u0259l\u0259rimizin \u0259sg\u0259ri Xocal\u0131da d\u00fc\u015fm\u0259nd\u0259n azad olunmu\u015f d\u00f6y\u00fc\u015f postuna Az\u0259rbaycan bayra\u011f\u0131n\u0131 sanc\u0131r v\u0259 \u201cQaraba\u011f Az\u0259rbaycand\u0131r!\u201d \u015f\u00fcar\u0131 s\u0259sl\u0259ndirir.<\/p>\n<p>\u018ftrafl\u0131 videoda:<\/p>\n<div><iframe id=\"instagram-embed-0\" class=\"instagram-media instagram-media-rendered\" src=\"https:\/\/www.instagram.com\/reel\/CxlmiFfMES6\/embed\/captioned\/?cr=1&amp;v=14&amp;wp=432&amp;rd=https%3A%2F%2Foxu.az&amp;rp=%2Fsociety%2F781468#%7B%22ci%22%3A0%2C%22os%22%3A1535%2C%22ls%22%3A386%2C%22le%22%3A1171%7D\" height=\"836\" frameborder=\"0\" scrolling=\"no\" allowfullscreen=\"allowfullscreen\" data-instgrm-payload-id=\"instagram-media-payload-0\" data-mce-fragment=\"1\"><\/iframe><\/div>\n<p>&nbsp;<\/p>\n","protected":false},"excerpt":{"rendered":"<p>Ordumuzun \u0259sg\u0259rl\u0259ri Xocal\u0131da Az\u0259rbaycan Bayra\u011f\u0131n\u0131 dal\u011faland\u0131r\u0131blar. Bununla ba\u011fl\u0131 sosial \u015f\u0259b\u0259k\u0259d\u0259 video yay\u0131l\u0131b. G\u00f6r\u00fcnt\u00fcl\u0259rd\u0259n ayd\u0131n olur ki, Silahl\u0131 Q\u00fcvv\u0259l\u0259rimizin \u0259sg\u0259ri Xocal\u0131da d\u00fc\u015fm\u0259nd\u0259n azad olunmu\u015f d\u00f6y\u00fc\u015f postuna Az\u0259rbaycan bayra\u011f\u0131n\u0131 sanc\u0131r v\u0259 \u201cQaraba\u011f Az\u0259rbaycand\u0131r!\u201d \u015f\u00fcar\u0131 s\u0259sl\u0259ndirir. \u018ftrafl\u0131 videoda: &nbsp;<\/p>\n","protected":false},"author":2,"featured_media":636976,"comment_status":"closed","ping_status":"closed","sticky":false,"template":"","format":"standard","meta":{"om_disable_all_campaigns":false,"_monsterinsights_skip_tracking":false,"_monsterinsights_sitenote_active":false,"_monsterinsights_sitenote_note":"","_monsterinsights_sitenote_category":0},"categories":[19],"tags":[],"aioseo_notices":[],"gutentor_comment":0,"rttpg_featured_image_url":{"full":["https:\/\/arantv.az\/wp-content\/uploads\/2023\/09\/Fotoram.io-1.jpg",620,413,false],"landscape":["https:\/\/arantv.az\/wp-content\/uploads\/2023\/09\/Fotoram.io-1.jpg",620,413,false],"portraits":["https:\/\/arantv.az\/wp-content\/uploads\/2023\/09\/Fotoram.io-1.jpg",620,413,false],"thumbnail":["https:\/\/arantv.az\/wp-content\/uploads\/2023\/09\/Fotoram.io-1-500x280.jpg",500,280,true],"medium":["https:\/\/arantv.az\/wp-content\/uploads\/2023\/09\/Fotoram.io-1-548x365.jpg",548,365,true],"large":["https:\/\/arantv.az\/wp-content\/uploads\/2023\/09\/Fotoram.io-1.jpg",620,413,false],"1536x1536":["https:\/\/arantv.az\/wp-content\/uploads\/2023\/09\/Fotoram.io-1.jpg",620,413,false],"2048x2048":["https:\/\/arantv.az\/wp-content\/uploads\/2023\/09\/Fotoram.io-1.jpg",620,413,false],"post-thumbnail":["https:\/\/arantv.az\/wp-content\/uploads\/2023\/09\/Fotoram.io-1-240x172.jpg",240,172,true],"advps-thumb-one":["https:\/\/arantv.az\/wp-content\/uploads\/2023\/09\/Fotoram.io-1.jpg",620,413,false]},"rttpg_author":{"display_name":"V\u00fcsal Rafiqo\u011flu","author_link":"https:\/\/arantv.az\/?author=2"},"rttpg_comment":0,"rttpg_category":"<a href=\"https:\/\/arantv.az\/?cat=19\" rel=\"category\">G\u00fcnd\u0259m<\/a>","rttpg_excerpt":"Ordumuzun \u0259sg\u0259rl\u0259ri Xocal\u0131da Az\u0259rbaycan Bayra\u011f\u0131n\u0131 dal\u011faland\u0131r\u0131blar. Bununla ba\u011fl\u0131 sosial \u015f\u0259b\u0259k\u0259d\u0259 video yay\u0131l\u0131b. G\u00f6r\u00fcnt\u00fcl\u0259rd\u0259n ayd\u0131n olur ki, Silahl\u0131 Q\u00fcvv\u0259l\u0259rimizin \u0259sg\u0259ri Xocal\u0131da d\u00fc\u015fm\u0259nd\u0259n azad olunmu\u015f d\u00f6y\u00fc\u015f postuna Az\u0259rbaycan bayra\u011f\u0131n\u0131 sanc\u0131r v\u0259 \u201cQaraba\u011f Az\u0259rbaycand\u0131r!\u201d \u015f\u00fcar\u0131 s\u0259sl\u0259ndirir. \u018ftrafl\u0131 videoda: &nbsp;","_links":{"self":[{"href":"https:\/\/arantv.az\/index.php?rest_route=\/wp\/v2\/posts\/636972"}],"collection":[{"href":"https:\/\/arantv.az\/index.php?rest_route=\/wp\/v2\/posts"}],"about":[{"href":"https:\/\/arantv.az\/index.php?rest_route=\/wp\/v2\/types\/post"}],"author":[{"embeddable":true,"href":"https:\/\/arantv.az\/index.php?rest_route=\/wp\/v2\/users\/2"}],"replies":[{"embeddable":true,"href":"https:\/\/arantv.az\/index.php?rest_route=%2Fwp%2Fv2%2Fcomments&post=636972"}],"version-history":[{"count":0,"href":"https:\/\/arantv.az\/index.php?rest_route=\/wp\/v2\/posts\/636972\/revisions"}],"wp:featuredmedia":[{"embeddable":true,"href":"https:\/\/arantv.az\/index.php?rest_route=\/wp\/v2\/media\/636976"}],"wp:attachment":[{"href":"https:\/\/arantv.az\/index.php?rest_route=%2Fwp%2Fv2%2Fmedia&parent=636972"}],"wp:term":[{"taxonomy":"category","embeddable":true,"href":"https:\/\/arantv.az\/index.php?rest_route=%2Fwp%2Fv2%2Fcategories&post=636972"},{"taxonomy":"post_tag","embeddable":true,"href":"https:\/\/arantv.az\/index.php?rest_route=%2Fwp%2Fv2%2Ftags&post=636972"}],"curies":[{"name":"wp","href":"https:\/\/api.w.org\/{rel}","templated":true}]}}