{"id":636979,"date":"2023-09-25T09:07:35","date_gmt":"2023-09-25T05:07:35","guid":{"rendered":"https:\/\/arantv.az\/?p=636979"},"modified":"2023-09-25T09:07:35","modified_gmt":"2023-09-25T05:07:35","slug":"xank%c9%99ndi-s%c9%99h%c9%99rinin-az%c9%99rbaycan-enerji-sistemin%c9%99-qosulmasi-t%c9%99min-edilib-video","status":"publish","type":"post","link":"https:\/\/arantv.az\/?p=636979","title":{"rendered":"Xank\u0259ndi \u015f\u0259h\u0259rinin Az\u0259rbaycan enerji sistemin\u0259 qo\u015fulmas\u0131 t\u0259min edilib &#8211; V\u0130DEO"},"content":{"rendered":"<article class=\"news\">\n<div class=\"news-inner\">\n<p>2023-c\u00fc il sentyabr\u0131n 21-d\u0259 Yevlax \u015f\u0259h\u0259rind\u0259 Az\u0259rbaycan Respublikas\u0131n\u0131n Qaraba\u011f b\u00f6lg\u0259sind\u0259 ya\u015fayan erm\u0259ni sakinl\u0259rin n\u00fcmay\u0259nd\u0259l\u0259ri il\u0259 ke\u00e7irilmi\u015f g\u00f6r\u00fc\u015fd\u0259 m\u00fczakir\u0259 edil\u0259n m\u0259s\u0259l\u0259l\u0259rin h\u0259lli istiqam\u0259tind\u0259 t\u0259xir\u0259sal\u0131nmaz i\u015fl\u0259r davam etdirilir.<\/p>\n<p>Bu bar\u0259d\u0259 Prezident Administrasiyas\u0131 m\u0259lumat yay\u0131b.<\/p>\n<p>N\u00f6vb\u0259ti add\u0131m olaraq, Xank\u0259ndi \u015f\u0259h\u0259rinin Erm\u0259nistan\u0131n enerji sistemind\u0259n ayr\u0131laraq Az\u0259rbaycan enerji sistemin\u0259 qo\u015fulmas\u0131 t\u0259min edilib.<\/p>\n<p>Qeyd ed\u0259k ki, h\u0259l\u0259 2021-ci ild\u0259 \u201cAz\u0259renerji\u201d t\u0259r\u0259find\u0259n tikil\u0259n v\u0259 Az\u0259rbaycan Respublikas\u0131n\u0131n Prezidenti c\u0259nab\u00a0<strong>\u0130lham \u018fliyevin<\/strong>\u00a0i\u015ftirak\u0131 il\u0259 istifad\u0259y\u0259 veril\u0259n \u201c\u015eu\u015fa\u201d yar\u0131mstansiyas\u0131nda Xank\u0259ndi \u00fc\u00e7\u00fcn ehtiyat yuvalar qura\u015fd\u0131r\u0131lm\u0131\u015fd\u0131.<\/p>\n<p>2023-c\u00fc il sentyabr\u0131n 19-dan etibar\u0259n \u201cAz\u0259renerji\u201d t\u0259r\u0259find\u0259n \u201c\u015eu\u015fa\u201d yar\u0131mstansiyas\u0131 yax\u0131nl\u0131\u011f\u0131nda \u0259lav\u0259 110 kV-luq y\u00fcks\u0259k g\u0259rginlikli dayaqlar\u0131n qura\u015fd\u0131r\u0131lmas\u0131na v\u0259 Xank\u0259ndi x\u0259tti il\u0259 \u0259laq\u0259l\u0259ndirilm\u0259si i\u015fin\u0259 ba\u015flan\u0131l\u0131b. Apar\u0131lan i\u015fl\u0259r n\u0259tic\u0259sind\u0259 art\u0131q proses yekunla\u015f\u0131b. Paralel olaraq \u201cAz\u0259renerji\u201d v\u0259 \u201cAz\u0259ri\u015f\u0131q\u201d \u0259m\u0259kda\u015flar\u0131 \u00f6t\u00fcr\u00fcc\u00fc v\u0259 paylay\u0131c\u0131 \u015f\u0259b\u0259k\u0259ni, m\u00fchafiz\u0259 sisteml\u0259rini t\u0259fti\u015f etdikd\u0259n sonra x\u0259tt\u0259 g\u0259rginlik verilib.\u00a0Art\u0131q Xank\u0259ndid\u0259 Az\u0259rbaycan i\u015f\u0131\u011f\u0131 yan\u0131r.<\/p>\n<div><iframe loading=\"lazy\" title=\"YouTube video player\" src=\"https:\/\/www.youtube.com\/embed\/eKZiyNVj9as?si=6mYXz2SfVYPNNUKl\" width=\"560\" height=\"315\" frameborder=\"0\" allowfullscreen=\"allowfullscreen\" data-mce-fragment=\"1\"><\/iframe><\/div>\n<\/div>\n<\/article>\n","protected":false},"excerpt":{"rendered":"<p>2023-c\u00fc il sentyabr\u0131n 21-d\u0259 Yevlax \u015f\u0259h\u0259rind\u0259 Az\u0259rbaycan Respublikas\u0131n\u0131n Qaraba\u011f b\u00f6lg\u0259sind\u0259 ya\u015fayan erm\u0259ni sakinl\u0259rin n\u00fcmay\u0259nd\u0259l\u0259ri il\u0259 ke\u00e7irilmi\u015f g\u00f6r\u00fc\u015fd\u0259 m\u00fczakir\u0259 edil\u0259n m\u0259s\u0259l\u0259l\u0259rin h\u0259lli istiqam\u0259tind\u0259 t\u0259xir\u0259sal\u0131nmaz i\u015fl\u0259r davam etdirilir. Bu bar\u0259d\u0259 Prezident Administrasiyas\u0131 m\u0259lumat yay\u0131b. N\u00f6vb\u0259ti add\u0131m olaraq, Xank\u0259ndi \u015f\u0259h\u0259rinin Erm\u0259nistan\u0131n enerji sistemind\u0259n ayr\u0131laraq Az\u0259rbaycan enerji sistemin\u0259 qo\u015fulmas\u0131 t\u0259min edilib. Qeyd ed\u0259k ki, h\u0259l\u0259 2021-ci ild\u0259 \u201cAz\u0259renerji\u201d t\u0259r\u0259find\u0259n tikil\u0259n v\u0259 Az\u0259rbaycan Respublikas\u0131n\u0131n Prezidenti c\u0259nab\u00a0\u0130lham \u018fliyevin\u00a0i\u015ftirak\u0131 il\u0259 istifad\u0259y\u0259 veril\u0259n \u201c\u015eu\u015fa\u201d yar\u0131mstansiyas\u0131nda Xank\u0259ndi \u00fc\u00e7\u00fcn ehtiyat yuvalar qura\u015fd\u0131r\u0131lm\u0131\u015fd\u0131. 2023-c\u00fc il sentyabr\u0131n 19-dan etibar\u0259n \u201cAz\u0259renerji\u201d t\u0259r\u0259find\u0259n \u201c\u015eu\u015fa\u201d yar\u0131mstansiyas\u0131 yax\u0131nl\u0131\u011f\u0131nda \u0259lav\u0259 110 kV-luq y\u00fcks\u0259k g\u0259rginlikli dayaqlar\u0131n qura\u015fd\u0131r\u0131lmas\u0131na v\u0259&hellip;<\/p>\n","protected":false},"author":2,"featured_media":636982,"comment_status":"closed","ping_status":"closed","sticky":false,"template":"","format":"standard","meta":{"om_disable_all_campaigns":false,"_monsterinsights_skip_tracking":false,"_monsterinsights_sitenote_active":false,"_monsterinsights_sitenote_note":"","_monsterinsights_sitenote_category":0},"categories":[4],"tags":[],"aioseo_notices":[],"gutentor_comment":0,"rttpg_featured_image_url":{"full":["https:\/\/arantv.az\/wp-content\/uploads\/2023\/09\/ggggg.jpg",620,413,false],"landscape":["https:\/\/arantv.az\/wp-content\/uploads\/2023\/09\/ggggg.jpg",620,413,false],"portraits":["https:\/\/arantv.az\/wp-content\/uploads\/2023\/09\/ggggg.jpg",620,413,false],"thumbnail":["https:\/\/arantv.az\/wp-content\/uploads\/2023\/09\/ggggg-500x280.jpg",500,280,true],"medium":["https:\/\/arantv.az\/wp-content\/uploads\/2023\/09\/ggggg-548x365.jpg",548,365,true],"large":["https:\/\/arantv.az\/wp-content\/uploads\/2023\/09\/ggggg.jpg",620,413,false],"1536x1536":["https:\/\/arantv.az\/wp-content\/uploads\/2023\/09\/ggggg.jpg",620,413,false],"2048x2048":["https:\/\/arantv.az\/wp-content\/uploads\/2023\/09\/ggggg.jpg",620,413,false],"post-thumbnail":["https:\/\/arantv.az\/wp-content\/uploads\/2023\/09\/ggggg-240x172.jpg",240,172,true],"advps-thumb-one":["https:\/\/arantv.az\/wp-content\/uploads\/2023\/09\/ggggg.jpg",620,413,false]},"rttpg_author":{"display_name":"V\u00fcsal Rafiqo\u011flu","author_link":"https:\/\/arantv.az\/?author=2"},"rttpg_comment":0,"rttpg_category":"<a href=\"https:\/\/arantv.az\/?cat=4\" rel=\"category\">Siyas\u0259t<\/a>","rttpg_excerpt":"2023-c\u00fc il sentyabr\u0131n 21-d\u0259 Yevlax \u015f\u0259h\u0259rind\u0259 Az\u0259rbaycan Respublikas\u0131n\u0131n Qaraba\u011f b\u00f6lg\u0259sind\u0259 ya\u015fayan erm\u0259ni sakinl\u0259rin n\u00fcmay\u0259nd\u0259l\u0259ri il\u0259 ke\u00e7irilmi\u015f g\u00f6r\u00fc\u015fd\u0259 m\u00fczakir\u0259 edil\u0259n m\u0259s\u0259l\u0259l\u0259rin h\u0259lli istiqam\u0259tind\u0259 t\u0259xir\u0259sal\u0131nmaz i\u015fl\u0259r davam etdirilir. Bu bar\u0259d\u0259 Prezident Administrasiyas\u0131 m\u0259lumat yay\u0131b. N\u00f6vb\u0259ti add\u0131m olaraq, Xank\u0259ndi \u015f\u0259h\u0259rinin Erm\u0259nistan\u0131n enerji sistemind\u0259n ayr\u0131laraq Az\u0259rbaycan enerji sistemin\u0259 qo\u015fulmas\u0131 t\u0259min edilib. Qeyd ed\u0259k ki, h\u0259l\u0259 2021-ci ild\u0259 \u201cAz\u0259renerji\u201d t\u0259r\u0259find\u0259n&hellip;","_links":{"self":[{"href":"https:\/\/arantv.az\/index.php?rest_route=\/wp\/v2\/posts\/636979"}],"collection":[{"href":"https:\/\/arantv.az\/index.php?rest_route=\/wp\/v2\/posts"}],"about":[{"href":"https:\/\/arantv.az\/index.php?rest_route=\/wp\/v2\/types\/post"}],"author":[{"embeddable":true,"href":"https:\/\/arantv.az\/index.php?rest_route=\/wp\/v2\/users\/2"}],"replies":[{"embeddable":true,"href":"https:\/\/arantv.az\/index.php?rest_route=%2Fwp%2Fv2%2Fcomments&post=636979"}],"version-history":[{"count":0,"href":"https:\/\/arantv.az\/index.php?rest_route=\/wp\/v2\/posts\/636979\/revisions"}],"wp:featuredmedia":[{"embeddable":true,"href":"https:\/\/arantv.az\/index.php?rest_route=\/wp\/v2\/media\/636982"}],"wp:attachment":[{"href":"https:\/\/arantv.az\/index.php?rest_route=%2Fwp%2Fv2%2Fmedia&parent=636979"}],"wp:term":[{"taxonomy":"category","embeddable":true,"href":"https:\/\/arantv.az\/index.php?rest_route=%2Fwp%2Fv2%2Fcategories&post=636979"},{"taxonomy":"post_tag","embeddable":true,"href":"https:\/\/arantv.az\/index.php?rest_route=%2Fwp%2Fv2%2Ftags&post=636979"}],"curies":[{"name":"wp","href":"https:\/\/api.w.org\/{rel}","templated":true}]}}